{"id":26573,"date":"2024-01-08T13:46:37","date_gmt":"2024-01-08T16:46:37","guid":{"rendered":"http:\/\/www.polisrecreio.com.br\/site\/?p=26573"},"modified":"2024-01-08T13:46:37","modified_gmt":"2024-01-08T16:46:37","slug":"brasil-pode-ter-ate-5-milhoes-de-casos-de-dengue-em-2024-afirma-ministerio-da-saude","status":"publish","type":"post","link":"https:\/\/www.polisrecreio.com.br\/site\/2024\/01\/08\/brasil-pode-ter-ate-5-milhoes-de-casos-de-dengue-em-2024-afirma-ministerio-da-saude\/","title":{"rendered":"Brasil pode ter at\u00e9 5 milh\u00f5es de casos de dengue em 2024, afirma Minist\u00e9rio da Sa\u00fade"},"content":{"rendered":"<p style=\"text-align: justify;\">O n\u00famero de casos de dengue no Brasil pode chegar a 5 milh\u00f5es, em 2024, segundo estimativa do Minist\u00e9rio da Sa\u00fade. De acordo com Ethel Maciel, secretaria de Vigil\u00e2ncia em Sa\u00fade, em coletiva de imprensa realizada em dezembro, a proje\u00e7\u00e3o do n\u00famero de casos da doen\u00e7a este ano no pa\u00eds varia de 1,7 milh\u00e3o at\u00e9 5 milh\u00f5es, com uma m\u00e9dia de 3 milh\u00f5es. As previs\u00f5es foram feitas em uma parceria entre a pasta e o InfoDengue, da Fiocruz.<\/p>\n<p><!--more--><\/p>\n<figure id=\"attachment_26574\" aria-describedby=\"caption-attachment-26574\" style=\"width: 750px\" class=\"wp-caption aligncenter\"><a href=\"http:\/\/www.polisrecreio.com.br\/site\/wp-content\/uploads\/2024\/01\/acustico.jpg\"><img loading=\"lazy\" class=\"wp-image-26574 size-full\" src=\"http:\/\/www.polisrecreio.com.br\/site\/wp-content\/uploads\/2024\/01\/acustico.jpg\" alt=\"\" width=\"750\" height=\"500\" srcset=\"https:\/\/www.polisrecreio.com.br\/site\/wp-content\/uploads\/2024\/01\/acustico.jpg 750w, https:\/\/www.polisrecreio.com.br\/site\/wp-content\/uploads\/2024\/01\/acustico-300x200.jpg 300w\" sizes=\"(max-width: 750px) 100vw, 750px\" \/><\/a><figcaption id=\"caption-attachment-26574\" class=\"wp-caption-text\">Imagem ilustrativa: Foto: Canva.<\/figcaption><\/figure>\n<p style=\"text-align: justify;\">A proje\u00e7\u00e3o do aumento de casos se deve a uma combina\u00e7\u00e3o de fatores, em especial calor e chuva intensos, e ao ressurgimento recente dos sorotipos 3 e 4 do v\u00edrus no Brasil. Atualmente, os quatro sorotipos da doen\u00e7a (1, 2, 3 e 4) circulam no pa\u00eds, em uma situa\u00e7\u00e3o considerada &#8220;incomum&#8221;, segundo Maciel.<\/p>\n<p style=\"text-align: justify;\">De acordo com o Minist\u00e9rio da Sa\u00fade, o Centro-Oeste deve encarar um cen\u00e1rio epid\u00eamico. Tamb\u00e9m h\u00e1 risco de epidemia no Sudeste, em especial Minas Gerais e Esp\u00edrito Santo. No Sul, o principal estado de risco \u00e9 o Paran\u00e1. J\u00e1 no Nordeste, a expectativa \u00e9 que o cen\u00e1rio n\u00e3o chegue a um n\u00edvel epid\u00eamico, apesar do aumento dos casos.<\/p>\n<p style=\"text-align: justify;\">Em 2023, o Brasil bateu o recorde de ano com mais mortes causadas pela dengue. De acordo com o painel de monitoramento das arboviroses, mantido pelo Minist\u00e9rio da Sa\u00fade, s\u00e3o 1.079 \u00f3bitos confirmados at\u00e9 o \u00faltimo dia 27, al\u00e9m de outros 211 que est\u00e3o em investiga\u00e7\u00e3o.<\/p>\n<p style=\"text-align: justify;\">Em rela\u00e7\u00e3o aos casos, foram 1.641.278 diagn\u00f3sticos prov\u00e1veis da infec\u00e7\u00e3o pelo v\u00edrus at\u00e9 o fim de dezembro, 52.160 com evolu\u00e7\u00e3o para hospitaliza\u00e7\u00e3o. O n\u00famero \u00e9 17,8% mais alto que o total registrado no ano anterior \u2013 1.393.684. Por\u00e9m, permanece abaixo de 2015, quando o Brasil atingiu o recorde de 1.688.688 casos de dengue.<\/p>\n<p style=\"text-align: justify;\">Um levantamento divulgado pela Organiza\u00e7\u00e3o Mundial da Sa\u00fade (OMS) no fim do ano passado apontou que o Brasil lidera o n\u00famero de casos de dengue no mundo, com 2,9 dos 5 milh\u00f5es de casos registrados em 2023.<\/p>\n<p style=\"text-align: justify;\">A dengue \u00e9 uma doen\u00e7a c\u00edclica, que provoca um n\u00famero maior de casos geralmente de tr\u00eas em tr\u00eas anos. No entanto, na \u00faltima d\u00e9cada os diagn\u00f3sticos e desfechos mais graves da doen\u00e7a t\u00eam alcan\u00e7ado patamares mais elevados.<\/p>\n<p style=\"text-align: justify;\">A ministra da Sa\u00fade, N\u00edsia Trindade, alertou, em coletiva de imprensa realizada em dezembro, que cerca de 74% das larvas do mosquito s\u00e3o encontradas pr\u00f3ximas \u00e0s resid\u00eancias e no entorno das casas. Portanto, \u00e9 necess\u00e1rio receber os agentes que combatem os criadouros do mosquito e tamb\u00e9m tomar medidas de preven\u00e7\u00e3o, como manter os reservat\u00f3rios e qualquer local que possa acumular \u00e1gua totalmente cobertos com telas, capas ou tampas. Usar repelente, roupas compridas e instalar telas mosquiteiros em casa tamb\u00e9m ajudam a prevenir a doen\u00e7a.<\/p>\n<p><a href=\"https:\/\/oglobo.globo.com\/saude\/noticia\/2024\/01\/08\/dengue-brasil-pode-ter-ate-5-milhoes-de-casos-da-doenca-em-2024-afirma-ministerio-da-saude.ghtml\" target=\"_blank\" rel=\"noopener noreferrer\"><em>Com informa\u00e7\u00f5es: Jornal O Globo.<\/em><\/a><\/p>\n","protected":false},"excerpt":{"rendered":"<p>O n\u00famero de casos de dengue no Brasil pode chegar a 5 milh\u00f5es, em 2024, segundo estimativa do Minist\u00e9rio da Sa\u00fade. De acordo com Ethel Maciel, secretaria de Vigil\u00e2ncia em Sa\u00fade, em coletiva de imprensa realizada em dezembro, a proje\u00e7\u00e3o do n\u00famero de casos da doen\u00e7a este ano no pa\u00eds varia de 1,7 milh\u00e3o at\u00e9 [&hellip;]<\/p>\n","protected":false},"author":3,"featured_media":0,"comment_status":"open","ping_status":"open","sticky":false,"template":"","format":"standard","meta":[],"categories":[7],"tags":[],"yoast_head":"<!-- This site is optimized with the Yoast SEO plugin v15.6.2 - https:\/\/yoast.com\/wordpress\/plugins\/seo\/ -->\n<meta name=\"robots\" content=\"index, follow, max-snippet:-1, max-image-preview:large, max-video-preview:-1\" \/>\n<link rel=\"canonical\" href=\"http:\/\/www.polisrecreio.com.br\/site\/2024\/01\/08\/brasil-pode-ter-ate-5-milhoes-de-casos-de-dengue-em-2024-afirma-ministerio-da-saude\/\" \/>\n<meta property=\"og:locale\" content=\"pt_BR\" \/>\n<meta property=\"og:type\" content=\"article\" \/>\n<meta property=\"og:title\" content=\"Brasil pode ter at\u00e9 5 milh\u00f5es de casos de dengue em 2024, afirma Minist\u00e9rio da Sa\u00fade - P\u00f3lis Recreio\" \/>\n<meta property=\"og:description\" content=\"O n\u00famero de casos de dengue no Brasil pode chegar a 5 milh\u00f5es, em 2024, segundo estimativa do Minist\u00e9rio da Sa\u00fade. De acordo com Ethel Maciel, secretaria de Vigil\u00e2ncia em Sa\u00fade, em coletiva de imprensa realizada em dezembro, a proje\u00e7\u00e3o do n\u00famero de casos da doen\u00e7a este ano no pa\u00eds varia de 1,7 milh\u00e3o at\u00e9 [&hellip;]\" \/>\n<meta property=\"og:url\" content=\"http:\/\/www.polisrecreio.com.br\/site\/2024\/01\/08\/brasil-pode-ter-ate-5-milhoes-de-casos-de-dengue-em-2024-afirma-ministerio-da-saude\/\" \/>\n<meta property=\"og:site_name\" content=\"P\u00f3lis Recreio\" \/>\n<meta property=\"article:publisher\" content=\"https:\/\/www.facebook.com\/Site-P%c3%b3lis-Recreio-MG-181941708571019\/\" \/>\n<meta property=\"article:published_time\" content=\"2024-01-08T16:46:37+00:00\" \/>\n<meta property=\"og:image\" content=\"http:\/\/www.polisrecreio.com.br\/site\/wp-content\/uploads\/2024\/01\/acustico.jpg\" \/>\n<meta name=\"twitter:card\" content=\"summary_large_image\" \/>\n<meta name=\"twitter:creator\" content=\"@PolisRecreio\" \/>\n<meta name=\"twitter:site\" content=\"@PolisRecreio\" \/>\n<meta name=\"twitter:label1\" content=\"Est. reading time\">\n\t<meta name=\"twitter:data1\" content=\"3 minutos\">\n<script type=\"application\/ld+json\" class=\"yoast-schema-graph\">{\"@context\":\"https:\/\/schema.org\",\"@graph\":[{\"@type\":\"WebSite\",\"@id\":\"https:\/\/www.polisrecreio.com.br\/site\/#website\",\"url\":\"https:\/\/www.polisrecreio.com.br\/site\/\",\"name\":\"P\\u00f3lis Recreio\",\"description\":\"\",\"potentialAction\":[{\"@type\":\"SearchAction\",\"target\":\"https:\/\/www.polisrecreio.com.br\/site\/?s={search_term_string}\",\"query-input\":\"required name=search_term_string\"}],\"inLanguage\":\"pt-BR\"},{\"@type\":\"ImageObject\",\"@id\":\"http:\/\/www.polisrecreio.com.br\/site\/2024\/01\/08\/brasil-pode-ter-ate-5-milhoes-de-casos-de-dengue-em-2024-afirma-ministerio-da-saude\/#primaryimage\",\"inLanguage\":\"pt-BR\",\"url\":\"http:\/\/www.polisrecreio.com.br\/site\/wp-content\/uploads\/2024\/01\/acustico.jpg\"},{\"@type\":\"WebPage\",\"@id\":\"http:\/\/www.polisrecreio.com.br\/site\/2024\/01\/08\/brasil-pode-ter-ate-5-milhoes-de-casos-de-dengue-em-2024-afirma-ministerio-da-saude\/#webpage\",\"url\":\"http:\/\/www.polisrecreio.com.br\/site\/2024\/01\/08\/brasil-pode-ter-ate-5-milhoes-de-casos-de-dengue-em-2024-afirma-ministerio-da-saude\/\",\"name\":\"Brasil pode ter at\\u00e9 5 milh\\u00f5es de casos de dengue em 2024, afirma Minist\\u00e9rio da Sa\\u00fade - P\\u00f3lis Recreio\",\"isPartOf\":{\"@id\":\"https:\/\/www.polisrecreio.com.br\/site\/#website\"},\"primaryImageOfPage\":{\"@id\":\"http:\/\/www.polisrecreio.com.br\/site\/2024\/01\/08\/brasil-pode-ter-ate-5-milhoes-de-casos-de-dengue-em-2024-afirma-ministerio-da-saude\/#primaryimage\"},\"datePublished\":\"2024-01-08T16:46:37+00:00\",\"dateModified\":\"2024-01-08T16:46:37+00:00\",\"author\":{\"@id\":\"https:\/\/www.polisrecreio.com.br\/site\/#\/schema\/person\/3363c1c78e1e28e1329d97adb387638e\"},\"inLanguage\":\"pt-BR\",\"potentialAction\":[{\"@type\":\"ReadAction\",\"target\":[\"http:\/\/www.polisrecreio.com.br\/site\/2024\/01\/08\/brasil-pode-ter-ate-5-milhoes-de-casos-de-dengue-em-2024-afirma-ministerio-da-saude\/\"]}]},{\"@type\":\"Person\",\"@id\":\"https:\/\/www.polisrecreio.com.br\/site\/#\/schema\/person\/3363c1c78e1e28e1329d97adb387638e\",\"name\":\"Leonardo Ribeiro\",\"image\":{\"@type\":\"ImageObject\",\"@id\":\"https:\/\/www.polisrecreio.com.br\/site\/#personlogo\",\"inLanguage\":\"pt-BR\",\"url\":\"https:\/\/secure.gravatar.com\/avatar\/6ba92a37d621e1a83e23710251178a12?s=96&d=mm&r=g\",\"caption\":\"Leonardo Ribeiro\"},\"sameAs\":[\"http:\/\/www.polisrecreio.com.br\"]}]}<\/script>\n<!-- \/ Yoast SEO plugin. -->","_links":{"self":[{"href":"https:\/\/www.polisrecreio.com.br\/site\/wp-json\/wp\/v2\/posts\/26573"}],"collection":[{"href":"https:\/\/www.polisrecreio.com.br\/site\/wp-json\/wp\/v2\/posts"}],"about":[{"href":"https:\/\/www.polisrecreio.com.br\/site\/wp-json\/wp\/v2\/types\/post"}],"author":[{"embeddable":true,"href":"https:\/\/www.polisrecreio.com.br\/site\/wp-json\/wp\/v2\/users\/3"}],"replies":[{"embeddable":true,"href":"https:\/\/www.polisrecreio.com.br\/site\/wp-json\/wp\/v2\/comments?post=26573"}],"version-history":[{"count":1,"href":"https:\/\/www.polisrecreio.com.br\/site\/wp-json\/wp\/v2\/posts\/26573\/revisions"}],"predecessor-version":[{"id":26575,"href":"https:\/\/www.polisrecreio.com.br\/site\/wp-json\/wp\/v2\/posts\/26573\/revisions\/26575"}],"wp:attachment":[{"href":"https:\/\/www.polisrecreio.com.br\/site\/wp-json\/wp\/v2\/media?parent=26573"}],"wp:term":[{"taxonomy":"category","embeddable":true,"href":"https:\/\/www.polisrecreio.com.br\/site\/wp-json\/wp\/v2\/categories?post=26573"},{"taxonomy":"post_tag","embeddable":true,"href":"https:\/\/www.polisrecreio.com.br\/site\/wp-json\/wp\/v2\/tags?post=26573"}],"curies":[{"name":"wp","href":"https:\/\/api.w.org\/{rel}","templated":true}]}}