{"id":26576,"date":"2024-01-08T17:30:06","date_gmt":"2024-01-08T20:30:06","guid":{"rendered":"http:\/\/www.polisrecreio.com.br\/site\/?p=26576"},"modified":"2024-01-08T17:30:06","modified_gmt":"2024-01-08T20:30:06","slug":"carnaval-2024-de-recreio-bloco-tega-na-mantega-esta-marcado-para-dia-03-02","status":"publish","type":"post","link":"https:\/\/www.polisrecreio.com.br\/site\/2024\/01\/08\/carnaval-2024-de-recreio-bloco-tega-na-mantega-esta-marcado-para-dia-03-02\/","title":{"rendered":"Carnaval 2024 de Recreio: Bloco Tega na Mantega est\u00e1 marcado para dia 03\/02"},"content":{"rendered":"<p style=\"text-align: justify;\">O Bloco Tega na Mantega est\u00e1 confirmado no Carnaval 2024 de Recreio. Assim como aconteceu na \u00faltima edi\u00e7\u00e3o, a turma vai ser reunir no Bar Parada Obrigat\u00f3ria uma semana antes das datas tradicionais. Ser\u00e1 dia 3 de fevereiro.<\/p>\n<p><!--more--><\/p>\n<p><a href=\"http:\/\/www.polisrecreio.com.br\/site\/wp-content\/uploads\/2024\/01\/330209654_733530498341178_8876019089342475783_n.jpg\"><img loading=\"lazy\" class=\"aligncenter size-full wp-image-26579\" src=\"http:\/\/www.polisrecreio.com.br\/site\/wp-content\/uploads\/2024\/01\/330209654_733530498341178_8876019089342475783_n.jpg\" alt=\"\" width=\"1600\" height=\"1062\" srcset=\"https:\/\/www.polisrecreio.com.br\/site\/wp-content\/uploads\/2024\/01\/330209654_733530498341178_8876019089342475783_n.jpg 1600w, https:\/\/www.polisrecreio.com.br\/site\/wp-content\/uploads\/2024\/01\/330209654_733530498341178_8876019089342475783_n-300x199.jpg 300w, https:\/\/www.polisrecreio.com.br\/site\/wp-content\/uploads\/2024\/01\/330209654_733530498341178_8876019089342475783_n-1024x680.jpg 1024w, https:\/\/www.polisrecreio.com.br\/site\/wp-content\/uploads\/2024\/01\/330209654_733530498341178_8876019089342475783_n-768x510.jpg 768w, https:\/\/www.polisrecreio.com.br\/site\/wp-content\/uploads\/2024\/01\/330209654_733530498341178_8876019089342475783_n-1536x1020.jpg 1536w\" sizes=\"(max-width: 1600px) 100vw, 1600px\" \/><\/a><\/p>\n<p style=\"text-align: justify;\">Confira as atra\u00e7\u00f5es:<\/p>\n<ul>\n<li style=\"text-align: justify;\">DJ Douglas Dibo<\/li>\n<li style=\"text-align: justify;\">DJ PL<\/li>\n<li style=\"text-align: justify;\">DJ Renan<\/li>\n<li style=\"text-align: justify;\">Trio Trilho<\/li>\n<li style=\"text-align: justify;\">Marcelo DJ<\/li>\n<li style=\"text-align: justify;\">MC Gago<\/li>\n<\/ul>\n<p style=\"text-align: justify;\">O Bloco come\u00e7a \u00e0s 18h e vai at\u00e9 0h, com promo\u00e7\u00e3o de cerveja e bebida quente liberada.<\/p>\n<p><a href=\"http:\/\/www.polisrecreio.com.br\/site\/wp-content\/uploads\/2024\/01\/330813173_547494710502007_7034171991559978818_n.jpg\"><img loading=\"lazy\" class=\"aligncenter size-full wp-image-26577\" src=\"http:\/\/www.polisrecreio.com.br\/site\/wp-content\/uploads\/2024\/01\/330813173_547494710502007_7034171991559978818_n.jpg\" alt=\"\" width=\"1062\" height=\"1062\" srcset=\"https:\/\/www.polisrecreio.com.br\/site\/wp-content\/uploads\/2024\/01\/330813173_547494710502007_7034171991559978818_n.jpg 1062w, https:\/\/www.polisrecreio.com.br\/site\/wp-content\/uploads\/2024\/01\/330813173_547494710502007_7034171991559978818_n-300x300.jpg 300w, https:\/\/www.polisrecreio.com.br\/site\/wp-content\/uploads\/2024\/01\/330813173_547494710502007_7034171991559978818_n-1024x1024.jpg 1024w, https:\/\/www.polisrecreio.com.br\/site\/wp-content\/uploads\/2024\/01\/330813173_547494710502007_7034171991559978818_n-150x150.jpg 150w, https:\/\/www.polisrecreio.com.br\/site\/wp-content\/uploads\/2024\/01\/330813173_547494710502007_7034171991559978818_n-768x768.jpg 768w\" sizes=\"(max-width: 1062px) 100vw, 1062px\" \/><\/a><\/p>\n<p><a href=\"http:\/\/www.polisrecreio.com.br\/site\/wp-content\/uploads\/2024\/01\/5.jpg\"><img loading=\"lazy\" class=\"aligncenter size-full wp-image-26578\" src=\"http:\/\/www.polisrecreio.com.br\/site\/wp-content\/uploads\/2024\/01\/5.jpg\" alt=\"\" width=\"1080\" height=\"1080\" srcset=\"https:\/\/www.polisrecreio.com.br\/site\/wp-content\/uploads\/2024\/01\/5.jpg 1080w, https:\/\/www.polisrecreio.com.br\/site\/wp-content\/uploads\/2024\/01\/5-300x300.jpg 300w, https:\/\/www.polisrecreio.com.br\/site\/wp-content\/uploads\/2024\/01\/5-1024x1024.jpg 1024w, https:\/\/www.polisrecreio.com.br\/site\/wp-content\/uploads\/2024\/01\/5-150x150.jpg 150w, https:\/\/www.polisrecreio.com.br\/site\/wp-content\/uploads\/2024\/01\/5-768x768.jpg 768w\" sizes=\"(max-width: 1080px) 100vw, 1080px\" \/><\/a><\/p>\n","protected":false},"excerpt":{"rendered":"<p>O Bloco Tega na Mantega est\u00e1 confirmado no Carnaval 2024 de Recreio. Assim como aconteceu na \u00faltima edi\u00e7\u00e3o, a turma vai ser reunir no Bar Parada Obrigat\u00f3ria uma semana antes das datas tradicionais. Ser\u00e1 dia 3 de fevereiro.<\/p>\n","protected":false},"author":3,"featured_media":0,"comment_status":"open","ping_status":"open","sticky":false,"template":"","format":"standard","meta":[],"categories":[2],"tags":[],"yoast_head":"<!-- This site is optimized with the Yoast SEO plugin v15.6.2 - https:\/\/yoast.com\/wordpress\/plugins\/seo\/ -->\n<meta name=\"robots\" content=\"index, follow, max-snippet:-1, max-image-preview:large, max-video-preview:-1\" \/>\n<link rel=\"canonical\" href=\"http:\/\/www.polisrecreio.com.br\/site\/2024\/01\/08\/carnaval-2024-de-recreio-bloco-tega-na-mantega-esta-marcado-para-dia-03-02\/\" \/>\n<meta property=\"og:locale\" content=\"pt_BR\" \/>\n<meta property=\"og:type\" content=\"article\" \/>\n<meta property=\"og:title\" content=\"Carnaval 2024 de Recreio: Bloco Tega na Mantega est\u00e1 marcado para dia 03\/02 - P\u00f3lis Recreio\" \/>\n<meta property=\"og:description\" content=\"O Bloco Tega na Mantega est\u00e1 confirmado no Carnaval 2024 de Recreio. Assim como aconteceu na \u00faltima edi\u00e7\u00e3o, a turma vai ser reunir no Bar Parada Obrigat\u00f3ria uma semana antes das datas tradicionais. Ser\u00e1 dia 3 de fevereiro.\" \/>\n<meta property=\"og:url\" content=\"http:\/\/www.polisrecreio.com.br\/site\/2024\/01\/08\/carnaval-2024-de-recreio-bloco-tega-na-mantega-esta-marcado-para-dia-03-02\/\" \/>\n<meta property=\"og:site_name\" content=\"P\u00f3lis Recreio\" \/>\n<meta property=\"article:publisher\" content=\"https:\/\/www.facebook.com\/Site-P%c3%b3lis-Recreio-MG-181941708571019\/\" \/>\n<meta property=\"article:published_time\" content=\"2024-01-08T20:30:06+00:00\" \/>\n<meta property=\"og:image\" content=\"http:\/\/www.polisrecreio.com.br\/site\/wp-content\/uploads\/2024\/01\/330209654_733530498341178_8876019089342475783_n.jpg\" \/>\n<meta name=\"twitter:card\" content=\"summary_large_image\" \/>\n<meta name=\"twitter:creator\" content=\"@PolisRecreio\" \/>\n<meta name=\"twitter:site\" content=\"@PolisRecreio\" \/>\n<meta name=\"twitter:label1\" content=\"Est. reading time\">\n\t<meta name=\"twitter:data1\" content=\"1 minuto\">\n<script type=\"application\/ld+json\" class=\"yoast-schema-graph\">{\"@context\":\"https:\/\/schema.org\",\"@graph\":[{\"@type\":\"WebSite\",\"@id\":\"https:\/\/www.polisrecreio.com.br\/site\/#website\",\"url\":\"https:\/\/www.polisrecreio.com.br\/site\/\",\"name\":\"P\\u00f3lis Recreio\",\"description\":\"\",\"potentialAction\":[{\"@type\":\"SearchAction\",\"target\":\"https:\/\/www.polisrecreio.com.br\/site\/?s={search_term_string}\",\"query-input\":\"required name=search_term_string\"}],\"inLanguage\":\"pt-BR\"},{\"@type\":\"ImageObject\",\"@id\":\"http:\/\/www.polisrecreio.com.br\/site\/2024\/01\/08\/carnaval-2024-de-recreio-bloco-tega-na-mantega-esta-marcado-para-dia-03-02\/#primaryimage\",\"inLanguage\":\"pt-BR\",\"url\":\"http:\/\/www.polisrecreio.com.br\/site\/wp-content\/uploads\/2024\/01\/330209654_733530498341178_8876019089342475783_n.jpg\"},{\"@type\":\"WebPage\",\"@id\":\"http:\/\/www.polisrecreio.com.br\/site\/2024\/01\/08\/carnaval-2024-de-recreio-bloco-tega-na-mantega-esta-marcado-para-dia-03-02\/#webpage\",\"url\":\"http:\/\/www.polisrecreio.com.br\/site\/2024\/01\/08\/carnaval-2024-de-recreio-bloco-tega-na-mantega-esta-marcado-para-dia-03-02\/\",\"name\":\"Carnaval 2024 de Recreio: Bloco Tega na Mantega est\\u00e1 marcado para dia 03\/02 - P\\u00f3lis Recreio\",\"isPartOf\":{\"@id\":\"https:\/\/www.polisrecreio.com.br\/site\/#website\"},\"primaryImageOfPage\":{\"@id\":\"http:\/\/www.polisrecreio.com.br\/site\/2024\/01\/08\/carnaval-2024-de-recreio-bloco-tega-na-mantega-esta-marcado-para-dia-03-02\/#primaryimage\"},\"datePublished\":\"2024-01-08T20:30:06+00:00\",\"dateModified\":\"2024-01-08T20:30:06+00:00\",\"author\":{\"@id\":\"https:\/\/www.polisrecreio.com.br\/site\/#\/schema\/person\/3363c1c78e1e28e1329d97adb387638e\"},\"inLanguage\":\"pt-BR\",\"potentialAction\":[{\"@type\":\"ReadAction\",\"target\":[\"http:\/\/www.polisrecreio.com.br\/site\/2024\/01\/08\/carnaval-2024-de-recreio-bloco-tega-na-mantega-esta-marcado-para-dia-03-02\/\"]}]},{\"@type\":\"Person\",\"@id\":\"https:\/\/www.polisrecreio.com.br\/site\/#\/schema\/person\/3363c1c78e1e28e1329d97adb387638e\",\"name\":\"Leonardo Ribeiro\",\"image\":{\"@type\":\"ImageObject\",\"@id\":\"https:\/\/www.polisrecreio.com.br\/site\/#personlogo\",\"inLanguage\":\"pt-BR\",\"url\":\"https:\/\/secure.gravatar.com\/avatar\/6ba92a37d621e1a83e23710251178a12?s=96&d=mm&r=g\",\"caption\":\"Leonardo Ribeiro\"},\"sameAs\":[\"http:\/\/www.polisrecreio.com.br\"]}]}<\/script>\n<!-- \/ Yoast SEO plugin. -->","_links":{"self":[{"href":"https:\/\/www.polisrecreio.com.br\/site\/wp-json\/wp\/v2\/posts\/26576"}],"collection":[{"href":"https:\/\/www.polisrecreio.com.br\/site\/wp-json\/wp\/v2\/posts"}],"about":[{"href":"https:\/\/www.polisrecreio.com.br\/site\/wp-json\/wp\/v2\/types\/post"}],"author":[{"embeddable":true,"href":"https:\/\/www.polisrecreio.com.br\/site\/wp-json\/wp\/v2\/users\/3"}],"replies":[{"embeddable":true,"href":"https:\/\/www.polisrecreio.com.br\/site\/wp-json\/wp\/v2\/comments?post=26576"}],"version-history":[{"count":1,"href":"https:\/\/www.polisrecreio.com.br\/site\/wp-json\/wp\/v2\/posts\/26576\/revisions"}],"predecessor-version":[{"id":26580,"href":"https:\/\/www.polisrecreio.com.br\/site\/wp-json\/wp\/v2\/posts\/26576\/revisions\/26580"}],"wp:attachment":[{"href":"https:\/\/www.polisrecreio.com.br\/site\/wp-json\/wp\/v2\/media?parent=26576"}],"wp:term":[{"taxonomy":"category","embeddable":true,"href":"https:\/\/www.polisrecreio.com.br\/site\/wp-json\/wp\/v2\/categories?post=26576"},{"taxonomy":"post_tag","embeddable":true,"href":"https:\/\/www.polisrecreio.com.br\/site\/wp-json\/wp\/v2\/tags?post=26576"}],"curies":[{"name":"wp","href":"https:\/\/api.w.org\/{rel}","templated":true}]}}