{"id":26596,"date":"2024-01-15T13:59:47","date_gmt":"2024-01-15T16:59:47","guid":{"rendered":"http:\/\/www.polisrecreio.com.br\/site\/?p=26596"},"modified":"2024-01-15T13:59:47","modified_gmt":"2024-01-15T16:59:47","slug":"forte-chuva-de-sabado-13-causou-transtornos-em-recreio","status":"publish","type":"post","link":"https:\/\/www.polisrecreio.com.br\/site\/2024\/01\/15\/forte-chuva-de-sabado-13-causou-transtornos-em-recreio\/","title":{"rendered":"Forte chuva de s\u00e1bado (13) causou transtornos em Recreio"},"content":{"rendered":"<p style=\"text-align: justify;\">A forte chuva que caiu em Recreio no \u00faltimo s\u00e1bado (13) causou transtornos: alagamentos, desbarrancamentos, destrui\u00e7\u00e3o de rede pluvial, queda de \u00e1rvore em Concei\u00e7\u00e3o da Boa Vista e cal\u00e7amento danificado na Rua Manoel Leite Pinho (morro da Erus) seguido de deslizamento da encosta.<\/p>\n<p><!--more--><\/p>\n<figure id=\"attachment_26602\" aria-describedby=\"caption-attachment-26602\" style=\"width: 780px\" class=\"wp-caption aligncenter\"><a href=\"http:\/\/www.polisrecreio.com.br\/site\/wp-content\/uploads\/2024\/01\/WhatsApp-Image-2024-01-15-at-13.27.59-1.jpeg\"><img loading=\"lazy\" class=\"wp-image-26602 size-full\" src=\"http:\/\/www.polisrecreio.com.br\/site\/wp-content\/uploads\/2024\/01\/WhatsApp-Image-2024-01-15-at-13.27.59-1.jpeg\" alt=\"\" width=\"780\" height=\"460\" srcset=\"https:\/\/www.polisrecreio.com.br\/site\/wp-content\/uploads\/2024\/01\/WhatsApp-Image-2024-01-15-at-13.27.59-1.jpeg 780w, https:\/\/www.polisrecreio.com.br\/site\/wp-content\/uploads\/2024\/01\/WhatsApp-Image-2024-01-15-at-13.27.59-1-300x177.jpeg 300w, https:\/\/www.polisrecreio.com.br\/site\/wp-content\/uploads\/2024\/01\/WhatsApp-Image-2024-01-15-at-13.27.59-1-768x453.jpeg 768w\" sizes=\"(max-width: 780px) 100vw, 780px\" \/><\/a><figcaption id=\"caption-attachment-26602\" class=\"wp-caption-text\">Rua Manoel Leite Pinho.<\/figcaption><\/figure>\n<p style=\"text-align: justify;\">Segundo informa\u00e7\u00f5es, a Defesa Civil Municipal est\u00e1 fazendo o levantamento de todas as ocorr\u00eancias para edi\u00e7\u00e3o de um relat\u00f3rio. A Defesa Civil Regional vai auxiliar a equipe de Recreio.<\/p>\n<p style=\"text-align: justify;\">O transtorno mais grave foi a danifica\u00e7\u00e3o do cal\u00e7amento da Rua Manoel Leite Pinho. Recentemente a Administra\u00e7\u00e3o Municipal substituiu as pedras poli\u00e9dricas (p\u00e9 de moleque) por bloquetes sextavados. A for\u00e7a da \u00e1gua, al\u00e9m de prejudicar o cal\u00e7amento, ela desceu com for\u00e7a na encosta que faz divisa com uma garagem na Rua Prefeito Jos\u00e9 Ant\u00f4nio, levando parte do barranco. A rua est\u00e1 interditada.<\/p>\n<p style=\"text-align: justify;\">Em Concei\u00e7\u00e3o da Boa, uma \u00e1rvore de grande porte, ao lado do campo de futebol, quase caiu em cima de uma resid\u00eancia.<\/p>\n<p style=\"text-align: justify;\">A equipe da Secretaria de Desenvolvimento Urbano est\u00e1 trabalhando desde as primeiras horas para normalizar as vias onde houve alagamentos e no dia seguinte ficaram repletas de lama.<\/p>\n<p>At\u00e9 o momento, n\u00e3o h\u00e1 informa\u00e7\u00f5es, sobre desabrigados ou danos pessoais.<\/p>\n<figure id=\"attachment_26601\" aria-describedby=\"caption-attachment-26601\" style=\"width: 959px\" class=\"wp-caption aligncenter\"><a href=\"http:\/\/www.polisrecreio.com.br\/site\/wp-content\/uploads\/2024\/01\/WhatsApp-Image-2024-01-14-at-10.03.19.jpeg\"><img loading=\"lazy\" class=\"wp-image-26601 size-full\" src=\"http:\/\/www.polisrecreio.com.br\/site\/wp-content\/uploads\/2024\/01\/WhatsApp-Image-2024-01-14-at-10.03.19.jpeg\" alt=\"\" width=\"959\" height=\"1280\" srcset=\"https:\/\/www.polisrecreio.com.br\/site\/wp-content\/uploads\/2024\/01\/WhatsApp-Image-2024-01-14-at-10.03.19.jpeg 959w, https:\/\/www.polisrecreio.com.br\/site\/wp-content\/uploads\/2024\/01\/WhatsApp-Image-2024-01-14-at-10.03.19-225x300.jpeg 225w, https:\/\/www.polisrecreio.com.br\/site\/wp-content\/uploads\/2024\/01\/WhatsApp-Image-2024-01-14-at-10.03.19-767x1024.jpeg 767w, https:\/\/www.polisrecreio.com.br\/site\/wp-content\/uploads\/2024\/01\/WhatsApp-Image-2024-01-14-at-10.03.19-768x1025.jpeg 768w\" sizes=\"(max-width: 959px) 100vw, 959px\" \/><\/a><figcaption id=\"caption-attachment-26601\" class=\"wp-caption-text\">\u00c1rvore que caiu em Concei\u00e7\u00e3o da Boa Vista.<\/figcaption><\/figure>\n<figure id=\"attachment_26599\" aria-describedby=\"caption-attachment-26599\" style=\"width: 424px\" class=\"wp-caption aligncenter\"><a href=\"http:\/\/www.polisrecreio.com.br\/site\/wp-content\/uploads\/2024\/01\/WhatsApp-Image-2024-01-15-at-13.48.58.jpeg\"><img loading=\"lazy\" class=\"wp-image-26599 size-full\" src=\"http:\/\/www.polisrecreio.com.br\/site\/wp-content\/uploads\/2024\/01\/WhatsApp-Image-2024-01-15-at-13.48.58.jpeg\" alt=\"\" width=\"424\" height=\"423\" srcset=\"https:\/\/www.polisrecreio.com.br\/site\/wp-content\/uploads\/2024\/01\/WhatsApp-Image-2024-01-15-at-13.48.58.jpeg 424w, https:\/\/www.polisrecreio.com.br\/site\/wp-content\/uploads\/2024\/01\/WhatsApp-Image-2024-01-15-at-13.48.58-300x300.jpeg 300w, https:\/\/www.polisrecreio.com.br\/site\/wp-content\/uploads\/2024\/01\/WhatsApp-Image-2024-01-15-at-13.48.58-150x150.jpeg 150w\" sizes=\"(max-width: 424px) 100vw, 424px\" \/><\/a><figcaption id=\"caption-attachment-26599\" class=\"wp-caption-text\">Rua Manoel Leite Pinho.<\/figcaption><\/figure>\n<figure id=\"attachment_26598\" aria-describedby=\"caption-attachment-26598\" style=\"width: 436px\" class=\"wp-caption aligncenter\"><a href=\"http:\/\/www.polisrecreio.com.br\/site\/wp-content\/uploads\/2024\/01\/WhatsApp-Image-2024-01-15-at-13.49.51.jpeg\"><img loading=\"lazy\" class=\"wp-image-26598 size-full\" src=\"http:\/\/www.polisrecreio.com.br\/site\/wp-content\/uploads\/2024\/01\/WhatsApp-Image-2024-01-15-at-13.49.51.jpeg\" alt=\"\" width=\"436\" height=\"556\" srcset=\"https:\/\/www.polisrecreio.com.br\/site\/wp-content\/uploads\/2024\/01\/WhatsApp-Image-2024-01-15-at-13.49.51.jpeg 436w, https:\/\/www.polisrecreio.com.br\/site\/wp-content\/uploads\/2024\/01\/WhatsApp-Image-2024-01-15-at-13.49.51-235x300.jpeg 235w\" sizes=\"(max-width: 436px) 100vw, 436px\" \/><\/a><figcaption id=\"caption-attachment-26598\" class=\"wp-caption-text\">Rua Manoel Leite Pinho.<\/figcaption><\/figure>\n<figure id=\"attachment_26597\" aria-describedby=\"caption-attachment-26597\" style=\"width: 720px\" class=\"wp-caption aligncenter\"><a href=\"http:\/\/www.polisrecreio.com.br\/site\/wp-content\/uploads\/2024\/01\/WhatsApp-Image-2024-01-14-at-11.01.01.jpeg\"><img loading=\"lazy\" class=\"wp-image-26597 size-full\" src=\"http:\/\/www.polisrecreio.com.br\/site\/wp-content\/uploads\/2024\/01\/WhatsApp-Image-2024-01-14-at-11.01.01.jpeg\" alt=\"\" width=\"720\" height=\"678\" srcset=\"https:\/\/www.polisrecreio.com.br\/site\/wp-content\/uploads\/2024\/01\/WhatsApp-Image-2024-01-14-at-11.01.01.jpeg 720w, https:\/\/www.polisrecreio.com.br\/site\/wp-content\/uploads\/2024\/01\/WhatsApp-Image-2024-01-14-at-11.01.01-300x283.jpeg 300w\" sizes=\"(max-width: 720px) 100vw, 720px\" \/><\/a><figcaption id=\"caption-attachment-26597\" class=\"wp-caption-text\">Limpeza na Avenida.<\/figcaption><\/figure>\n","protected":false},"excerpt":{"rendered":"<p>A forte chuva que caiu em Recreio no \u00faltimo s\u00e1bado (13) causou transtornos: alagamentos, desbarrancamentos, destrui\u00e7\u00e3o de rede pluvial, queda de \u00e1rvore em Concei\u00e7\u00e3o da Boa Vista e cal\u00e7amento danificado na Rua Manoel Leite Pinho (morro da Erus) seguido de deslizamento da encosta.<\/p>\n","protected":false},"author":3,"featured_media":0,"comment_status":"open","ping_status":"open","sticky":false,"template":"","format":"standard","meta":[],"categories":[6],"tags":[],"yoast_head":"<!-- This site is optimized with the Yoast SEO plugin v15.6.2 - https:\/\/yoast.com\/wordpress\/plugins\/seo\/ -->\n<meta name=\"robots\" content=\"index, follow, max-snippet:-1, max-image-preview:large, max-video-preview:-1\" \/>\n<link rel=\"canonical\" href=\"http:\/\/www.polisrecreio.com.br\/site\/2024\/01\/15\/forte-chuva-de-sabado-13-causou-transtornos-em-recreio\/\" \/>\n<meta property=\"og:locale\" content=\"pt_BR\" \/>\n<meta property=\"og:type\" content=\"article\" \/>\n<meta property=\"og:title\" content=\"Forte chuva de s\u00e1bado (13) causou transtornos em Recreio - P\u00f3lis Recreio\" \/>\n<meta property=\"og:description\" content=\"A forte chuva que caiu em Recreio no \u00faltimo s\u00e1bado (13) causou transtornos: alagamentos, desbarrancamentos, destrui\u00e7\u00e3o de rede pluvial, queda de \u00e1rvore em Concei\u00e7\u00e3o da Boa Vista e cal\u00e7amento danificado na Rua Manoel Leite Pinho (morro da Erus) seguido de deslizamento da encosta.\" \/>\n<meta property=\"og:url\" content=\"http:\/\/www.polisrecreio.com.br\/site\/2024\/01\/15\/forte-chuva-de-sabado-13-causou-transtornos-em-recreio\/\" \/>\n<meta property=\"og:site_name\" content=\"P\u00f3lis Recreio\" \/>\n<meta property=\"article:publisher\" content=\"https:\/\/www.facebook.com\/Site-P%c3%b3lis-Recreio-MG-181941708571019\/\" \/>\n<meta property=\"article:published_time\" content=\"2024-01-15T16:59:47+00:00\" \/>\n<meta property=\"og:image\" content=\"http:\/\/www.polisrecreio.com.br\/site\/wp-content\/uploads\/2024\/01\/WhatsApp-Image-2024-01-15-at-13.27.59-1.jpeg\" \/>\n<meta name=\"twitter:card\" content=\"summary_large_image\" \/>\n<meta name=\"twitter:creator\" content=\"@PolisRecreio\" \/>\n<meta name=\"twitter:site\" content=\"@PolisRecreio\" \/>\n<meta name=\"twitter:label1\" content=\"Est. reading time\">\n\t<meta name=\"twitter:data1\" content=\"3 minutos\">\n<script type=\"application\/ld+json\" class=\"yoast-schema-graph\">{\"@context\":\"https:\/\/schema.org\",\"@graph\":[{\"@type\":\"WebSite\",\"@id\":\"https:\/\/www.polisrecreio.com.br\/site\/#website\",\"url\":\"https:\/\/www.polisrecreio.com.br\/site\/\",\"name\":\"P\\u00f3lis Recreio\",\"description\":\"\",\"potentialAction\":[{\"@type\":\"SearchAction\",\"target\":\"https:\/\/www.polisrecreio.com.br\/site\/?s={search_term_string}\",\"query-input\":\"required name=search_term_string\"}],\"inLanguage\":\"pt-BR\"},{\"@type\":\"ImageObject\",\"@id\":\"http:\/\/www.polisrecreio.com.br\/site\/2024\/01\/15\/forte-chuva-de-sabado-13-causou-transtornos-em-recreio\/#primaryimage\",\"inLanguage\":\"pt-BR\",\"url\":\"http:\/\/www.polisrecreio.com.br\/site\/wp-content\/uploads\/2024\/01\/WhatsApp-Image-2024-01-15-at-13.27.59-1.jpeg\"},{\"@type\":\"WebPage\",\"@id\":\"http:\/\/www.polisrecreio.com.br\/site\/2024\/01\/15\/forte-chuva-de-sabado-13-causou-transtornos-em-recreio\/#webpage\",\"url\":\"http:\/\/www.polisrecreio.com.br\/site\/2024\/01\/15\/forte-chuva-de-sabado-13-causou-transtornos-em-recreio\/\",\"name\":\"Forte chuva de s\\u00e1bado (13) causou transtornos em Recreio - P\\u00f3lis Recreio\",\"isPartOf\":{\"@id\":\"https:\/\/www.polisrecreio.com.br\/site\/#website\"},\"primaryImageOfPage\":{\"@id\":\"http:\/\/www.polisrecreio.com.br\/site\/2024\/01\/15\/forte-chuva-de-sabado-13-causou-transtornos-em-recreio\/#primaryimage\"},\"datePublished\":\"2024-01-15T16:59:47+00:00\",\"dateModified\":\"2024-01-15T16:59:47+00:00\",\"author\":{\"@id\":\"https:\/\/www.polisrecreio.com.br\/site\/#\/schema\/person\/3363c1c78e1e28e1329d97adb387638e\"},\"inLanguage\":\"pt-BR\",\"potentialAction\":[{\"@type\":\"ReadAction\",\"target\":[\"http:\/\/www.polisrecreio.com.br\/site\/2024\/01\/15\/forte-chuva-de-sabado-13-causou-transtornos-em-recreio\/\"]}]},{\"@type\":\"Person\",\"@id\":\"https:\/\/www.polisrecreio.com.br\/site\/#\/schema\/person\/3363c1c78e1e28e1329d97adb387638e\",\"name\":\"Leonardo Ribeiro\",\"image\":{\"@type\":\"ImageObject\",\"@id\":\"https:\/\/www.polisrecreio.com.br\/site\/#personlogo\",\"inLanguage\":\"pt-BR\",\"url\":\"https:\/\/secure.gravatar.com\/avatar\/6ba92a37d621e1a83e23710251178a12?s=96&d=mm&r=g\",\"caption\":\"Leonardo Ribeiro\"},\"sameAs\":[\"http:\/\/www.polisrecreio.com.br\"]}]}<\/script>\n<!-- \/ Yoast SEO plugin. -->","_links":{"self":[{"href":"https:\/\/www.polisrecreio.com.br\/site\/wp-json\/wp\/v2\/posts\/26596"}],"collection":[{"href":"https:\/\/www.polisrecreio.com.br\/site\/wp-json\/wp\/v2\/posts"}],"about":[{"href":"https:\/\/www.polisrecreio.com.br\/site\/wp-json\/wp\/v2\/types\/post"}],"author":[{"embeddable":true,"href":"https:\/\/www.polisrecreio.com.br\/site\/wp-json\/wp\/v2\/users\/3"}],"replies":[{"embeddable":true,"href":"https:\/\/www.polisrecreio.com.br\/site\/wp-json\/wp\/v2\/comments?post=26596"}],"version-history":[{"count":1,"href":"https:\/\/www.polisrecreio.com.br\/site\/wp-json\/wp\/v2\/posts\/26596\/revisions"}],"predecessor-version":[{"id":26603,"href":"https:\/\/www.polisrecreio.com.br\/site\/wp-json\/wp\/v2\/posts\/26596\/revisions\/26603"}],"wp:attachment":[{"href":"https:\/\/www.polisrecreio.com.br\/site\/wp-json\/wp\/v2\/media?parent=26596"}],"wp:term":[{"taxonomy":"category","embeddable":true,"href":"https:\/\/www.polisrecreio.com.br\/site\/wp-json\/wp\/v2\/categories?post=26596"},{"taxonomy":"post_tag","embeddable":true,"href":"https:\/\/www.polisrecreio.com.br\/site\/wp-json\/wp\/v2\/tags?post=26596"}],"curies":[{"name":"wp","href":"https:\/\/api.w.org\/{rel}","templated":true}]}}