{"id":26605,"date":"2024-01-15T18:51:23","date_gmt":"2024-01-15T21:51:23","guid":{"rendered":"http:\/\/www.polisrecreio.com.br\/site\/?p=26605"},"modified":"2024-01-15T18:53:16","modified_gmt":"2024-01-15T21:53:16","slug":"festival-regional-de-gastronomia-prato-salgado-de-recreio-esta-na-final","status":"publish","type":"post","link":"https:\/\/www.polisrecreio.com.br\/site\/2024\/01\/15\/festival-regional-de-gastronomia-prato-salgado-de-recreio-esta-na-final\/","title":{"rendered":"Festival Regional de Gastronomia: prato salgado de Recreio est\u00e1 na final"},"content":{"rendered":"<p style=\"text-align: justify;\">O prato \u201cRabada \u00e0 Moda do Rancho\u201d, da chef Elis\u00e2ngela Xavier, est\u00e1 na final da 3\u00aa edi\u00e7\u00e3o do Festival Regional de Gastronomia, promovido pelo IGR Circuito Tur\u00edstico Serras e Cachoeiras.<\/p>\n<p><!--more--><\/p>\n<p><a href=\"http:\/\/www.polisrecreio.com.br\/site\/wp-content\/uploads\/2024\/01\/pratoe.jpeg\"><img loading=\"lazy\" class=\"aligncenter size-full wp-image-26606\" src=\"http:\/\/www.polisrecreio.com.br\/site\/wp-content\/uploads\/2024\/01\/pratoe.jpeg\" alt=\"\" width=\"900\" height=\"705\" srcset=\"https:\/\/www.polisrecreio.com.br\/site\/wp-content\/uploads\/2024\/01\/pratoe.jpeg 900w, https:\/\/www.polisrecreio.com.br\/site\/wp-content\/uploads\/2024\/01\/pratoe-300x235.jpeg 300w, https:\/\/www.polisrecreio.com.br\/site\/wp-content\/uploads\/2024\/01\/pratoe-768x602.jpeg 768w\" sizes=\"(max-width: 900px) 100vw, 900px\" \/><\/a><\/p>\n<p style=\"text-align: justify;\">Elis\u00e2ngela \u00e9 propriet\u00e1ria do Rancho do Dig\u00e3o. Ela est\u00e1 disputando o t\u00edtulo de melhor prato da regi\u00e3o na categoria prato salgado, ao lado de outros nove concorrentes da regi\u00e3o.<\/p>\n<p style=\"text-align: justify;\">A vota\u00e7\u00e3o acontece pelo <a href=\"https:\/\/www.instagram.com\/serrasecachoeirastur\/\" target=\"_blank\" rel=\"noopener noreferrer\">Instagram do Circuito<\/a>, at\u00e9 as 12h do dia 28 de fevereiro. Conforme o regulamento, o resultado decorrente da avalia\u00e7\u00e3o da comiss\u00e3o organizadora somar\u00e1 aos pontos conquistados pelo voto popular de acordo com a tabela de curtidas (de 01 a 200 curtidas = 02 pontos; de 201 a 500 curtidas = 03 pontos; a partir de 501 curtidas = 05 pontos).<\/p>\n<p style=\"text-align: justify;\">Curta a foto \u201cRabada \u00e0 Moda do Rancho\u201d (<a href=\"https:\/\/www.instagram.com\/p\/C2C4t34O5mA\/\" target=\"_blank\" rel=\"noopener noreferrer\">https:\/\/www.instagram.com\/p\/C2C4t34O5mA\/<\/a>).<\/p>\n<p style=\"text-align: justify;\">Em breve informa\u00e7\u00f5es sobre o Festival &#8211; categoria prato doce &#8211; com Recreio tamb\u00e9m na final.<\/p>\n<p><a href=\"http:\/\/www.polisrecreio.com.br\/site\/wp-content\/uploads\/2024\/01\/WhatsApp-Image-2024-01-15-at-18.39.30.jpeg\"><img loading=\"lazy\" class=\"aligncenter size-full wp-image-26607\" src=\"http:\/\/www.polisrecreio.com.br\/site\/wp-content\/uploads\/2024\/01\/WhatsApp-Image-2024-01-15-at-18.39.30.jpeg\" alt=\"\" width=\"585\" height=\"591\" srcset=\"https:\/\/www.polisrecreio.com.br\/site\/wp-content\/uploads\/2024\/01\/WhatsApp-Image-2024-01-15-at-18.39.30.jpeg 585w, https:\/\/www.polisrecreio.com.br\/site\/wp-content\/uploads\/2024\/01\/WhatsApp-Image-2024-01-15-at-18.39.30-297x300.jpeg 297w\" sizes=\"(max-width: 585px) 100vw, 585px\" \/><\/a><\/p>\n<p><strong>Premia\u00e7\u00f5es III Festival Trem B\u00e3o de Minas\u00a0<\/strong><\/p>\n<ul>\n<li>1\u00ba Lugar: trof\u00e9u + certificado + R$ 1.000<\/li>\n<li>2\u00ba Lugar: trof\u00e9u + certificado + R$ 600<\/li>\n<li>3\u00ba Lugar: trof\u00e9u + certificado + R$ 400<\/li>\n<\/ul>\n","protected":false},"excerpt":{"rendered":"<p>O prato \u201cRabada \u00e0 Moda do Rancho\u201d, da chef Elis\u00e2ngela Xavier, est\u00e1 na final da 3\u00aa edi\u00e7\u00e3o do Festival Regional de Gastronomia, promovido pelo IGR Circuito Tur\u00edstico Serras e Cachoeiras.<\/p>\n","protected":false},"author":3,"featured_media":0,"comment_status":"open","ping_status":"open","sticky":false,"template":"","format":"standard","meta":[],"categories":[2],"tags":[],"yoast_head":"<!-- This site is optimized with the Yoast SEO plugin v15.6.2 - https:\/\/yoast.com\/wordpress\/plugins\/seo\/ -->\n<meta name=\"robots\" content=\"index, follow, max-snippet:-1, max-image-preview:large, max-video-preview:-1\" \/>\n<link rel=\"canonical\" href=\"http:\/\/www.polisrecreio.com.br\/site\/2024\/01\/15\/festival-regional-de-gastronomia-prato-salgado-de-recreio-esta-na-final\/\" \/>\n<meta property=\"og:locale\" content=\"pt_BR\" \/>\n<meta property=\"og:type\" content=\"article\" \/>\n<meta property=\"og:title\" content=\"Festival Regional de Gastronomia: prato salgado de Recreio est\u00e1 na final - P\u00f3lis Recreio\" \/>\n<meta property=\"og:description\" content=\"O prato \u201cRabada \u00e0 Moda do Rancho\u201d, da chef Elis\u00e2ngela Xavier, est\u00e1 na final da 3\u00aa edi\u00e7\u00e3o do Festival Regional de Gastronomia, promovido pelo IGR Circuito Tur\u00edstico Serras e Cachoeiras.\" \/>\n<meta property=\"og:url\" content=\"http:\/\/www.polisrecreio.com.br\/site\/2024\/01\/15\/festival-regional-de-gastronomia-prato-salgado-de-recreio-esta-na-final\/\" \/>\n<meta property=\"og:site_name\" content=\"P\u00f3lis Recreio\" \/>\n<meta property=\"article:publisher\" content=\"https:\/\/www.facebook.com\/Site-P%c3%b3lis-Recreio-MG-181941708571019\/\" \/>\n<meta property=\"article:published_time\" content=\"2024-01-15T21:51:23+00:00\" \/>\n<meta property=\"article:modified_time\" content=\"2024-01-15T21:53:16+00:00\" \/>\n<meta property=\"og:image\" content=\"http:\/\/www.polisrecreio.com.br\/site\/wp-content\/uploads\/2024\/01\/pratoe.jpeg\" \/>\n<meta name=\"twitter:card\" content=\"summary_large_image\" \/>\n<meta name=\"twitter:creator\" content=\"@PolisRecreio\" \/>\n<meta name=\"twitter:site\" content=\"@PolisRecreio\" \/>\n<meta name=\"twitter:label1\" content=\"Est. reading time\">\n\t<meta name=\"twitter:data1\" content=\"2 minutos\">\n<script type=\"application\/ld+json\" class=\"yoast-schema-graph\">{\"@context\":\"https:\/\/schema.org\",\"@graph\":[{\"@type\":\"WebSite\",\"@id\":\"https:\/\/www.polisrecreio.com.br\/site\/#website\",\"url\":\"https:\/\/www.polisrecreio.com.br\/site\/\",\"name\":\"P\\u00f3lis Recreio\",\"description\":\"\",\"potentialAction\":[{\"@type\":\"SearchAction\",\"target\":\"https:\/\/www.polisrecreio.com.br\/site\/?s={search_term_string}\",\"query-input\":\"required name=search_term_string\"}],\"inLanguage\":\"pt-BR\"},{\"@type\":\"ImageObject\",\"@id\":\"http:\/\/www.polisrecreio.com.br\/site\/2024\/01\/15\/festival-regional-de-gastronomia-prato-salgado-de-recreio-esta-na-final\/#primaryimage\",\"inLanguage\":\"pt-BR\",\"url\":\"http:\/\/www.polisrecreio.com.br\/site\/wp-content\/uploads\/2024\/01\/pratoe.jpeg\"},{\"@type\":\"WebPage\",\"@id\":\"http:\/\/www.polisrecreio.com.br\/site\/2024\/01\/15\/festival-regional-de-gastronomia-prato-salgado-de-recreio-esta-na-final\/#webpage\",\"url\":\"http:\/\/www.polisrecreio.com.br\/site\/2024\/01\/15\/festival-regional-de-gastronomia-prato-salgado-de-recreio-esta-na-final\/\",\"name\":\"Festival Regional de Gastronomia: prato salgado de Recreio est\\u00e1 na final - P\\u00f3lis Recreio\",\"isPartOf\":{\"@id\":\"https:\/\/www.polisrecreio.com.br\/site\/#website\"},\"primaryImageOfPage\":{\"@id\":\"http:\/\/www.polisrecreio.com.br\/site\/2024\/01\/15\/festival-regional-de-gastronomia-prato-salgado-de-recreio-esta-na-final\/#primaryimage\"},\"datePublished\":\"2024-01-15T21:51:23+00:00\",\"dateModified\":\"2024-01-15T21:53:16+00:00\",\"author\":{\"@id\":\"https:\/\/www.polisrecreio.com.br\/site\/#\/schema\/person\/3363c1c78e1e28e1329d97adb387638e\"},\"inLanguage\":\"pt-BR\",\"potentialAction\":[{\"@type\":\"ReadAction\",\"target\":[\"http:\/\/www.polisrecreio.com.br\/site\/2024\/01\/15\/festival-regional-de-gastronomia-prato-salgado-de-recreio-esta-na-final\/\"]}]},{\"@type\":\"Person\",\"@id\":\"https:\/\/www.polisrecreio.com.br\/site\/#\/schema\/person\/3363c1c78e1e28e1329d97adb387638e\",\"name\":\"Leonardo Ribeiro\",\"image\":{\"@type\":\"ImageObject\",\"@id\":\"https:\/\/www.polisrecreio.com.br\/site\/#personlogo\",\"inLanguage\":\"pt-BR\",\"url\":\"https:\/\/secure.gravatar.com\/avatar\/6ba92a37d621e1a83e23710251178a12?s=96&d=mm&r=g\",\"caption\":\"Leonardo Ribeiro\"},\"sameAs\":[\"http:\/\/www.polisrecreio.com.br\"]}]}<\/script>\n<!-- \/ Yoast SEO plugin. -->","_links":{"self":[{"href":"https:\/\/www.polisrecreio.com.br\/site\/wp-json\/wp\/v2\/posts\/26605"}],"collection":[{"href":"https:\/\/www.polisrecreio.com.br\/site\/wp-json\/wp\/v2\/posts"}],"about":[{"href":"https:\/\/www.polisrecreio.com.br\/site\/wp-json\/wp\/v2\/types\/post"}],"author":[{"embeddable":true,"href":"https:\/\/www.polisrecreio.com.br\/site\/wp-json\/wp\/v2\/users\/3"}],"replies":[{"embeddable":true,"href":"https:\/\/www.polisrecreio.com.br\/site\/wp-json\/wp\/v2\/comments?post=26605"}],"version-history":[{"count":3,"href":"https:\/\/www.polisrecreio.com.br\/site\/wp-json\/wp\/v2\/posts\/26605\/revisions"}],"predecessor-version":[{"id":26610,"href":"https:\/\/www.polisrecreio.com.br\/site\/wp-json\/wp\/v2\/posts\/26605\/revisions\/26610"}],"wp:attachment":[{"href":"https:\/\/www.polisrecreio.com.br\/site\/wp-json\/wp\/v2\/media?parent=26605"}],"wp:term":[{"taxonomy":"category","embeddable":true,"href":"https:\/\/www.polisrecreio.com.br\/site\/wp-json\/wp\/v2\/categories?post=26605"},{"taxonomy":"post_tag","embeddable":true,"href":"https:\/\/www.polisrecreio.com.br\/site\/wp-json\/wp\/v2\/tags?post=26605"}],"curies":[{"name":"wp","href":"https:\/\/api.w.org\/{rel}","templated":true}]}}