{"id":26611,"date":"2024-01-15T20:04:05","date_gmt":"2024-01-15T23:04:05","guid":{"rendered":"http:\/\/www.polisrecreio.com.br\/site\/?p=26611"},"modified":"2024-01-15T20:04:05","modified_gmt":"2024-01-15T23:04:05","slug":"prato-doce-de-recreio-e-finalista-do-festival-regional-de-gastronomia","status":"publish","type":"post","link":"https:\/\/www.polisrecreio.com.br\/site\/2024\/01\/15\/prato-doce-de-recreio-e-finalista-do-festival-regional-de-gastronomia\/","title":{"rendered":"Prato doce de Recreio \u00e9 finalista do Festival Regional de Gastronomia"},"content":{"rendered":"<p style=\"text-align: justify;\">Recreio tamb\u00e9m est\u00e1 na final do da 3\u00aa edi\u00e7\u00e3o do Festival Regional de Gastronomia, promovido pelo IGR Circuito Tur\u00edstico Serras e Cachoeiras, na categoria prato doce, com \u201cPudim Caipira\u201d, do chef Adriano Lomb\u00e9 (Didiu).<\/p>\n<p><!--more--><\/p>\n<p><a href=\"http:\/\/www.polisrecreio.com.br\/site\/wp-content\/uploads\/2024\/01\/dd.jpeg\"><img loading=\"lazy\" class=\"aligncenter size-full wp-image-26612\" src=\"http:\/\/www.polisrecreio.com.br\/site\/wp-content\/uploads\/2024\/01\/dd.jpeg\" alt=\"\" width=\"938\" height=\"919\" srcset=\"https:\/\/www.polisrecreio.com.br\/site\/wp-content\/uploads\/2024\/01\/dd.jpeg 938w, https:\/\/www.polisrecreio.com.br\/site\/wp-content\/uploads\/2024\/01\/dd-300x294.jpeg 300w, https:\/\/www.polisrecreio.com.br\/site\/wp-content\/uploads\/2024\/01\/dd-768x752.jpeg 768w\" sizes=\"(max-width: 938px) 100vw, 938px\" \/><\/a><\/p>\n<p style=\"text-align: justify;\">O prato conta com pudim de milho verde com caramelo de mela\u00e7o de cana, delicadamente decorado com um tuille negro e creme de ab\u00f3bora.<\/p>\n<p style=\"text-align: justify;\">Didiu \u00e9 propriet\u00e1rio do Prato Du Chef, em Recreio, instalado na Rua Ferreira Neto, pr\u00f3ximo ao Centro Cultural Aristides Dorigo.<\/p>\n<p style=\"text-align: justify;\">A vota\u00e7\u00e3o acontece pelo Instagram do Circuito, at\u00e9 as 12h do dia 28 de fevereiro. Conforme o regulamento, o resultado decorrente da avalia\u00e7\u00e3o da comiss\u00e3o organizadora somar\u00e1 aos pontos conquistados pelo voto popular de acordo com a tabela de curtidas (de 01 a 200 curtidas = 02 pontos; de 201 a 500 curtidas = 03 pontos; a partir de 501 curtidas = 05 pontos).<\/p>\n<p style=\"text-align: justify;\">Curta a foto \u201cPudim Caipira\u201d (<a href=\"https:\/\/www.instagram.com\/p\/C2FbmOrCuvV\/\" target=\"_blank\" rel=\"noopener noreferrer\">https:\/\/www.instagram.com\/p\/C2FbmOrCuvV\/<\/a>).<\/p>\n<p><a href=\"http:\/\/www.polisrecreio.com.br\/site\/wp-content\/uploads\/2024\/01\/WhatsApp-Image-2024-01-15-at-20.00.58.jpeg\"><img loading=\"lazy\" class=\"aligncenter size-full wp-image-26613\" src=\"http:\/\/www.polisrecreio.com.br\/site\/wp-content\/uploads\/2024\/01\/WhatsApp-Image-2024-01-15-at-20.00.58.jpeg\" alt=\"\" width=\"589\" height=\"594\" srcset=\"https:\/\/www.polisrecreio.com.br\/site\/wp-content\/uploads\/2024\/01\/WhatsApp-Image-2024-01-15-at-20.00.58.jpeg 589w, https:\/\/www.polisrecreio.com.br\/site\/wp-content\/uploads\/2024\/01\/WhatsApp-Image-2024-01-15-at-20.00.58-297x300.jpeg 297w, https:\/\/www.polisrecreio.com.br\/site\/wp-content\/uploads\/2024\/01\/WhatsApp-Image-2024-01-15-at-20.00.58-150x150.jpeg 150w\" sizes=\"(max-width: 589px) 100vw, 589px\" \/><\/a><\/p>\n<p><strong>Premia\u00e7\u00f5es III Festival Trem B\u00e3o de Minas\u00a0<\/strong><\/p>\n<ul>\n<li>1\u00ba Lugar: trof\u00e9u + certificado + R$ 1.000<\/li>\n<li>2\u00ba Lugar: trof\u00e9u + certificado + R$ 600<\/li>\n<li>3\u00ba Lugar: trof\u00e9u + certificado + R$ 400<\/li>\n<\/ul>\n","protected":false},"excerpt":{"rendered":"<p>Recreio tamb\u00e9m est\u00e1 na final do da 3\u00aa edi\u00e7\u00e3o do Festival Regional de Gastronomia, promovido pelo IGR Circuito Tur\u00edstico Serras e Cachoeiras, na categoria prato doce, com \u201cPudim Caipira\u201d, do chef Adriano Lomb\u00e9 (Didiu).<\/p>\n","protected":false},"author":3,"featured_media":0,"comment_status":"open","ping_status":"open","sticky":false,"template":"","format":"standard","meta":[],"categories":[2],"tags":[],"yoast_head":"<!-- This site is optimized with the Yoast SEO plugin v15.6.2 - https:\/\/yoast.com\/wordpress\/plugins\/seo\/ -->\n<meta name=\"robots\" content=\"index, follow, max-snippet:-1, max-image-preview:large, max-video-preview:-1\" \/>\n<link rel=\"canonical\" href=\"https:\/\/www.polisrecreio.com.br\/site\/2024\/01\/15\/prato-doce-de-recreio-e-finalista-do-festival-regional-de-gastronomia\/\" \/>\n<meta property=\"og:locale\" content=\"pt_BR\" \/>\n<meta property=\"og:type\" content=\"article\" \/>\n<meta property=\"og:title\" content=\"Prato doce de Recreio \u00e9 finalista do Festival Regional de Gastronomia - P\u00f3lis Recreio\" \/>\n<meta property=\"og:description\" content=\"Recreio tamb\u00e9m est\u00e1 na final do da 3\u00aa edi\u00e7\u00e3o do Festival Regional de Gastronomia, promovido pelo IGR Circuito Tur\u00edstico Serras e Cachoeiras, na categoria prato doce, com \u201cPudim Caipira\u201d, do chef Adriano Lomb\u00e9 (Didiu).\" \/>\n<meta property=\"og:url\" content=\"https:\/\/www.polisrecreio.com.br\/site\/2024\/01\/15\/prato-doce-de-recreio-e-finalista-do-festival-regional-de-gastronomia\/\" \/>\n<meta property=\"og:site_name\" content=\"P\u00f3lis Recreio\" \/>\n<meta property=\"article:publisher\" content=\"https:\/\/www.facebook.com\/Site-P%c3%b3lis-Recreio-MG-181941708571019\/\" \/>\n<meta property=\"article:published_time\" content=\"2024-01-15T23:04:05+00:00\" \/>\n<meta property=\"og:image\" content=\"http:\/\/www.polisrecreio.com.br\/site\/wp-content\/uploads\/2024\/01\/dd.jpeg\" \/>\n<meta name=\"twitter:card\" content=\"summary_large_image\" \/>\n<meta name=\"twitter:creator\" content=\"@PolisRecreio\" \/>\n<meta name=\"twitter:site\" content=\"@PolisRecreio\" \/>\n<meta name=\"twitter:label1\" content=\"Est. reading time\">\n\t<meta name=\"twitter:data1\" content=\"2 minutos\">\n<script type=\"application\/ld+json\" class=\"yoast-schema-graph\">{\"@context\":\"https:\/\/schema.org\",\"@graph\":[{\"@type\":\"WebSite\",\"@id\":\"https:\/\/www.polisrecreio.com.br\/site\/#website\",\"url\":\"https:\/\/www.polisrecreio.com.br\/site\/\",\"name\":\"P\\u00f3lis Recreio\",\"description\":\"\",\"potentialAction\":[{\"@type\":\"SearchAction\",\"target\":\"https:\/\/www.polisrecreio.com.br\/site\/?s={search_term_string}\",\"query-input\":\"required name=search_term_string\"}],\"inLanguage\":\"pt-BR\"},{\"@type\":\"ImageObject\",\"@id\":\"https:\/\/www.polisrecreio.com.br\/site\/2024\/01\/15\/prato-doce-de-recreio-e-finalista-do-festival-regional-de-gastronomia\/#primaryimage\",\"inLanguage\":\"pt-BR\",\"url\":\"http:\/\/www.polisrecreio.com.br\/site\/wp-content\/uploads\/2024\/01\/dd.jpeg\"},{\"@type\":\"WebPage\",\"@id\":\"https:\/\/www.polisrecreio.com.br\/site\/2024\/01\/15\/prato-doce-de-recreio-e-finalista-do-festival-regional-de-gastronomia\/#webpage\",\"url\":\"https:\/\/www.polisrecreio.com.br\/site\/2024\/01\/15\/prato-doce-de-recreio-e-finalista-do-festival-regional-de-gastronomia\/\",\"name\":\"Prato doce de Recreio \\u00e9 finalista do Festival Regional de Gastronomia - P\\u00f3lis Recreio\",\"isPartOf\":{\"@id\":\"https:\/\/www.polisrecreio.com.br\/site\/#website\"},\"primaryImageOfPage\":{\"@id\":\"https:\/\/www.polisrecreio.com.br\/site\/2024\/01\/15\/prato-doce-de-recreio-e-finalista-do-festival-regional-de-gastronomia\/#primaryimage\"},\"datePublished\":\"2024-01-15T23:04:05+00:00\",\"dateModified\":\"2024-01-15T23:04:05+00:00\",\"author\":{\"@id\":\"https:\/\/www.polisrecreio.com.br\/site\/#\/schema\/person\/3363c1c78e1e28e1329d97adb387638e\"},\"inLanguage\":\"pt-BR\",\"potentialAction\":[{\"@type\":\"ReadAction\",\"target\":[\"https:\/\/www.polisrecreio.com.br\/site\/2024\/01\/15\/prato-doce-de-recreio-e-finalista-do-festival-regional-de-gastronomia\/\"]}]},{\"@type\":\"Person\",\"@id\":\"https:\/\/www.polisrecreio.com.br\/site\/#\/schema\/person\/3363c1c78e1e28e1329d97adb387638e\",\"name\":\"Leonardo Ribeiro\",\"image\":{\"@type\":\"ImageObject\",\"@id\":\"https:\/\/www.polisrecreio.com.br\/site\/#personlogo\",\"inLanguage\":\"pt-BR\",\"url\":\"https:\/\/secure.gravatar.com\/avatar\/6ba92a37d621e1a83e23710251178a12?s=96&d=mm&r=g\",\"caption\":\"Leonardo Ribeiro\"},\"sameAs\":[\"http:\/\/www.polisrecreio.com.br\"]}]}<\/script>\n<!-- \/ Yoast SEO plugin. -->","_links":{"self":[{"href":"https:\/\/www.polisrecreio.com.br\/site\/wp-json\/wp\/v2\/posts\/26611"}],"collection":[{"href":"https:\/\/www.polisrecreio.com.br\/site\/wp-json\/wp\/v2\/posts"}],"about":[{"href":"https:\/\/www.polisrecreio.com.br\/site\/wp-json\/wp\/v2\/types\/post"}],"author":[{"embeddable":true,"href":"https:\/\/www.polisrecreio.com.br\/site\/wp-json\/wp\/v2\/users\/3"}],"replies":[{"embeddable":true,"href":"https:\/\/www.polisrecreio.com.br\/site\/wp-json\/wp\/v2\/comments?post=26611"}],"version-history":[{"count":1,"href":"https:\/\/www.polisrecreio.com.br\/site\/wp-json\/wp\/v2\/posts\/26611\/revisions"}],"predecessor-version":[{"id":26614,"href":"https:\/\/www.polisrecreio.com.br\/site\/wp-json\/wp\/v2\/posts\/26611\/revisions\/26614"}],"wp:attachment":[{"href":"https:\/\/www.polisrecreio.com.br\/site\/wp-json\/wp\/v2\/media?parent=26611"}],"wp:term":[{"taxonomy":"category","embeddable":true,"href":"https:\/\/www.polisrecreio.com.br\/site\/wp-json\/wp\/v2\/categories?post=26611"},{"taxonomy":"post_tag","embeddable":true,"href":"https:\/\/www.polisrecreio.com.br\/site\/wp-json\/wp\/v2\/tags?post=26611"}],"curies":[{"name":"wp","href":"https:\/\/api.w.org\/{rel}","templated":true}]}}