{"id":26675,"date":"2024-02-01T19:12:58","date_gmt":"2024-02-01T22:12:58","guid":{"rendered":"http:\/\/www.polisrecreio.com.br\/site\/?p=26675"},"modified":"2024-02-01T19:13:42","modified_gmt":"2024-02-01T22:13:42","slug":"pre-carnaval-de-recreio-tem-cinco-blocos-confirmados","status":"publish","type":"post","link":"https:\/\/www.polisrecreio.com.br\/site\/2024\/02\/01\/pre-carnaval-de-recreio-tem-cinco-blocos-confirmados\/","title":{"rendered":"Pr\u00e9-carnaval de Recreio tem cinco blocos confirmados"},"content":{"rendered":"<p style=\"text-align: justify;\">O pr\u00e9-carnaval de Recreio tem cinco blocos confirmados. O bloco da Rua da Concei\u00e7\u00e3o abre os festejos nesta sexta-feira (02).<\/p>\n<p><!--more--><\/p>\n<p><a href=\"http:\/\/www.polisrecreio.com.br\/site\/wp-content\/uploads\/2022\/12\/DSC_0052.jpg\"><img loading=\"lazy\" class=\"aligncenter size-full wp-image-24732\" src=\"http:\/\/www.polisrecreio.com.br\/site\/wp-content\/uploads\/2022\/12\/DSC_0052.jpg\" alt=\"\" width=\"750\" height=\"500\" srcset=\"https:\/\/www.polisrecreio.com.br\/site\/wp-content\/uploads\/2022\/12\/DSC_0052.jpg 750w, https:\/\/www.polisrecreio.com.br\/site\/wp-content\/uploads\/2022\/12\/DSC_0052-300x200.jpg 300w\" sizes=\"(max-width: 750px) 100vw, 750px\" \/><\/a><\/p>\n<p style=\"text-align: justify;\">Confira:<\/p>\n<ul>\n<li style=\"text-align: justify;\">Sexta-feira (02) \u2013 Bloco da Rua da Concei\u00e7\u00e3o;<\/li>\n<li style=\"text-align: justify;\">S\u00e1bado (03) \u2013 Bloco Tega na Mantega, 18h, Bar Parada Obrigat\u00f3ria;<\/li>\n<li style=\"text-align: justify;\">Domingo (04) \u2013 Bloco do Chiclete, 12h, Churrasquinho Du Serj\u00e3o;<\/li>\n<li>Domingo (04) &#8211; M\u00fasica ao Vivo com AlexandrePontoCom, 14h, Rancho do Dig\u00e3o;<\/li>\n<li style=\"text-align: justify;\">Sexta-feira (09) \u2013 Bloco Era Sol que Me Faltava, 18h, Churrasquinho Du Serj\u00e3o.<\/li>\n<\/ul>\n<p style=\"text-align: justify;\">A programa\u00e7\u00e3o completa dos quatro dias do Carnaval de Recreio de 2024 est\u00e1 divulgada nas redes sociais da Prefeitura Municipal.<\/p>\n","protected":false},"excerpt":{"rendered":"<p>O pr\u00e9-carnaval de Recreio tem cinco blocos confirmados. O bloco da Rua da Concei\u00e7\u00e3o abre os festejos nesta sexta-feira (02).<\/p>\n","protected":false},"author":3,"featured_media":0,"comment_status":"open","ping_status":"open","sticky":false,"template":"","format":"standard","meta":[],"categories":[2],"tags":[],"yoast_head":"<!-- This site is optimized with the Yoast SEO plugin v15.6.2 - https:\/\/yoast.com\/wordpress\/plugins\/seo\/ -->\n<meta name=\"robots\" content=\"index, follow, max-snippet:-1, max-image-preview:large, max-video-preview:-1\" \/>\n<link rel=\"canonical\" href=\"http:\/\/www.polisrecreio.com.br\/site\/2024\/02\/01\/pre-carnaval-de-recreio-tem-cinco-blocos-confirmados\/\" \/>\n<meta property=\"og:locale\" content=\"pt_BR\" \/>\n<meta property=\"og:type\" content=\"article\" \/>\n<meta property=\"og:title\" content=\"Pr\u00e9-carnaval de Recreio tem cinco blocos confirmados - P\u00f3lis Recreio\" \/>\n<meta property=\"og:description\" content=\"O pr\u00e9-carnaval de Recreio tem cinco blocos confirmados. O bloco da Rua da Concei\u00e7\u00e3o abre os festejos nesta sexta-feira (02).\" \/>\n<meta property=\"og:url\" content=\"http:\/\/www.polisrecreio.com.br\/site\/2024\/02\/01\/pre-carnaval-de-recreio-tem-cinco-blocos-confirmados\/\" \/>\n<meta property=\"og:site_name\" content=\"P\u00f3lis Recreio\" \/>\n<meta property=\"article:publisher\" content=\"https:\/\/www.facebook.com\/Site-P%c3%b3lis-Recreio-MG-181941708571019\/\" \/>\n<meta property=\"article:published_time\" content=\"2024-02-01T22:12:58+00:00\" \/>\n<meta property=\"article:modified_time\" content=\"2024-02-01T22:13:42+00:00\" \/>\n<meta property=\"og:image\" content=\"http:\/\/www.polisrecreio.com.br\/site\/wp-content\/uploads\/2022\/12\/DSC_0052.jpg\" \/>\n<meta name=\"twitter:card\" content=\"summary_large_image\" \/>\n<meta name=\"twitter:creator\" content=\"@PolisRecreio\" \/>\n<meta name=\"twitter:site\" content=\"@PolisRecreio\" \/>\n<meta name=\"twitter:label1\" content=\"Est. reading time\">\n\t<meta name=\"twitter:data1\" content=\"1 minuto\">\n<script type=\"application\/ld+json\" class=\"yoast-schema-graph\">{\"@context\":\"https:\/\/schema.org\",\"@graph\":[{\"@type\":\"WebSite\",\"@id\":\"https:\/\/www.polisrecreio.com.br\/site\/#website\",\"url\":\"https:\/\/www.polisrecreio.com.br\/site\/\",\"name\":\"P\\u00f3lis Recreio\",\"description\":\"\",\"potentialAction\":[{\"@type\":\"SearchAction\",\"target\":\"https:\/\/www.polisrecreio.com.br\/site\/?s={search_term_string}\",\"query-input\":\"required name=search_term_string\"}],\"inLanguage\":\"pt-BR\"},{\"@type\":\"ImageObject\",\"@id\":\"http:\/\/www.polisrecreio.com.br\/site\/2024\/02\/01\/pre-carnaval-de-recreio-tem-cinco-blocos-confirmados\/#primaryimage\",\"inLanguage\":\"pt-BR\",\"url\":\"http:\/\/www.polisrecreio.com.br\/site\/wp-content\/uploads\/2022\/12\/DSC_0052.jpg\"},{\"@type\":\"WebPage\",\"@id\":\"http:\/\/www.polisrecreio.com.br\/site\/2024\/02\/01\/pre-carnaval-de-recreio-tem-cinco-blocos-confirmados\/#webpage\",\"url\":\"http:\/\/www.polisrecreio.com.br\/site\/2024\/02\/01\/pre-carnaval-de-recreio-tem-cinco-blocos-confirmados\/\",\"name\":\"Pr\\u00e9-carnaval de Recreio tem cinco blocos confirmados - P\\u00f3lis Recreio\",\"isPartOf\":{\"@id\":\"https:\/\/www.polisrecreio.com.br\/site\/#website\"},\"primaryImageOfPage\":{\"@id\":\"http:\/\/www.polisrecreio.com.br\/site\/2024\/02\/01\/pre-carnaval-de-recreio-tem-cinco-blocos-confirmados\/#primaryimage\"},\"datePublished\":\"2024-02-01T22:12:58+00:00\",\"dateModified\":\"2024-02-01T22:13:42+00:00\",\"author\":{\"@id\":\"https:\/\/www.polisrecreio.com.br\/site\/#\/schema\/person\/3363c1c78e1e28e1329d97adb387638e\"},\"inLanguage\":\"pt-BR\",\"potentialAction\":[{\"@type\":\"ReadAction\",\"target\":[\"http:\/\/www.polisrecreio.com.br\/site\/2024\/02\/01\/pre-carnaval-de-recreio-tem-cinco-blocos-confirmados\/\"]}]},{\"@type\":\"Person\",\"@id\":\"https:\/\/www.polisrecreio.com.br\/site\/#\/schema\/person\/3363c1c78e1e28e1329d97adb387638e\",\"name\":\"Leonardo Ribeiro\",\"image\":{\"@type\":\"ImageObject\",\"@id\":\"https:\/\/www.polisrecreio.com.br\/site\/#personlogo\",\"inLanguage\":\"pt-BR\",\"url\":\"https:\/\/secure.gravatar.com\/avatar\/6ba92a37d621e1a83e23710251178a12?s=96&d=mm&r=g\",\"caption\":\"Leonardo Ribeiro\"},\"sameAs\":[\"http:\/\/www.polisrecreio.com.br\"]}]}<\/script>\n<!-- \/ Yoast SEO plugin. -->","_links":{"self":[{"href":"https:\/\/www.polisrecreio.com.br\/site\/wp-json\/wp\/v2\/posts\/26675"}],"collection":[{"href":"https:\/\/www.polisrecreio.com.br\/site\/wp-json\/wp\/v2\/posts"}],"about":[{"href":"https:\/\/www.polisrecreio.com.br\/site\/wp-json\/wp\/v2\/types\/post"}],"author":[{"embeddable":true,"href":"https:\/\/www.polisrecreio.com.br\/site\/wp-json\/wp\/v2\/users\/3"}],"replies":[{"embeddable":true,"href":"https:\/\/www.polisrecreio.com.br\/site\/wp-json\/wp\/v2\/comments?post=26675"}],"version-history":[{"count":2,"href":"https:\/\/www.polisrecreio.com.br\/site\/wp-json\/wp\/v2\/posts\/26675\/revisions"}],"predecessor-version":[{"id":26677,"href":"https:\/\/www.polisrecreio.com.br\/site\/wp-json\/wp\/v2\/posts\/26675\/revisions\/26677"}],"wp:attachment":[{"href":"https:\/\/www.polisrecreio.com.br\/site\/wp-json\/wp\/v2\/media?parent=26675"}],"wp:term":[{"taxonomy":"category","embeddable":true,"href":"https:\/\/www.polisrecreio.com.br\/site\/wp-json\/wp\/v2\/categories?post=26675"},{"taxonomy":"post_tag","embeddable":true,"href":"https:\/\/www.polisrecreio.com.br\/site\/wp-json\/wp\/v2\/tags?post=26675"}],"curies":[{"name":"wp","href":"https:\/\/api.w.org\/{rel}","templated":true}]}}