{"id":26684,"date":"2024-02-08T07:42:30","date_gmt":"2024-02-08T10:42:30","guid":{"rendered":"http:\/\/www.polisrecreio.com.br\/site\/?p=26684"},"modified":"2024-02-08T07:42:30","modified_gmt":"2024-02-08T10:42:30","slug":"mec-publica-regras-e-calendario-do-pagamento-de-incentivo-financeiro-para-alunos-do-ensino-medio","status":"publish","type":"post","link":"https:\/\/www.polisrecreio.com.br\/site\/2024\/02\/08\/mec-publica-regras-e-calendario-do-pagamento-de-incentivo-financeiro-para-alunos-do-ensino-medio\/","title":{"rendered":"MEC publica regras e calend\u00e1rio do pagamento de incentivo financeiro para alunos do Ensino M\u00e9dio"},"content":{"rendered":"<p style=\"text-align: justify;\">O Minist\u00e9rio da Educa\u00e7\u00e3o (MEC) divulgou as regras e o calend\u00e1rio de pagamento do programa de incentivo financeiro, popularmente chamado de programa\u00a0&#8220;P\u00e9-de-meia&#8221;, para estudantes do Ensino M\u00e9dio e da EJA. Duas portarias com o assunto foram publicadas na edi\u00e7\u00e3o do Di\u00e1rio Oficial da Uni\u00e3o desta quinta-feira (8).<\/p>\n<p><!--more--><\/p>\n<figure id=\"attachment_26686\" aria-describedby=\"caption-attachment-26686\" style=\"width: 750px\" class=\"wp-caption aligncenter\"><a href=\"http:\/\/www.polisrecreio.com.br\/site\/wp-content\/uploads\/2024\/02\/acustico-1.jpg\"><img loading=\"lazy\" class=\"wp-image-26686 size-full\" src=\"http:\/\/www.polisrecreio.com.br\/site\/wp-content\/uploads\/2024\/02\/acustico-1.jpg\" alt=\"\" width=\"750\" height=\"500\" srcset=\"https:\/\/www.polisrecreio.com.br\/site\/wp-content\/uploads\/2024\/02\/acustico-1.jpg 750w, https:\/\/www.polisrecreio.com.br\/site\/wp-content\/uploads\/2024\/02\/acustico-1-300x200.jpg 300w\" sizes=\"(max-width: 750px) 100vw, 750px\" \/><\/a><figcaption id=\"caption-attachment-26686\" class=\"wp-caption-text\">Imagem ilustrativa. Foto: Canva.<\/figcaption><\/figure>\n<p style=\"text-align: justify;\">Um dos objetivos do programa \u00e9 combater a evas\u00e3o escolar no ensino m\u00e9dio e diminuir a desigualdade no acesso \u00e0 universidade e ao mercado de trabalho. Por este motivo, o Governo Federal ir\u00e1 formar uma\u00a0poupan\u00e7a de at\u00e9 R$ 9,2 mil\u00a0para os estudantes que conclu\u00edrem os estudos.<\/p>\n<p style=\"text-align: justify;\">Segundo o MEC, a expectativa \u00e9 de que o programa atenda cerca de\u00a02,5 milh\u00f5es de estudantes.<\/p>\n<p><strong>Quem pode participar?<\/strong><\/p>\n<p style=\"text-align: justify;\">De acordo com a portaria, podem participar do programa os estudantes matriculados em\u00a0escolas p\u00fablicas e que estejam cursando o Ensino M\u00e9dio ou a Educa\u00e7\u00e3o de Jovens e Adultos (EJA). Al\u00e9m disso, \u00e9 necess\u00e1rio:<\/p>\n<ul>\n<li style=\"text-align: justify;\">ter entre 14 e 24 anos;<\/li>\n<li style=\"text-align: justify;\">fazer parte de fam\u00edlia inscrita no Cadastro \u00danico (Cad\u00danico).<\/li>\n<\/ul>\n<p style=\"text-align: justify;\">Segundo MEC, ter\u00e3o\u00a0prioridade\u00a0para receber o benef\u00edcio os estudantes que integrem\u00a0fam\u00edlias que recebem o Bolsa Fam\u00edlia. Por outro lado, alunos cadastrados como\u00a0fam\u00edlia unipessoal\u00a0no Bolsa Fam\u00edlia\u00a0n\u00e3o t\u00eam\u00a0direito ao programa.<\/p>\n<p style=\"text-align: justify;\"><strong>Como se inscrever?<\/strong><\/p>\n<p style=\"text-align: justify;\">O MEC informou que ser\u00e1 respons\u00e1vel por definir quais os alunos ter\u00e3o direito a receber o programa. Para isso, as escolas dever\u00e3o enviar os dados dos estudantes para o governo.<\/p>\n<p style=\"text-align: justify;\">Ap\u00f3s o recebimento dos dados, o MEC far\u00e1 o cruzamento de informa\u00e7\u00f5es com o Cadastro \u00danico e abrir\u00e1 as contas banc\u00e1rias para os alunos.<\/p>\n<p style=\"text-align: justify;\">O governo informou que \u00e9 necess\u00e1rio que os estudantes\u00a0tenham CPF e estejam inscritos no Cad\u00danico.<\/p>\n<p style=\"text-align: justify;\">Para este ano, segundo a portaria do MEC, o governo ir\u00e1 analisar as\u00a0informa\u00e7\u00f5es contidas no Cad\u00danico\u00a0no dia\u00a010 de fevereiro de 2024. Al\u00e9m disso, estar\u00e3o aptas as\u00a0matr\u00edculas de estudantes\u00a0no ensino m\u00e9dio transmitidas pelas institui\u00e7\u00f5es de ensino\u00a0at\u00e9 8 de mar\u00e7o de 2024.<\/p>\n<p><strong>Inscri\u00e7\u00e3o no Cad\u00danico<\/strong><\/p>\n<p style=\"text-align: justify;\">Para se inscrever no Cad\u00danico, \u00e9 necess\u00e1rio fazer um p\u00e9-cadastro no\u00a0<a href=\"https:\/\/www.gov.br\/mds\/pt-br\/pt-br\/cadunico\/app-cadunico\" target=\"_blank\" rel=\"noopener noreferrer\"><strong>App Cadastro \u00danico<\/strong><\/a>. Depois, um membro da fam\u00edlia do estudante, com 16 anos ou mais, precisa procurar o Centro de Refer\u00eancia de Assist\u00eancia Social (Cras) da cidade onde ele mora.<\/p>\n<p style=\"text-align: justify;\">No momento da inscri\u00e7\u00e3o, o representante deve apresentar pelo menos um documento da lista a seguir para cada pessoa da fam\u00edlia:<\/p>\n<ul>\n<li style=\"text-align: justify;\">Certid\u00e3o de Nascimento;<\/li>\n<li style=\"text-align: justify;\">Certid\u00e3o de Casamento;<\/li>\n<li style=\"text-align: justify;\">CPF;<\/li>\n<li style=\"text-align: justify;\">Carteira de Identidade \u2013 RG;<\/li>\n<li style=\"text-align: justify;\">Carteira de Trabalho;<\/li>\n<li style=\"text-align: justify;\">T\u00edtulo de Eleitor;<\/li>\n<li style=\"text-align: justify;\">Registro Administrativo de Nascimento Ind\u00edgena (RANI) \u2013 somente se a pessoa for ind\u00edgena.<\/li>\n<\/ul>\n<p><strong>Valores que ser\u00e3o pagos<\/strong><\/p>\n<p style=\"text-align: justify;\">O MEC informou que o benef\u00edcio ser\u00e1 pago por etapas, da seguinte forma:<\/p>\n<ul>\n<li style=\"text-align: justify;\">incentivo para matr\u00edcula, no valor anual de R$ 200;<\/li>\n<li style=\"text-align: justify;\">incentivo de frequ\u00eancia, no valor anual de R$ 1.800;<\/li>\n<li style=\"text-align: justify;\">incentivo para conclus\u00e3o do ano, no valor anual de R$ 1.000;<\/li>\n<li style=\"text-align: justify;\">incentivo para o Enem, em parcela \u00fanica de R$ 200.<\/li>\n<\/ul>\n<p style=\"text-align: justify;\">No caso do incentivo de frequ\u00eancia, o valor total de R$ 1.800\u00a0ser\u00e1 pago em nove parcelas\u00a0ao longo do ano. A exce\u00e7\u00e3o ser\u00e1 para este ano, quando o benef\u00edcio ser\u00e1 pago em oito parcelas, totalizando R$ 1.600.<\/p>\n<p style=\"text-align: justify;\"><strong>Regras<\/strong><\/p>\n<p style=\"text-align: justify;\">O MEC informou que vai exigir uma s\u00e9rie de dados sobre a vida escolar do estudante para que o benef\u00edcio seja pago regularmente. Confira a seguir:<\/p>\n<p style=\"text-align: justify;\">Incentivo de matr\u00edcula:\u00a0\u00e9 necess\u00e1ria que a inscri\u00e7\u00e3o no ano escolar seja feita\u00a0at\u00e9 dois meses ap\u00f3s o in\u00edcio do ano letivo.<\/p>\n<p style=\"text-align: justify;\">Incentivo de frequ\u00eancia:\u00a0o aluno ter\u00e1 de ter frequ\u00eancia de pelo menos\u00a080% das horas letivas.\u00a0Caber\u00e1 \u00e0s institui\u00e7\u00f5es de ensino comunicar ao governo, todos os meses, a frequ\u00eancia escolar dos estudantes.<\/p>\n<p style=\"text-align: justify;\">Incentivo de conclus\u00e3o:\u00a0o estudante dever\u00e1 passar de ano para receber o valor anual. Al\u00e9m disso, se for o caso, o aluno ter\u00e1 de ter a participa\u00e7\u00e3o comprovada em exames de avalia\u00e7\u00e3o, como o do Sistema de Avalia\u00e7\u00e3o da Educa\u00e7\u00e3o B\u00e1sica (Saeb).<\/p>\n<p style=\"text-align: justify;\">Incentivo do Enem:\u00a0o valor s\u00f3 ser\u00e1 pago aos alunos que conclu\u00edrem o ensino m\u00e9dio e estiverem presentes nos dois dias de provas.<\/p>\n<p style=\"text-align: justify;\">Em caso de retorno ap\u00f3s\u00a0abandono\u00a0ou\u00a0reprova\u00e7\u00e3o, o governo informou que s\u00f3 pagar\u00e1 o benef\u00edcio\u00a0uma \u00fanica vez\u00a0para cada s\u00e9rie do ensino m\u00e9dio.<\/p>\n<p style=\"text-align: justify;\"><strong>Ser\u00e3o desligados do programa os alunos que:<\/strong><\/p>\n<ul>\n<li style=\"text-align: justify;\">optarem por abandonar o &#8220;P\u00e9-de-meia&#8221;\u00a0voluntariamente;<\/li>\n<li style=\"text-align: justify;\">que n\u00e3o estiverem mais dentro dos\u00a0crit\u00e9rios de elegibilidade, como idade e inscri\u00e7\u00e3o no Cad\u00danico;<\/li>\n<li style=\"text-align: justify;\">que\u00a0reprovarem de ano duas vezes\u00a0consecutivas;<\/li>\n<li style=\"text-align: justify;\">que\u00a0abandonarem os estudos\u00a0por mais de dois anos;<\/li>\n<li style=\"text-align: justify;\">que cometerem qualquer tipo de\u00a0fraude ou irregularidade.<\/li>\n<\/ul>\n<p><strong>Calend\u00e1rio de pagamento<\/strong><\/p>\n<p style=\"text-align: justify;\">O\u00a0incentivo matr\u00edcula, no valor de R$ 200, ser\u00e1 pago entre os dias\u00a026 de mar\u00e7o e 7 de abril. Caso algum aluno n\u00e3o receba o benef\u00edcio por alguma atualiza\u00e7\u00e3o nos dados do governo, o pagamento ser\u00e1 feito at\u00e9 1\u00ba de julho.<\/p>\n<p style=\"text-align: justify;\">Para o\u00a0incentivo de frequ\u00eancia, no valor de R$ 1.600, o pagamento ser\u00e1 feito em oito parcelas. Veja os prazos na tabela abaixo.<\/p>\n<p style=\"text-align: justify;\">J\u00e1 em rela\u00e7\u00e3o ao\u00a0incentivo de conclus\u00e3o, no valor de R$ 1.000, o dep\u00f3sito na poupan\u00e7a estudantil ser\u00e1 feito entre\u00a024 de fevereiro de 2025 e 3 de mar\u00e7o de 2025. Caso algum aluno n\u00e3o receba o benef\u00edcio por alguma atualiza\u00e7\u00e3o nos dados do governo, o pagamento ser\u00e1 feito at\u00e9 5 de maio de 2025.<\/p>\n<p style=\"text-align: justify;\">Por fim, o\u00a0incentivo para o Enem, de R$ 200, ser\u00e1 depositado entre\u00a023 de dezembro de 2024 e 3 de janeiro de 2025.<\/p>\n<p><a href=\"http:\/\/www.polisrecreio.com.br\/site\/wp-content\/uploads\/2024\/02\/WhatsApp-Image-2024-02-08-at-07.38.35.jpeg\"><img loading=\"lazy\" class=\"aligncenter size-full wp-image-26685\" src=\"http:\/\/www.polisrecreio.com.br\/site\/wp-content\/uploads\/2024\/02\/WhatsApp-Image-2024-02-08-at-07.38.35.jpeg\" alt=\"\" width=\"518\" height=\"428\" srcset=\"https:\/\/www.polisrecreio.com.br\/site\/wp-content\/uploads\/2024\/02\/WhatsApp-Image-2024-02-08-at-07.38.35.jpeg 518w, https:\/\/www.polisrecreio.com.br\/site\/wp-content\/uploads\/2024\/02\/WhatsApp-Image-2024-02-08-at-07.38.35-300x248.jpeg 300w\" sizes=\"(max-width: 518px) 100vw, 518px\" \/><\/a><\/p>\n<p><strong><em>Com informa\u00e7\u00f5es: g1.<\/em><\/strong><\/p>\n","protected":false},"excerpt":{"rendered":"<p>O Minist\u00e9rio da Educa\u00e7\u00e3o (MEC) divulgou as regras e o calend\u00e1rio de pagamento do programa de incentivo financeiro, popularmente chamado de programa\u00a0&#8220;P\u00e9-de-meia&#8221;, para estudantes do Ensino M\u00e9dio e da EJA. Duas portarias com o assunto foram publicadas na edi\u00e7\u00e3o do Di\u00e1rio Oficial da Uni\u00e3o desta quinta-feira (8).<\/p>\n","protected":false},"author":3,"featured_media":0,"comment_status":"open","ping_status":"open","sticky":false,"template":"","format":"standard","meta":[],"categories":[9],"tags":[],"yoast_head":"<!-- This site is optimized with the Yoast SEO plugin v15.6.2 - https:\/\/yoast.com\/wordpress\/plugins\/seo\/ -->\n<meta name=\"robots\" content=\"index, follow, max-snippet:-1, max-image-preview:large, max-video-preview:-1\" \/>\n<link rel=\"canonical\" href=\"http:\/\/www.polisrecreio.com.br\/site\/2024\/02\/08\/mec-publica-regras-e-calendario-do-pagamento-de-incentivo-financeiro-para-alunos-do-ensino-medio\/\" \/>\n<meta property=\"og:locale\" content=\"pt_BR\" \/>\n<meta property=\"og:type\" content=\"article\" \/>\n<meta property=\"og:title\" content=\"MEC publica regras e calend\u00e1rio do pagamento de incentivo financeiro para alunos do Ensino M\u00e9dio - P\u00f3lis Recreio\" \/>\n<meta property=\"og:description\" content=\"O Minist\u00e9rio da Educa\u00e7\u00e3o (MEC) divulgou as regras e o calend\u00e1rio de pagamento do programa de incentivo financeiro, popularmente chamado de programa\u00a0&#8220;P\u00e9-de-meia&#8221;, para estudantes do Ensino M\u00e9dio e da EJA. Duas portarias com o assunto foram publicadas na edi\u00e7\u00e3o do Di\u00e1rio Oficial da Uni\u00e3o desta quinta-feira (8).\" \/>\n<meta property=\"og:url\" content=\"http:\/\/www.polisrecreio.com.br\/site\/2024\/02\/08\/mec-publica-regras-e-calendario-do-pagamento-de-incentivo-financeiro-para-alunos-do-ensino-medio\/\" \/>\n<meta property=\"og:site_name\" content=\"P\u00f3lis Recreio\" \/>\n<meta property=\"article:publisher\" content=\"https:\/\/www.facebook.com\/Site-P%c3%b3lis-Recreio-MG-181941708571019\/\" \/>\n<meta property=\"article:published_time\" content=\"2024-02-08T10:42:30+00:00\" \/>\n<meta property=\"og:image\" content=\"http:\/\/www.polisrecreio.com.br\/site\/wp-content\/uploads\/2024\/02\/acustico-1.jpg\" \/>\n<meta name=\"twitter:card\" content=\"summary_large_image\" \/>\n<meta name=\"twitter:creator\" content=\"@PolisRecreio\" \/>\n<meta name=\"twitter:site\" content=\"@PolisRecreio\" \/>\n<meta name=\"twitter:label1\" content=\"Est. reading time\">\n\t<meta name=\"twitter:data1\" content=\"5 minutos\">\n<script type=\"application\/ld+json\" class=\"yoast-schema-graph\">{\"@context\":\"https:\/\/schema.org\",\"@graph\":[{\"@type\":\"WebSite\",\"@id\":\"https:\/\/www.polisrecreio.com.br\/site\/#website\",\"url\":\"https:\/\/www.polisrecreio.com.br\/site\/\",\"name\":\"P\\u00f3lis Recreio\",\"description\":\"\",\"potentialAction\":[{\"@type\":\"SearchAction\",\"target\":\"https:\/\/www.polisrecreio.com.br\/site\/?s={search_term_string}\",\"query-input\":\"required name=search_term_string\"}],\"inLanguage\":\"pt-BR\"},{\"@type\":\"ImageObject\",\"@id\":\"http:\/\/www.polisrecreio.com.br\/site\/2024\/02\/08\/mec-publica-regras-e-calendario-do-pagamento-de-incentivo-financeiro-para-alunos-do-ensino-medio\/#primaryimage\",\"inLanguage\":\"pt-BR\",\"url\":\"http:\/\/www.polisrecreio.com.br\/site\/wp-content\/uploads\/2024\/02\/acustico-1.jpg\"},{\"@type\":\"WebPage\",\"@id\":\"http:\/\/www.polisrecreio.com.br\/site\/2024\/02\/08\/mec-publica-regras-e-calendario-do-pagamento-de-incentivo-financeiro-para-alunos-do-ensino-medio\/#webpage\",\"url\":\"http:\/\/www.polisrecreio.com.br\/site\/2024\/02\/08\/mec-publica-regras-e-calendario-do-pagamento-de-incentivo-financeiro-para-alunos-do-ensino-medio\/\",\"name\":\"MEC publica regras e calend\\u00e1rio do pagamento de incentivo financeiro para alunos do Ensino M\\u00e9dio - P\\u00f3lis Recreio\",\"isPartOf\":{\"@id\":\"https:\/\/www.polisrecreio.com.br\/site\/#website\"},\"primaryImageOfPage\":{\"@id\":\"http:\/\/www.polisrecreio.com.br\/site\/2024\/02\/08\/mec-publica-regras-e-calendario-do-pagamento-de-incentivo-financeiro-para-alunos-do-ensino-medio\/#primaryimage\"},\"datePublished\":\"2024-02-08T10:42:30+00:00\",\"dateModified\":\"2024-02-08T10:42:30+00:00\",\"author\":{\"@id\":\"https:\/\/www.polisrecreio.com.br\/site\/#\/schema\/person\/3363c1c78e1e28e1329d97adb387638e\"},\"inLanguage\":\"pt-BR\",\"potentialAction\":[{\"@type\":\"ReadAction\",\"target\":[\"http:\/\/www.polisrecreio.com.br\/site\/2024\/02\/08\/mec-publica-regras-e-calendario-do-pagamento-de-incentivo-financeiro-para-alunos-do-ensino-medio\/\"]}]},{\"@type\":\"Person\",\"@id\":\"https:\/\/www.polisrecreio.com.br\/site\/#\/schema\/person\/3363c1c78e1e28e1329d97adb387638e\",\"name\":\"Leonardo Ribeiro\",\"image\":{\"@type\":\"ImageObject\",\"@id\":\"https:\/\/www.polisrecreio.com.br\/site\/#personlogo\",\"inLanguage\":\"pt-BR\",\"url\":\"https:\/\/secure.gravatar.com\/avatar\/6ba92a37d621e1a83e23710251178a12?s=96&d=mm&r=g\",\"caption\":\"Leonardo Ribeiro\"},\"sameAs\":[\"http:\/\/www.polisrecreio.com.br\"]}]}<\/script>\n<!-- \/ Yoast SEO plugin. -->","_links":{"self":[{"href":"https:\/\/www.polisrecreio.com.br\/site\/wp-json\/wp\/v2\/posts\/26684"}],"collection":[{"href":"https:\/\/www.polisrecreio.com.br\/site\/wp-json\/wp\/v2\/posts"}],"about":[{"href":"https:\/\/www.polisrecreio.com.br\/site\/wp-json\/wp\/v2\/types\/post"}],"author":[{"embeddable":true,"href":"https:\/\/www.polisrecreio.com.br\/site\/wp-json\/wp\/v2\/users\/3"}],"replies":[{"embeddable":true,"href":"https:\/\/www.polisrecreio.com.br\/site\/wp-json\/wp\/v2\/comments?post=26684"}],"version-history":[{"count":1,"href":"https:\/\/www.polisrecreio.com.br\/site\/wp-json\/wp\/v2\/posts\/26684\/revisions"}],"predecessor-version":[{"id":26687,"href":"https:\/\/www.polisrecreio.com.br\/site\/wp-json\/wp\/v2\/posts\/26684\/revisions\/26687"}],"wp:attachment":[{"href":"https:\/\/www.polisrecreio.com.br\/site\/wp-json\/wp\/v2\/media?parent=26684"}],"wp:term":[{"taxonomy":"category","embeddable":true,"href":"https:\/\/www.polisrecreio.com.br\/site\/wp-json\/wp\/v2\/categories?post=26684"},{"taxonomy":"post_tag","embeddable":true,"href":"https:\/\/www.polisrecreio.com.br\/site\/wp-json\/wp\/v2\/tags?post=26684"}],"curies":[{"name":"wp","href":"https:\/\/api.w.org\/{rel}","templated":true}]}}