{"id":26689,"date":"2024-02-09T08:57:51","date_gmt":"2024-02-09T11:57:51","guid":{"rendered":"http:\/\/www.polisrecreio.com.br\/site\/?p=26689"},"modified":"2024-02-09T08:57:51","modified_gmt":"2024-02-09T11:57:51","slug":"bairro-alto-do-asilo-vai-ganhar-praca-publica-na-avenida-arthur-lima","status":"publish","type":"post","link":"https:\/\/www.polisrecreio.com.br\/site\/2024\/02\/09\/bairro-alto-do-asilo-vai-ganhar-praca-publica-na-avenida-arthur-lima\/","title":{"rendered":"Bairro Alto do Asilo vai ganhar Pra\u00e7a p\u00fablica na Avenida Arthur Lima"},"content":{"rendered":"<p style=\"text-align: justify;\">O bairro Alto do Asilo, em Recreio, vai ganhar uma Pra\u00e7a p\u00fablica, na Avenida Arthur Lima. A Prefeitura Municipal anunciou a data da contrata\u00e7\u00e3o da empresa respons\u00e1vel pela obra: 29 de fevereiro.<\/p>\n<p><!--more--><\/p>\n<p><a href=\"http:\/\/www.polisrecreio.com.br\/site\/wp-content\/uploads\/2024\/02\/WhatsApp-Image-2024-02-09-at-08.50.13.jpeg\"><img loading=\"lazy\" class=\"aligncenter size-full wp-image-26690\" src=\"http:\/\/www.polisrecreio.com.br\/site\/wp-content\/uploads\/2024\/02\/WhatsApp-Image-2024-02-09-at-08.50.13.jpeg\" alt=\"\" width=\"912\" height=\"536\" srcset=\"https:\/\/www.polisrecreio.com.br\/site\/wp-content\/uploads\/2024\/02\/WhatsApp-Image-2024-02-09-at-08.50.13.jpeg 912w, https:\/\/www.polisrecreio.com.br\/site\/wp-content\/uploads\/2024\/02\/WhatsApp-Image-2024-02-09-at-08.50.13-300x176.jpeg 300w, https:\/\/www.polisrecreio.com.br\/site\/wp-content\/uploads\/2024\/02\/WhatsApp-Image-2024-02-09-at-08.50.13-768x451.jpeg 768w\" sizes=\"(max-width: 912px) 100vw, 912px\" \/><\/a><\/p>\n<p style=\"text-align: justify;\">Confira a especifica\u00e7\u00e3o da obra, conforme Processo administrativo n\u00ba 009\/2024, Concorr\u00eancia n\u00ba 001\/2024: execu\u00e7\u00e3o de 747,85m\u00b2 de piso de concreto pr\u00e9-moldado intertravado E=6cm &#8211; FCK=35MPA, instala\u00e7\u00e3o de 269,14m de meio-fio em concreto com FCK de 20MPA, pr\u00e9-moldado, MFC-01 padr\u00e3o DEER-MG, dimens\u00f5es (12&#215;16,7&#215;35) cm, constru\u00e7\u00e3o de 2 unidades de rampa para acesso de deficiente em concreto simples FCK=25MPA, instala\u00e7\u00e3o de 11 conjuntos de mesa e banco em concreto, 05 unidades de banco de concreto, 04 unidades de banco de madeira, 01 brinquedo casa do Tarzan e 04 lixeiras.<\/p>\n<p style=\"text-align: justify;\">Maiores informa\u00e7\u00f5es sobre a contrata\u00e7\u00e3o da empresa pelo telefone (32) 3444-1344, pelo e-mail licitacao@recreio.mg.gov.br ou pessoalmente no Setor de Licita\u00e7\u00f5es da Prefeitura.<\/p>\n","protected":false},"excerpt":{"rendered":"<p>O bairro Alto do Asilo, em Recreio, vai ganhar uma Pra\u00e7a p\u00fablica, na Avenida Arthur Lima. A Prefeitura Municipal anunciou a data da contrata\u00e7\u00e3o da empresa respons\u00e1vel pela obra: 29 de fevereiro.<\/p>\n","protected":false},"author":3,"featured_media":0,"comment_status":"open","ping_status":"open","sticky":false,"template":"","format":"standard","meta":[],"categories":[6],"tags":[],"yoast_head":"<!-- This site is optimized with the Yoast SEO plugin v15.6.2 - https:\/\/yoast.com\/wordpress\/plugins\/seo\/ -->\n<meta name=\"robots\" content=\"index, follow, max-snippet:-1, max-image-preview:large, max-video-preview:-1\" \/>\n<link rel=\"canonical\" href=\"https:\/\/www.polisrecreio.com.br\/site\/2024\/02\/09\/bairro-alto-do-asilo-vai-ganhar-praca-publica-na-avenida-arthur-lima\/\" \/>\n<meta property=\"og:locale\" content=\"pt_BR\" \/>\n<meta property=\"og:type\" content=\"article\" \/>\n<meta property=\"og:title\" content=\"Bairro Alto do Asilo vai ganhar Pra\u00e7a p\u00fablica na Avenida Arthur Lima - P\u00f3lis Recreio\" \/>\n<meta property=\"og:description\" content=\"O bairro Alto do Asilo, em Recreio, vai ganhar uma Pra\u00e7a p\u00fablica, na Avenida Arthur Lima. A Prefeitura Municipal anunciou a data da contrata\u00e7\u00e3o da empresa respons\u00e1vel pela obra: 29 de fevereiro.\" \/>\n<meta property=\"og:url\" content=\"https:\/\/www.polisrecreio.com.br\/site\/2024\/02\/09\/bairro-alto-do-asilo-vai-ganhar-praca-publica-na-avenida-arthur-lima\/\" \/>\n<meta property=\"og:site_name\" content=\"P\u00f3lis Recreio\" \/>\n<meta property=\"article:publisher\" content=\"https:\/\/www.facebook.com\/Site-P%c3%b3lis-Recreio-MG-181941708571019\/\" \/>\n<meta property=\"article:published_time\" content=\"2024-02-09T11:57:51+00:00\" \/>\n<meta property=\"og:image\" content=\"http:\/\/www.polisrecreio.com.br\/site\/wp-content\/uploads\/2024\/02\/WhatsApp-Image-2024-02-09-at-08.50.13.jpeg\" \/>\n<meta name=\"twitter:card\" content=\"summary_large_image\" \/>\n<meta name=\"twitter:creator\" content=\"@PolisRecreio\" \/>\n<meta name=\"twitter:site\" content=\"@PolisRecreio\" \/>\n<meta name=\"twitter:label1\" content=\"Est. reading time\">\n\t<meta name=\"twitter:data1\" content=\"1 minuto\">\n<script type=\"application\/ld+json\" class=\"yoast-schema-graph\">{\"@context\":\"https:\/\/schema.org\",\"@graph\":[{\"@type\":\"WebSite\",\"@id\":\"https:\/\/www.polisrecreio.com.br\/site\/#website\",\"url\":\"https:\/\/www.polisrecreio.com.br\/site\/\",\"name\":\"P\\u00f3lis Recreio\",\"description\":\"\",\"potentialAction\":[{\"@type\":\"SearchAction\",\"target\":\"https:\/\/www.polisrecreio.com.br\/site\/?s={search_term_string}\",\"query-input\":\"required name=search_term_string\"}],\"inLanguage\":\"pt-BR\"},{\"@type\":\"ImageObject\",\"@id\":\"https:\/\/www.polisrecreio.com.br\/site\/2024\/02\/09\/bairro-alto-do-asilo-vai-ganhar-praca-publica-na-avenida-arthur-lima\/#primaryimage\",\"inLanguage\":\"pt-BR\",\"url\":\"http:\/\/www.polisrecreio.com.br\/site\/wp-content\/uploads\/2024\/02\/WhatsApp-Image-2024-02-09-at-08.50.13.jpeg\"},{\"@type\":\"WebPage\",\"@id\":\"https:\/\/www.polisrecreio.com.br\/site\/2024\/02\/09\/bairro-alto-do-asilo-vai-ganhar-praca-publica-na-avenida-arthur-lima\/#webpage\",\"url\":\"https:\/\/www.polisrecreio.com.br\/site\/2024\/02\/09\/bairro-alto-do-asilo-vai-ganhar-praca-publica-na-avenida-arthur-lima\/\",\"name\":\"Bairro Alto do Asilo vai ganhar Pra\\u00e7a p\\u00fablica na Avenida Arthur Lima - P\\u00f3lis Recreio\",\"isPartOf\":{\"@id\":\"https:\/\/www.polisrecreio.com.br\/site\/#website\"},\"primaryImageOfPage\":{\"@id\":\"https:\/\/www.polisrecreio.com.br\/site\/2024\/02\/09\/bairro-alto-do-asilo-vai-ganhar-praca-publica-na-avenida-arthur-lima\/#primaryimage\"},\"datePublished\":\"2024-02-09T11:57:51+00:00\",\"dateModified\":\"2024-02-09T11:57:51+00:00\",\"author\":{\"@id\":\"https:\/\/www.polisrecreio.com.br\/site\/#\/schema\/person\/3363c1c78e1e28e1329d97adb387638e\"},\"inLanguage\":\"pt-BR\",\"potentialAction\":[{\"@type\":\"ReadAction\",\"target\":[\"https:\/\/www.polisrecreio.com.br\/site\/2024\/02\/09\/bairro-alto-do-asilo-vai-ganhar-praca-publica-na-avenida-arthur-lima\/\"]}]},{\"@type\":\"Person\",\"@id\":\"https:\/\/www.polisrecreio.com.br\/site\/#\/schema\/person\/3363c1c78e1e28e1329d97adb387638e\",\"name\":\"Leonardo Ribeiro\",\"image\":{\"@type\":\"ImageObject\",\"@id\":\"https:\/\/www.polisrecreio.com.br\/site\/#personlogo\",\"inLanguage\":\"pt-BR\",\"url\":\"https:\/\/secure.gravatar.com\/avatar\/6ba92a37d621e1a83e23710251178a12?s=96&d=mm&r=g\",\"caption\":\"Leonardo Ribeiro\"},\"sameAs\":[\"http:\/\/www.polisrecreio.com.br\"]}]}<\/script>\n<!-- \/ Yoast SEO plugin. -->","_links":{"self":[{"href":"https:\/\/www.polisrecreio.com.br\/site\/wp-json\/wp\/v2\/posts\/26689"}],"collection":[{"href":"https:\/\/www.polisrecreio.com.br\/site\/wp-json\/wp\/v2\/posts"}],"about":[{"href":"https:\/\/www.polisrecreio.com.br\/site\/wp-json\/wp\/v2\/types\/post"}],"author":[{"embeddable":true,"href":"https:\/\/www.polisrecreio.com.br\/site\/wp-json\/wp\/v2\/users\/3"}],"replies":[{"embeddable":true,"href":"https:\/\/www.polisrecreio.com.br\/site\/wp-json\/wp\/v2\/comments?post=26689"}],"version-history":[{"count":1,"href":"https:\/\/www.polisrecreio.com.br\/site\/wp-json\/wp\/v2\/posts\/26689\/revisions"}],"predecessor-version":[{"id":26692,"href":"https:\/\/www.polisrecreio.com.br\/site\/wp-json\/wp\/v2\/posts\/26689\/revisions\/26692"}],"wp:attachment":[{"href":"https:\/\/www.polisrecreio.com.br\/site\/wp-json\/wp\/v2\/media?parent=26689"}],"wp:term":[{"taxonomy":"category","embeddable":true,"href":"https:\/\/www.polisrecreio.com.br\/site\/wp-json\/wp\/v2\/categories?post=26689"},{"taxonomy":"post_tag","embeddable":true,"href":"https:\/\/www.polisrecreio.com.br\/site\/wp-json\/wp\/v2\/tags?post=26689"}],"curies":[{"name":"wp","href":"https:\/\/api.w.org\/{rel}","templated":true}]}}