{"id":26693,"date":"2024-02-14T20:42:09","date_gmt":"2024-02-14T23:42:09","guid":{"rendered":"http:\/\/www.polisrecreio.com.br\/site\/?p=26693"},"modified":"2024-02-14T21:33:40","modified_gmt":"2024-02-15T00:33:40","slug":"carnaval-de-recreio-de-2024-a-festa-que-dividiu-opinioes","status":"publish","type":"post","link":"https:\/\/www.polisrecreio.com.br\/site\/2024\/02\/14\/carnaval-de-recreio-de-2024-a-festa-que-dividiu-opinioes\/","title":{"rendered":"Carnaval de Recreio de 2024: a festa que dividiu opini\u00f5es"},"content":{"rendered":"<p style=\"text-align: justify;\">Ao final dos quatro dias do Carnaval de Recreio de 2024, a festa dividiu opini\u00f5es dos foli\u00f5es. A beleza dos enfeites da \u00e1rea central parece que foi o maior destaque desta edi\u00e7\u00e3o.<\/p>\n<p><!--more--><\/p>\n<p><a href=\"http:\/\/www.polisrecreio.com.br\/site\/wp-content\/uploads\/2024\/02\/426326074_3117185398415254_1763152713178025053_n.jpg\"><img loading=\"lazy\" class=\"aligncenter size-full wp-image-26695\" src=\"http:\/\/www.polisrecreio.com.br\/site\/wp-content\/uploads\/2024\/02\/426326074_3117185398415254_1763152713178025053_n.jpg\" alt=\"\" width=\"1536\" height=\"774\" srcset=\"https:\/\/www.polisrecreio.com.br\/site\/wp-content\/uploads\/2024\/02\/426326074_3117185398415254_1763152713178025053_n.jpg 1536w, https:\/\/www.polisrecreio.com.br\/site\/wp-content\/uploads\/2024\/02\/426326074_3117185398415254_1763152713178025053_n-300x151.jpg 300w, https:\/\/www.polisrecreio.com.br\/site\/wp-content\/uploads\/2024\/02\/426326074_3117185398415254_1763152713178025053_n-1024x516.jpg 1024w, https:\/\/www.polisrecreio.com.br\/site\/wp-content\/uploads\/2024\/02\/426326074_3117185398415254_1763152713178025053_n-768x387.jpg 768w\" sizes=\"(max-width: 1536px) 100vw, 1536px\" \/><\/a><\/p>\n<p style=\"text-align: justify;\">O tradicional Carnaval recreiense sempre foi uma refer\u00eancia na regi\u00e3o, por\u00e9m, com a realiza\u00e7\u00e3o das festas momescas em praticamente todas as cidades em torno e com atra\u00e7\u00f5es de mais destaque, inclusive, com participa\u00e7\u00f5es de escolas de samba do Rio de Janeiro, a festividade de Recreio est\u00e1 perdendo o t\u00edtulo de \u201cmelhor da regi\u00e3o\u201d.<\/p>\n<p style=\"text-align: justify;\">Este ano, um dos blocos mais aguardados, o Bloco do Mandioca, n\u00e3o desfilou e muitos foli\u00f5es sentiram a aus\u00eancia.<\/p>\n<p><a href=\"http:\/\/www.polisrecreio.com.br\/site\/wp-content\/uploads\/2024\/02\/WhatsApp-Image-2024-02-14-at-18.25.15.jpeg\"><img loading=\"lazy\" class=\"aligncenter size-full wp-image-26694\" src=\"http:\/\/www.polisrecreio.com.br\/site\/wp-content\/uploads\/2024\/02\/WhatsApp-Image-2024-02-14-at-18.25.15.jpeg\" alt=\"\" width=\"779\" height=\"429\" srcset=\"https:\/\/www.polisrecreio.com.br\/site\/wp-content\/uploads\/2024\/02\/WhatsApp-Image-2024-02-14-at-18.25.15.jpeg 779w, https:\/\/www.polisrecreio.com.br\/site\/wp-content\/uploads\/2024\/02\/WhatsApp-Image-2024-02-14-at-18.25.15-300x165.jpeg 300w, https:\/\/www.polisrecreio.com.br\/site\/wp-content\/uploads\/2024\/02\/WhatsApp-Image-2024-02-14-at-18.25.15-768x423.jpeg 768w\" sizes=\"(max-width: 779px) 100vw, 779px\" \/><\/a><\/p>\n<p style=\"text-align: justify;\">Os blocos carnavalescos come\u00e7aram na sexta-feira (8), com o Era Sol Que Me Faltava, e o Castelo das Letras. No dia seguinte, a festa come\u00e7ou oficialmente, e teve o Iey. J\u00e1, no domingo teve Deguste Kids, Espuma, Preocupados de Souza (Papel Higi\u00eanico), Canto da F\u00e1brica e escola de samba Erus. No pen\u00faltimo dia, as Piranhas do Caxias percorreram toda a cidade, e ainda teve o Mineiro-Pau. O Carnaval terminou na ter\u00e7a-feira, com a escola de samba Erus.<\/p>\n<p style=\"text-align: justify;\">Na Pra\u00e7a dos Ferrovi\u00e1rios, shows e DJ\u2019s, subiram ao palco para animar o p\u00fablico presente.<\/p>\n<p style=\"text-align: justify;\">Encerrado o Carnaval de Recreio de 2024, os recreienses vivem a expectativa agora pela maior festa da cidade, a Exposi\u00e7\u00e3o no final de julho. Muitos come\u00e7am a perguntar: quais ser\u00e3o os shows?<\/p>\n","protected":false},"excerpt":{"rendered":"<p>Ao final dos quatro dias do Carnaval de Recreio de 2024, a festa dividiu opini\u00f5es dos foli\u00f5es. A beleza dos enfeites da \u00e1rea central parece que foi o maior destaque desta edi\u00e7\u00e3o.<\/p>\n","protected":false},"author":3,"featured_media":0,"comment_status":"open","ping_status":"open","sticky":false,"template":"","format":"standard","meta":[],"categories":[2],"tags":[],"yoast_head":"<!-- This site is optimized with the Yoast SEO plugin v15.6.2 - https:\/\/yoast.com\/wordpress\/plugins\/seo\/ -->\n<meta name=\"robots\" content=\"index, follow, max-snippet:-1, max-image-preview:large, max-video-preview:-1\" \/>\n<link rel=\"canonical\" href=\"http:\/\/www.polisrecreio.com.br\/site\/2024\/02\/14\/carnaval-de-recreio-de-2024-a-festa-que-dividiu-opinioes\/\" \/>\n<meta property=\"og:locale\" content=\"pt_BR\" \/>\n<meta property=\"og:type\" content=\"article\" \/>\n<meta property=\"og:title\" content=\"Carnaval de Recreio de 2024: a festa que dividiu opini\u00f5es - P\u00f3lis Recreio\" \/>\n<meta property=\"og:description\" content=\"Ao final dos quatro dias do Carnaval de Recreio de 2024, a festa dividiu opini\u00f5es dos foli\u00f5es. A beleza dos enfeites da \u00e1rea central parece que foi o maior destaque desta edi\u00e7\u00e3o.\" \/>\n<meta property=\"og:url\" content=\"http:\/\/www.polisrecreio.com.br\/site\/2024\/02\/14\/carnaval-de-recreio-de-2024-a-festa-que-dividiu-opinioes\/\" \/>\n<meta property=\"og:site_name\" content=\"P\u00f3lis Recreio\" \/>\n<meta property=\"article:publisher\" content=\"https:\/\/www.facebook.com\/Site-P%c3%b3lis-Recreio-MG-181941708571019\/\" \/>\n<meta property=\"article:published_time\" content=\"2024-02-14T23:42:09+00:00\" \/>\n<meta property=\"article:modified_time\" content=\"2024-02-15T00:33:40+00:00\" \/>\n<meta property=\"og:image\" content=\"http:\/\/www.polisrecreio.com.br\/site\/wp-content\/uploads\/2024\/02\/426326074_3117185398415254_1763152713178025053_n.jpg\" \/>\n<meta name=\"twitter:card\" content=\"summary_large_image\" \/>\n<meta name=\"twitter:creator\" content=\"@PolisRecreio\" \/>\n<meta name=\"twitter:site\" content=\"@PolisRecreio\" \/>\n<meta name=\"twitter:label1\" content=\"Est. reading time\">\n\t<meta name=\"twitter:data1\" content=\"2 minutos\">\n<script type=\"application\/ld+json\" class=\"yoast-schema-graph\">{\"@context\":\"https:\/\/schema.org\",\"@graph\":[{\"@type\":\"WebSite\",\"@id\":\"https:\/\/www.polisrecreio.com.br\/site\/#website\",\"url\":\"https:\/\/www.polisrecreio.com.br\/site\/\",\"name\":\"P\\u00f3lis Recreio\",\"description\":\"\",\"potentialAction\":[{\"@type\":\"SearchAction\",\"target\":\"https:\/\/www.polisrecreio.com.br\/site\/?s={search_term_string}\",\"query-input\":\"required name=search_term_string\"}],\"inLanguage\":\"pt-BR\"},{\"@type\":\"ImageObject\",\"@id\":\"http:\/\/www.polisrecreio.com.br\/site\/2024\/02\/14\/carnaval-de-recreio-de-2024-a-festa-que-dividiu-opinioes\/#primaryimage\",\"inLanguage\":\"pt-BR\",\"url\":\"http:\/\/www.polisrecreio.com.br\/site\/wp-content\/uploads\/2024\/02\/426326074_3117185398415254_1763152713178025053_n.jpg\"},{\"@type\":\"WebPage\",\"@id\":\"http:\/\/www.polisrecreio.com.br\/site\/2024\/02\/14\/carnaval-de-recreio-de-2024-a-festa-que-dividiu-opinioes\/#webpage\",\"url\":\"http:\/\/www.polisrecreio.com.br\/site\/2024\/02\/14\/carnaval-de-recreio-de-2024-a-festa-que-dividiu-opinioes\/\",\"name\":\"Carnaval de Recreio de 2024: a festa que dividiu opini\\u00f5es - P\\u00f3lis Recreio\",\"isPartOf\":{\"@id\":\"https:\/\/www.polisrecreio.com.br\/site\/#website\"},\"primaryImageOfPage\":{\"@id\":\"http:\/\/www.polisrecreio.com.br\/site\/2024\/02\/14\/carnaval-de-recreio-de-2024-a-festa-que-dividiu-opinioes\/#primaryimage\"},\"datePublished\":\"2024-02-14T23:42:09+00:00\",\"dateModified\":\"2024-02-15T00:33:40+00:00\",\"author\":{\"@id\":\"https:\/\/www.polisrecreio.com.br\/site\/#\/schema\/person\/3363c1c78e1e28e1329d97adb387638e\"},\"inLanguage\":\"pt-BR\",\"potentialAction\":[{\"@type\":\"ReadAction\",\"target\":[\"http:\/\/www.polisrecreio.com.br\/site\/2024\/02\/14\/carnaval-de-recreio-de-2024-a-festa-que-dividiu-opinioes\/\"]}]},{\"@type\":\"Person\",\"@id\":\"https:\/\/www.polisrecreio.com.br\/site\/#\/schema\/person\/3363c1c78e1e28e1329d97adb387638e\",\"name\":\"Leonardo Ribeiro\",\"image\":{\"@type\":\"ImageObject\",\"@id\":\"https:\/\/www.polisrecreio.com.br\/site\/#personlogo\",\"inLanguage\":\"pt-BR\",\"url\":\"https:\/\/secure.gravatar.com\/avatar\/6ba92a37d621e1a83e23710251178a12?s=96&d=mm&r=g\",\"caption\":\"Leonardo Ribeiro\"},\"sameAs\":[\"http:\/\/www.polisrecreio.com.br\"]}]}<\/script>\n<!-- \/ Yoast SEO plugin. -->","_links":{"self":[{"href":"https:\/\/www.polisrecreio.com.br\/site\/wp-json\/wp\/v2\/posts\/26693"}],"collection":[{"href":"https:\/\/www.polisrecreio.com.br\/site\/wp-json\/wp\/v2\/posts"}],"about":[{"href":"https:\/\/www.polisrecreio.com.br\/site\/wp-json\/wp\/v2\/types\/post"}],"author":[{"embeddable":true,"href":"https:\/\/www.polisrecreio.com.br\/site\/wp-json\/wp\/v2\/users\/3"}],"replies":[{"embeddable":true,"href":"https:\/\/www.polisrecreio.com.br\/site\/wp-json\/wp\/v2\/comments?post=26693"}],"version-history":[{"count":3,"href":"https:\/\/www.polisrecreio.com.br\/site\/wp-json\/wp\/v2\/posts\/26693\/revisions"}],"predecessor-version":[{"id":26698,"href":"https:\/\/www.polisrecreio.com.br\/site\/wp-json\/wp\/v2\/posts\/26693\/revisions\/26698"}],"wp:attachment":[{"href":"https:\/\/www.polisrecreio.com.br\/site\/wp-json\/wp\/v2\/media?parent=26693"}],"wp:term":[{"taxonomy":"category","embeddable":true,"href":"https:\/\/www.polisrecreio.com.br\/site\/wp-json\/wp\/v2\/categories?post=26693"},{"taxonomy":"post_tag","embeddable":true,"href":"https:\/\/www.polisrecreio.com.br\/site\/wp-json\/wp\/v2\/tags?post=26693"}],"curies":[{"name":"wp","href":"https:\/\/api.w.org\/{rel}","templated":true}]}}