{"id":26699,"date":"2024-02-15T09:44:58","date_gmt":"2024-02-15T12:44:58","guid":{"rendered":"http:\/\/www.polisrecreio.com.br\/site\/?p=26699"},"modified":"2024-02-15T09:44:58","modified_gmt":"2024-02-15T12:44:58","slug":"incidencia-de-dengue-em-minas-gerais-aumenta-quase-seis-vezes-em-10-dias","status":"publish","type":"post","link":"https:\/\/www.polisrecreio.com.br\/site\/2024\/02\/15\/incidencia-de-dengue-em-minas-gerais-aumenta-quase-seis-vezes-em-10-dias\/","title":{"rendered":"Incid\u00eancia de dengue em Minas Gerais aumenta quase seis vezes em 10 dias"},"content":{"rendered":"<p style=\"text-align: justify;\">A incid\u00eancia de dengue em Minas Gerais\u00a0aumentou quase\u00a0seis\u00a0vezes entre os dias 2 e 12 de fevereiro. As informa\u00e7\u00f5es s\u00e3o do Minist\u00e9rio da Sa\u00fade.<\/p>\n<p><!--more--><\/p>\n<p><a href=\"http:\/\/www.polisrecreio.com.br\/site\/wp-content\/uploads\/2024\/01\/acustico-1-2.jpg\"><img loading=\"lazy\" class=\"aligncenter size-full wp-image-26640\" src=\"http:\/\/www.polisrecreio.com.br\/site\/wp-content\/uploads\/2024\/01\/acustico-1-2.jpg\" alt=\"\" width=\"750\" height=\"500\" srcset=\"https:\/\/www.polisrecreio.com.br\/site\/wp-content\/uploads\/2024\/01\/acustico-1-2.jpg 750w, https:\/\/www.polisrecreio.com.br\/site\/wp-content\/uploads\/2024\/01\/acustico-1-2-300x200.jpg 300w\" sizes=\"(max-width: 750px) 100vw, 750px\" \/><\/a><\/p>\n<p style=\"text-align: justify;\">No in\u00edcio deste m\u00eas, eram\u00a0152\u00a0casos para cada 100 mil habitantes. Na atualiza\u00e7\u00e3o da \u00faltima segunda-feira (12), disparou para\u00a0836,6.\u00a0O aumento foi de 5,6 vezes.<\/p>\n<p style=\"text-align: justify;\">Minas Gerais \u00e9 o segundo estado com maior coeficiente de incid\u00eancia da doen\u00e7a, atr\u00e1s apenas do Distrito Federal. No in\u00edcio do m\u00eas, o indicador era de\u00a0350\u00a0casos para cada 100 mil habitantes na capital federal; agora, subiu para\u00a02.286,2.<\/p>\n<p style=\"text-align: justify;\">O estado de Minas Gerais e a cidade de\u00a0Belo Horizonte\u00a0vivem uma epidemia de dengue.\u00a0O governo chegou a decretar estado de emerg\u00eancia ainda em janeiro.<\/p>\n<p style=\"text-align: justify;\"><strong>Mais de 170 mil casos em MG<\/strong><\/p>\n<p style=\"text-align: justify;\">Ainda de acordo com o boletim do Minist\u00e9rio da Sa\u00fade, Minas Gerais j\u00e1 tem\u00a0171.769\u00a0casos prov\u00e1veis da doen\u00e7a.\u00a0\u00c9 o estado com o maior n\u00famero de registros, seguido por S\u00e3o Paulo, com\u00a083.651.<\/p>\n<p style=\"text-align: justify;\">No total, o pa\u00eds j\u00e1 ultrapassou a marca de\u00a0512 mil\u00a0casos prov\u00e1veis de dengue s\u00f3 em 2024.\u00a0Nacionalmente,\u00a075\u00a0pessoas morreram pela doen\u00e7a e o coeficiente de incid\u00eancia m\u00e9dio est\u00e1 em\u00a0252,3\u00a0casos por 100 mil brasileiros.<\/p>\n<p style=\"text-align: justify;\"><em>Com informa\u00e7\u00f5es: g1 MG.<\/em><\/p>\n","protected":false},"excerpt":{"rendered":"<p>A incid\u00eancia de dengue em Minas Gerais\u00a0aumentou quase\u00a0seis\u00a0vezes entre os dias 2 e 12 de fevereiro. As informa\u00e7\u00f5es s\u00e3o do Minist\u00e9rio da Sa\u00fade.<\/p>\n","protected":false},"author":3,"featured_media":0,"comment_status":"open","ping_status":"open","sticky":false,"template":"","format":"standard","meta":[],"categories":[7],"tags":[],"yoast_head":"<!-- This site is optimized with the Yoast SEO plugin v15.6.2 - https:\/\/yoast.com\/wordpress\/plugins\/seo\/ -->\n<meta name=\"robots\" content=\"index, follow, max-snippet:-1, max-image-preview:large, max-video-preview:-1\" \/>\n<link rel=\"canonical\" href=\"http:\/\/www.polisrecreio.com.br\/site\/2024\/02\/15\/incidencia-de-dengue-em-minas-gerais-aumenta-quase-seis-vezes-em-10-dias\/\" \/>\n<meta property=\"og:locale\" content=\"pt_BR\" \/>\n<meta property=\"og:type\" content=\"article\" \/>\n<meta property=\"og:title\" content=\"Incid\u00eancia de dengue em Minas Gerais aumenta quase seis vezes em 10 dias - P\u00f3lis Recreio\" \/>\n<meta property=\"og:description\" content=\"A incid\u00eancia de dengue em Minas Gerais\u00a0aumentou quase\u00a0seis\u00a0vezes entre os dias 2 e 12 de fevereiro. As informa\u00e7\u00f5es s\u00e3o do Minist\u00e9rio da Sa\u00fade.\" \/>\n<meta property=\"og:url\" content=\"http:\/\/www.polisrecreio.com.br\/site\/2024\/02\/15\/incidencia-de-dengue-em-minas-gerais-aumenta-quase-seis-vezes-em-10-dias\/\" \/>\n<meta property=\"og:site_name\" content=\"P\u00f3lis Recreio\" \/>\n<meta property=\"article:publisher\" content=\"https:\/\/www.facebook.com\/Site-P%c3%b3lis-Recreio-MG-181941708571019\/\" \/>\n<meta property=\"article:published_time\" content=\"2024-02-15T12:44:58+00:00\" \/>\n<meta property=\"og:image\" content=\"http:\/\/www.polisrecreio.com.br\/site\/wp-content\/uploads\/2024\/01\/acustico-1-2.jpg\" \/>\n<meta name=\"twitter:card\" content=\"summary_large_image\" \/>\n<meta name=\"twitter:creator\" content=\"@PolisRecreio\" \/>\n<meta name=\"twitter:site\" content=\"@PolisRecreio\" \/>\n<meta name=\"twitter:label1\" content=\"Est. reading time\">\n\t<meta name=\"twitter:data1\" content=\"2 minutos\">\n<script type=\"application\/ld+json\" class=\"yoast-schema-graph\">{\"@context\":\"https:\/\/schema.org\",\"@graph\":[{\"@type\":\"WebSite\",\"@id\":\"https:\/\/www.polisrecreio.com.br\/site\/#website\",\"url\":\"https:\/\/www.polisrecreio.com.br\/site\/\",\"name\":\"P\\u00f3lis Recreio\",\"description\":\"\",\"potentialAction\":[{\"@type\":\"SearchAction\",\"target\":\"https:\/\/www.polisrecreio.com.br\/site\/?s={search_term_string}\",\"query-input\":\"required name=search_term_string\"}],\"inLanguage\":\"pt-BR\"},{\"@type\":\"ImageObject\",\"@id\":\"http:\/\/www.polisrecreio.com.br\/site\/2024\/02\/15\/incidencia-de-dengue-em-minas-gerais-aumenta-quase-seis-vezes-em-10-dias\/#primaryimage\",\"inLanguage\":\"pt-BR\",\"url\":\"http:\/\/www.polisrecreio.com.br\/site\/wp-content\/uploads\/2024\/01\/acustico-1-2.jpg\"},{\"@type\":\"WebPage\",\"@id\":\"http:\/\/www.polisrecreio.com.br\/site\/2024\/02\/15\/incidencia-de-dengue-em-minas-gerais-aumenta-quase-seis-vezes-em-10-dias\/#webpage\",\"url\":\"http:\/\/www.polisrecreio.com.br\/site\/2024\/02\/15\/incidencia-de-dengue-em-minas-gerais-aumenta-quase-seis-vezes-em-10-dias\/\",\"name\":\"Incid\\u00eancia de dengue em Minas Gerais aumenta quase seis vezes em 10 dias - P\\u00f3lis Recreio\",\"isPartOf\":{\"@id\":\"https:\/\/www.polisrecreio.com.br\/site\/#website\"},\"primaryImageOfPage\":{\"@id\":\"http:\/\/www.polisrecreio.com.br\/site\/2024\/02\/15\/incidencia-de-dengue-em-minas-gerais-aumenta-quase-seis-vezes-em-10-dias\/#primaryimage\"},\"datePublished\":\"2024-02-15T12:44:58+00:00\",\"dateModified\":\"2024-02-15T12:44:58+00:00\",\"author\":{\"@id\":\"https:\/\/www.polisrecreio.com.br\/site\/#\/schema\/person\/3363c1c78e1e28e1329d97adb387638e\"},\"inLanguage\":\"pt-BR\",\"potentialAction\":[{\"@type\":\"ReadAction\",\"target\":[\"http:\/\/www.polisrecreio.com.br\/site\/2024\/02\/15\/incidencia-de-dengue-em-minas-gerais-aumenta-quase-seis-vezes-em-10-dias\/\"]}]},{\"@type\":\"Person\",\"@id\":\"https:\/\/www.polisrecreio.com.br\/site\/#\/schema\/person\/3363c1c78e1e28e1329d97adb387638e\",\"name\":\"Leonardo Ribeiro\",\"image\":{\"@type\":\"ImageObject\",\"@id\":\"https:\/\/www.polisrecreio.com.br\/site\/#personlogo\",\"inLanguage\":\"pt-BR\",\"url\":\"https:\/\/secure.gravatar.com\/avatar\/6ba92a37d621e1a83e23710251178a12?s=96&d=mm&r=g\",\"caption\":\"Leonardo Ribeiro\"},\"sameAs\":[\"http:\/\/www.polisrecreio.com.br\"]}]}<\/script>\n<!-- \/ Yoast SEO plugin. -->","_links":{"self":[{"href":"https:\/\/www.polisrecreio.com.br\/site\/wp-json\/wp\/v2\/posts\/26699"}],"collection":[{"href":"https:\/\/www.polisrecreio.com.br\/site\/wp-json\/wp\/v2\/posts"}],"about":[{"href":"https:\/\/www.polisrecreio.com.br\/site\/wp-json\/wp\/v2\/types\/post"}],"author":[{"embeddable":true,"href":"https:\/\/www.polisrecreio.com.br\/site\/wp-json\/wp\/v2\/users\/3"}],"replies":[{"embeddable":true,"href":"https:\/\/www.polisrecreio.com.br\/site\/wp-json\/wp\/v2\/comments?post=26699"}],"version-history":[{"count":1,"href":"https:\/\/www.polisrecreio.com.br\/site\/wp-json\/wp\/v2\/posts\/26699\/revisions"}],"predecessor-version":[{"id":26700,"href":"https:\/\/www.polisrecreio.com.br\/site\/wp-json\/wp\/v2\/posts\/26699\/revisions\/26700"}],"wp:attachment":[{"href":"https:\/\/www.polisrecreio.com.br\/site\/wp-json\/wp\/v2\/media?parent=26699"}],"wp:term":[{"taxonomy":"category","embeddable":true,"href":"https:\/\/www.polisrecreio.com.br\/site\/wp-json\/wp\/v2\/categories?post=26699"},{"taxonomy":"post_tag","embeddable":true,"href":"https:\/\/www.polisrecreio.com.br\/site\/wp-json\/wp\/v2\/tags?post=26699"}],"curies":[{"name":"wp","href":"https:\/\/api.w.org\/{rel}","templated":true}]}}