{"id":26723,"date":"2024-02-19T08:00:28","date_gmt":"2024-02-19T11:00:28","guid":{"rendered":"http:\/\/www.polisrecreio.com.br\/site\/?p=26723"},"modified":"2024-02-19T08:01:33","modified_gmt":"2024-02-19T11:01:33","slug":"lar-dos-velhos-de-recreio-homenageia-joaozinho-barbeiro","status":"publish","type":"post","link":"https:\/\/www.polisrecreio.com.br\/site\/2024\/02\/19\/lar-dos-velhos-de-recreio-homenageia-joaozinho-barbeiro\/","title":{"rendered":"Lar dos Velhos de Recreio homenageia \u201cJo\u00e3ozinho Barbeiro\u201d"},"content":{"rendered":"<p style=\"text-align: justify;\">O Lar dos Velhos de Recreio homenageou o Sr. Jo\u00e3o Luiz Pereira, &#8220;Jo\u00e3ozinho Barbeiro&#8221;, pelos servi\u00e7os volunt\u00e1rios prestados \u00e0 institui\u00e7\u00e3o por mais de 60 anos.<\/p>\n<p><!--more--><\/p>\n<p><a href=\"http:\/\/www.polisrecreio.com.br\/site\/wp-content\/uploads\/2024\/02\/j2.jpg\"><img loading=\"lazy\" class=\"aligncenter size-full wp-image-26726\" src=\"http:\/\/www.polisrecreio.com.br\/site\/wp-content\/uploads\/2024\/02\/j2.jpg\" alt=\"\" width=\"750\" height=\"441\" srcset=\"https:\/\/www.polisrecreio.com.br\/site\/wp-content\/uploads\/2024\/02\/j2.jpg 750w, https:\/\/www.polisrecreio.com.br\/site\/wp-content\/uploads\/2024\/02\/j2-300x176.jpg 300w\" sizes=\"(max-width: 750px) 100vw, 750px\" \/><\/a><\/p>\n<p style=\"text-align: justify;\">Ele vai ao Lar quase que diariamente, visita os moradores, corta cabelos e faz as barbas de todos.<\/p>\n<p style=\"text-align: justify;\">Jo\u00e3ozinho recebeu uma placa com os seguintes dizeres:<\/p>\n<p style=\"text-align: justify;\"><em>O Lar dos Velhos de Recreio agradece os mais de 60 anos de trabalho graciosamente prestados a esta casa. \u201cSer volunt\u00e1rio \u00e9 doar o que se tem de mais importante, o tempo.\u201d<\/em><\/p>\n<p><a href=\"http:\/\/www.polisrecreio.com.br\/site\/wp-content\/uploads\/2024\/02\/WhatsApp-Image-2024-02-18-at-08.42.53.jpeg\"><img loading=\"lazy\" class=\"aligncenter size-full wp-image-26728\" src=\"http:\/\/www.polisrecreio.com.br\/site\/wp-content\/uploads\/2024\/02\/WhatsApp-Image-2024-02-18-at-08.42.53.jpeg\" alt=\"\" width=\"1200\" height=\"926\" srcset=\"https:\/\/www.polisrecreio.com.br\/site\/wp-content\/uploads\/2024\/02\/WhatsApp-Image-2024-02-18-at-08.42.53.jpeg 1200w, https:\/\/www.polisrecreio.com.br\/site\/wp-content\/uploads\/2024\/02\/WhatsApp-Image-2024-02-18-at-08.42.53-300x232.jpeg 300w, https:\/\/www.polisrecreio.com.br\/site\/wp-content\/uploads\/2024\/02\/WhatsApp-Image-2024-02-18-at-08.42.53-1024x790.jpeg 1024w, https:\/\/www.polisrecreio.com.br\/site\/wp-content\/uploads\/2024\/02\/WhatsApp-Image-2024-02-18-at-08.42.53-768x593.jpeg 768w\" sizes=\"(max-width: 1200px) 100vw, 1200px\" \/><\/a><\/p>\n<p><a href=\"http:\/\/www.polisrecreio.com.br\/site\/wp-content\/uploads\/2024\/02\/WhatsApp-Image-2024-02-18-at-08.42.52.jpeg\"><img loading=\"lazy\" class=\"aligncenter size-full wp-image-26724\" src=\"http:\/\/www.polisrecreio.com.br\/site\/wp-content\/uploads\/2024\/02\/WhatsApp-Image-2024-02-18-at-08.42.52.jpeg\" alt=\"\" width=\"1200\" height=\"881\" srcset=\"https:\/\/www.polisrecreio.com.br\/site\/wp-content\/uploads\/2024\/02\/WhatsApp-Image-2024-02-18-at-08.42.52.jpeg 1200w, https:\/\/www.polisrecreio.com.br\/site\/wp-content\/uploads\/2024\/02\/WhatsApp-Image-2024-02-18-at-08.42.52-300x220.jpeg 300w, https:\/\/www.polisrecreio.com.br\/site\/wp-content\/uploads\/2024\/02\/WhatsApp-Image-2024-02-18-at-08.42.52-1024x752.jpeg 1024w, https:\/\/www.polisrecreio.com.br\/site\/wp-content\/uploads\/2024\/02\/WhatsApp-Image-2024-02-18-at-08.42.52-768x564.jpeg 768w\" sizes=\"(max-width: 1200px) 100vw, 1200px\" \/><\/a><\/p>\n<p><a href=\"http:\/\/www.polisrecreio.com.br\/site\/wp-content\/uploads\/2024\/02\/WhatsApp-Image-2024-02-18-at-08.42.53-1.jpeg\"><img loading=\"lazy\" class=\"aligncenter size-full wp-image-26727\" src=\"http:\/\/www.polisrecreio.com.br\/site\/wp-content\/uploads\/2024\/02\/WhatsApp-Image-2024-02-18-at-08.42.53-1.jpeg\" alt=\"\" width=\"1200\" height=\"1002\" srcset=\"https:\/\/www.polisrecreio.com.br\/site\/wp-content\/uploads\/2024\/02\/WhatsApp-Image-2024-02-18-at-08.42.53-1.jpeg 1200w, https:\/\/www.polisrecreio.com.br\/site\/wp-content\/uploads\/2024\/02\/WhatsApp-Image-2024-02-18-at-08.42.53-1-300x251.jpeg 300w, https:\/\/www.polisrecreio.com.br\/site\/wp-content\/uploads\/2024\/02\/WhatsApp-Image-2024-02-18-at-08.42.53-1-1024x855.jpeg 1024w, https:\/\/www.polisrecreio.com.br\/site\/wp-content\/uploads\/2024\/02\/WhatsApp-Image-2024-02-18-at-08.42.53-1-768x641.jpeg 768w\" sizes=\"(max-width: 1200px) 100vw, 1200px\" \/><\/a><\/p>\n<p><a href=\"http:\/\/www.polisrecreio.com.br\/site\/wp-content\/uploads\/2024\/02\/j1.jpg\"><img loading=\"lazy\" class=\"aligncenter size-full wp-image-26725\" src=\"http:\/\/www.polisrecreio.com.br\/site\/wp-content\/uploads\/2024\/02\/j1.jpg\" alt=\"\" width=\"750\" height=\"563\" srcset=\"https:\/\/www.polisrecreio.com.br\/site\/wp-content\/uploads\/2024\/02\/j1.jpg 750w, https:\/\/www.polisrecreio.com.br\/site\/wp-content\/uploads\/2024\/02\/j1-300x225.jpg 300w\" sizes=\"(max-width: 750px) 100vw, 750px\" \/><\/a><\/p>\n","protected":false},"excerpt":{"rendered":"<p>O Lar dos Velhos de Recreio homenageou o Sr. Jo\u00e3o Luiz Pereira, &#8220;Jo\u00e3ozinho Barbeiro&#8221;, pelos servi\u00e7os volunt\u00e1rios prestados \u00e0 institui\u00e7\u00e3o por mais de 60 anos.<\/p>\n","protected":false},"author":3,"featured_media":0,"comment_status":"open","ping_status":"open","sticky":false,"template":"","format":"standard","meta":[],"categories":[6],"tags":[],"yoast_head":"<!-- This site is optimized with the Yoast SEO plugin v15.6.2 - https:\/\/yoast.com\/wordpress\/plugins\/seo\/ -->\n<meta name=\"robots\" content=\"index, follow, max-snippet:-1, max-image-preview:large, max-video-preview:-1\" \/>\n<link rel=\"canonical\" href=\"http:\/\/www.polisrecreio.com.br\/site\/2024\/02\/19\/lar-dos-velhos-de-recreio-homenageia-joaozinho-barbeiro\/\" \/>\n<meta property=\"og:locale\" content=\"pt_BR\" \/>\n<meta property=\"og:type\" content=\"article\" \/>\n<meta property=\"og:title\" content=\"Lar dos Velhos de Recreio homenageia \u201cJo\u00e3ozinho Barbeiro\u201d - P\u00f3lis Recreio\" \/>\n<meta property=\"og:description\" content=\"O Lar dos Velhos de Recreio homenageou o Sr. Jo\u00e3o Luiz Pereira, &#8220;Jo\u00e3ozinho Barbeiro&#8221;, pelos servi\u00e7os volunt\u00e1rios prestados \u00e0 institui\u00e7\u00e3o por mais de 60 anos.\" \/>\n<meta property=\"og:url\" content=\"http:\/\/www.polisrecreio.com.br\/site\/2024\/02\/19\/lar-dos-velhos-de-recreio-homenageia-joaozinho-barbeiro\/\" \/>\n<meta property=\"og:site_name\" content=\"P\u00f3lis Recreio\" \/>\n<meta property=\"article:publisher\" content=\"https:\/\/www.facebook.com\/Site-P%c3%b3lis-Recreio-MG-181941708571019\/\" \/>\n<meta property=\"article:published_time\" content=\"2024-02-19T11:00:28+00:00\" \/>\n<meta property=\"article:modified_time\" content=\"2024-02-19T11:01:33+00:00\" \/>\n<meta property=\"og:image\" content=\"http:\/\/www.polisrecreio.com.br\/site\/wp-content\/uploads\/2024\/02\/j2.jpg\" \/>\n<meta name=\"twitter:card\" content=\"summary_large_image\" \/>\n<meta name=\"twitter:creator\" content=\"@PolisRecreio\" \/>\n<meta name=\"twitter:site\" content=\"@PolisRecreio\" \/>\n<meta name=\"twitter:label1\" content=\"Est. reading time\">\n\t<meta name=\"twitter:data1\" content=\"2 minutos\">\n<script type=\"application\/ld+json\" class=\"yoast-schema-graph\">{\"@context\":\"https:\/\/schema.org\",\"@graph\":[{\"@type\":\"WebSite\",\"@id\":\"https:\/\/www.polisrecreio.com.br\/site\/#website\",\"url\":\"https:\/\/www.polisrecreio.com.br\/site\/\",\"name\":\"P\\u00f3lis Recreio\",\"description\":\"\",\"potentialAction\":[{\"@type\":\"SearchAction\",\"target\":\"https:\/\/www.polisrecreio.com.br\/site\/?s={search_term_string}\",\"query-input\":\"required name=search_term_string\"}],\"inLanguage\":\"pt-BR\"},{\"@type\":\"ImageObject\",\"@id\":\"http:\/\/www.polisrecreio.com.br\/site\/2024\/02\/19\/lar-dos-velhos-de-recreio-homenageia-joaozinho-barbeiro\/#primaryimage\",\"inLanguage\":\"pt-BR\",\"url\":\"http:\/\/www.polisrecreio.com.br\/site\/wp-content\/uploads\/2024\/02\/j2.jpg\"},{\"@type\":\"WebPage\",\"@id\":\"http:\/\/www.polisrecreio.com.br\/site\/2024\/02\/19\/lar-dos-velhos-de-recreio-homenageia-joaozinho-barbeiro\/#webpage\",\"url\":\"http:\/\/www.polisrecreio.com.br\/site\/2024\/02\/19\/lar-dos-velhos-de-recreio-homenageia-joaozinho-barbeiro\/\",\"name\":\"Lar dos Velhos de Recreio homenageia \\u201cJo\\u00e3ozinho Barbeiro\\u201d - P\\u00f3lis Recreio\",\"isPartOf\":{\"@id\":\"https:\/\/www.polisrecreio.com.br\/site\/#website\"},\"primaryImageOfPage\":{\"@id\":\"http:\/\/www.polisrecreio.com.br\/site\/2024\/02\/19\/lar-dos-velhos-de-recreio-homenageia-joaozinho-barbeiro\/#primaryimage\"},\"datePublished\":\"2024-02-19T11:00:28+00:00\",\"dateModified\":\"2024-02-19T11:01:33+00:00\",\"author\":{\"@id\":\"https:\/\/www.polisrecreio.com.br\/site\/#\/schema\/person\/3363c1c78e1e28e1329d97adb387638e\"},\"inLanguage\":\"pt-BR\",\"potentialAction\":[{\"@type\":\"ReadAction\",\"target\":[\"http:\/\/www.polisrecreio.com.br\/site\/2024\/02\/19\/lar-dos-velhos-de-recreio-homenageia-joaozinho-barbeiro\/\"]}]},{\"@type\":\"Person\",\"@id\":\"https:\/\/www.polisrecreio.com.br\/site\/#\/schema\/person\/3363c1c78e1e28e1329d97adb387638e\",\"name\":\"Leonardo Ribeiro\",\"image\":{\"@type\":\"ImageObject\",\"@id\":\"https:\/\/www.polisrecreio.com.br\/site\/#personlogo\",\"inLanguage\":\"pt-BR\",\"url\":\"https:\/\/secure.gravatar.com\/avatar\/6ba92a37d621e1a83e23710251178a12?s=96&d=mm&r=g\",\"caption\":\"Leonardo Ribeiro\"},\"sameAs\":[\"http:\/\/www.polisrecreio.com.br\"]}]}<\/script>\n<!-- \/ Yoast SEO plugin. -->","_links":{"self":[{"href":"https:\/\/www.polisrecreio.com.br\/site\/wp-json\/wp\/v2\/posts\/26723"}],"collection":[{"href":"https:\/\/www.polisrecreio.com.br\/site\/wp-json\/wp\/v2\/posts"}],"about":[{"href":"https:\/\/www.polisrecreio.com.br\/site\/wp-json\/wp\/v2\/types\/post"}],"author":[{"embeddable":true,"href":"https:\/\/www.polisrecreio.com.br\/site\/wp-json\/wp\/v2\/users\/3"}],"replies":[{"embeddable":true,"href":"https:\/\/www.polisrecreio.com.br\/site\/wp-json\/wp\/v2\/comments?post=26723"}],"version-history":[{"count":2,"href":"https:\/\/www.polisrecreio.com.br\/site\/wp-json\/wp\/v2\/posts\/26723\/revisions"}],"predecessor-version":[{"id":26730,"href":"https:\/\/www.polisrecreio.com.br\/site\/wp-json\/wp\/v2\/posts\/26723\/revisions\/26730"}],"wp:attachment":[{"href":"https:\/\/www.polisrecreio.com.br\/site\/wp-json\/wp\/v2\/media?parent=26723"}],"wp:term":[{"taxonomy":"category","embeddable":true,"href":"https:\/\/www.polisrecreio.com.br\/site\/wp-json\/wp\/v2\/categories?post=26723"},{"taxonomy":"post_tag","embeddable":true,"href":"https:\/\/www.polisrecreio.com.br\/site\/wp-json\/wp\/v2\/tags?post=26723"}],"curies":[{"name":"wp","href":"https:\/\/api.w.org\/{rel}","templated":true}]}}