{"id":26760,"date":"2024-02-26T17:08:50","date_gmt":"2024-02-26T20:08:50","guid":{"rendered":"http:\/\/www.polisrecreio.com.br\/site\/?p=26760"},"modified":"2024-02-26T17:08:50","modified_gmt":"2024-02-26T20:08:50","slug":"cartorio-de-palma-vai-emitir-titulo-de-eleitor-no-cras-de-recreio-1o-a-5-de-abril","status":"publish","type":"post","link":"https:\/\/www.polisrecreio.com.br\/site\/2024\/02\/26\/cartorio-de-palma-vai-emitir-titulo-de-eleitor-no-cras-de-recreio-1o-a-5-de-abril\/","title":{"rendered":"Cart\u00f3rio de Palma vai emitir t\u00edtulo de eleitor no CRAS de Recreio: 1\u00ba a 5 de abril"},"content":{"rendered":"<p style=\"text-align: justify;\">O Cart\u00f3rio Eleitoral de Palma vai atender em Recreio entre os dias 1\u00ba e 5 de abril, no Centro de Refer\u00eancia de Assist\u00eancia Social, para emiss\u00e3o da primeira via, transfer\u00eancia ou regulariza\u00e7\u00e3o do t\u00edtulo de eleitor.<\/p>\n<p><!--more--><\/p>\n<p><a href=\"http:\/\/www.polisrecreio.com.br\/site\/wp-content\/uploads\/2021\/03\/cras-de-recreio.jpg\"><img loading=\"lazy\" class=\"aligncenter size-full wp-image-19836\" src=\"http:\/\/www.polisrecreio.com.br\/site\/wp-content\/uploads\/2021\/03\/cras-de-recreio.jpg\" alt=\"\" width=\"650\" height=\"433\" srcset=\"https:\/\/www.polisrecreio.com.br\/site\/wp-content\/uploads\/2021\/03\/cras-de-recreio.jpg 650w, https:\/\/www.polisrecreio.com.br\/site\/wp-content\/uploads\/2021\/03\/cras-de-recreio-300x200.jpg 300w\" sizes=\"(max-width: 650px) 100vw, 650px\" \/><\/a><\/p>\n<p style=\"text-align: justify;\">Para tirar a primeira via o eleitor deve ter no m\u00ednimo 16 anos at\u00e9 o dia 6 de outubro de 2024. Os documentos necess\u00e1rios s\u00e3o: RG (identidade) e comprovante de endere\u00e7o atual. Para transfer\u00eancia, \u00e9 obrigat\u00f3rio os 3 \u00faltimos comprovantes de resid\u00eancia e o RG (identidade). Caso o eleitor tenha pend\u00eancia com a Justi\u00e7a Eleitoral ele dever\u00e1 apresentar, al\u00e9m dos documentos citados a cima, a multa quitada.<\/p>\n<p style=\"text-align: justify;\">Os atendimentos acontecer\u00e3o de 9h \u00e0s 17h.<\/p>\n<p style=\"text-align: justify;\">Eleitores t\u00eam at\u00e9\u00a08\u00a0de\u00a0maio\u00a0para\u00a0tirar a primeira via do t\u00edtulo, transferir ou regularizar a situa\u00e7\u00e3o eleitoral.<\/p>\n<p>As Elei\u00e7\u00f5es de 2024 (primeiro turno) acontecer\u00e3o dia 6 de outubro.<\/p>\n","protected":false},"excerpt":{"rendered":"<p>O Cart\u00f3rio Eleitoral de Palma vai atender em Recreio entre os dias 1\u00ba e 5 de abril, no Centro de Refer\u00eancia de Assist\u00eancia Social, para emiss\u00e3o da primeira via, transfer\u00eancia ou regulariza\u00e7\u00e3o do t\u00edtulo de eleitor.<\/p>\n","protected":false},"author":3,"featured_media":0,"comment_status":"open","ping_status":"open","sticky":false,"template":"","format":"standard","meta":[],"categories":[13],"tags":[],"yoast_head":"<!-- This site is optimized with the Yoast SEO plugin v15.6.2 - https:\/\/yoast.com\/wordpress\/plugins\/seo\/ -->\n<meta name=\"robots\" content=\"index, follow, max-snippet:-1, max-image-preview:large, max-video-preview:-1\" \/>\n<link rel=\"canonical\" href=\"https:\/\/www.polisrecreio.com.br\/site\/2024\/02\/26\/cartorio-de-palma-vai-emitir-titulo-de-eleitor-no-cras-de-recreio-1o-a-5-de-abril\/\" \/>\n<meta property=\"og:locale\" content=\"pt_BR\" \/>\n<meta property=\"og:type\" content=\"article\" \/>\n<meta property=\"og:title\" content=\"Cart\u00f3rio de Palma vai emitir t\u00edtulo de eleitor no CRAS de Recreio: 1\u00ba a 5 de abril - P\u00f3lis Recreio\" \/>\n<meta property=\"og:description\" content=\"O Cart\u00f3rio Eleitoral de Palma vai atender em Recreio entre os dias 1\u00ba e 5 de abril, no Centro de Refer\u00eancia de Assist\u00eancia Social, para emiss\u00e3o da primeira via, transfer\u00eancia ou regulariza\u00e7\u00e3o do t\u00edtulo de eleitor.\" \/>\n<meta property=\"og:url\" content=\"https:\/\/www.polisrecreio.com.br\/site\/2024\/02\/26\/cartorio-de-palma-vai-emitir-titulo-de-eleitor-no-cras-de-recreio-1o-a-5-de-abril\/\" \/>\n<meta property=\"og:site_name\" content=\"P\u00f3lis Recreio\" \/>\n<meta property=\"article:publisher\" content=\"https:\/\/www.facebook.com\/Site-P%c3%b3lis-Recreio-MG-181941708571019\/\" \/>\n<meta property=\"article:published_time\" content=\"2024-02-26T20:08:50+00:00\" \/>\n<meta property=\"og:image\" content=\"http:\/\/www.polisrecreio.com.br\/site\/wp-content\/uploads\/2021\/03\/cras-de-recreio.jpg\" \/>\n<meta name=\"twitter:card\" content=\"summary_large_image\" \/>\n<meta name=\"twitter:creator\" content=\"@PolisRecreio\" \/>\n<meta name=\"twitter:site\" content=\"@PolisRecreio\" \/>\n<meta name=\"twitter:label1\" content=\"Est. reading time\">\n\t<meta name=\"twitter:data1\" content=\"1 minuto\">\n<script type=\"application\/ld+json\" class=\"yoast-schema-graph\">{\"@context\":\"https:\/\/schema.org\",\"@graph\":[{\"@type\":\"WebSite\",\"@id\":\"https:\/\/www.polisrecreio.com.br\/site\/#website\",\"url\":\"https:\/\/www.polisrecreio.com.br\/site\/\",\"name\":\"P\\u00f3lis Recreio\",\"description\":\"\",\"potentialAction\":[{\"@type\":\"SearchAction\",\"target\":\"https:\/\/www.polisrecreio.com.br\/site\/?s={search_term_string}\",\"query-input\":\"required name=search_term_string\"}],\"inLanguage\":\"pt-BR\"},{\"@type\":\"ImageObject\",\"@id\":\"https:\/\/www.polisrecreio.com.br\/site\/2024\/02\/26\/cartorio-de-palma-vai-emitir-titulo-de-eleitor-no-cras-de-recreio-1o-a-5-de-abril\/#primaryimage\",\"inLanguage\":\"pt-BR\",\"url\":\"http:\/\/www.polisrecreio.com.br\/site\/wp-content\/uploads\/2021\/03\/cras-de-recreio.jpg\"},{\"@type\":\"WebPage\",\"@id\":\"https:\/\/www.polisrecreio.com.br\/site\/2024\/02\/26\/cartorio-de-palma-vai-emitir-titulo-de-eleitor-no-cras-de-recreio-1o-a-5-de-abril\/#webpage\",\"url\":\"https:\/\/www.polisrecreio.com.br\/site\/2024\/02\/26\/cartorio-de-palma-vai-emitir-titulo-de-eleitor-no-cras-de-recreio-1o-a-5-de-abril\/\",\"name\":\"Cart\\u00f3rio de Palma vai emitir t\\u00edtulo de eleitor no CRAS de Recreio: 1\\u00ba a 5 de abril - P\\u00f3lis Recreio\",\"isPartOf\":{\"@id\":\"https:\/\/www.polisrecreio.com.br\/site\/#website\"},\"primaryImageOfPage\":{\"@id\":\"https:\/\/www.polisrecreio.com.br\/site\/2024\/02\/26\/cartorio-de-palma-vai-emitir-titulo-de-eleitor-no-cras-de-recreio-1o-a-5-de-abril\/#primaryimage\"},\"datePublished\":\"2024-02-26T20:08:50+00:00\",\"dateModified\":\"2024-02-26T20:08:50+00:00\",\"author\":{\"@id\":\"https:\/\/www.polisrecreio.com.br\/site\/#\/schema\/person\/3363c1c78e1e28e1329d97adb387638e\"},\"inLanguage\":\"pt-BR\",\"potentialAction\":[{\"@type\":\"ReadAction\",\"target\":[\"https:\/\/www.polisrecreio.com.br\/site\/2024\/02\/26\/cartorio-de-palma-vai-emitir-titulo-de-eleitor-no-cras-de-recreio-1o-a-5-de-abril\/\"]}]},{\"@type\":\"Person\",\"@id\":\"https:\/\/www.polisrecreio.com.br\/site\/#\/schema\/person\/3363c1c78e1e28e1329d97adb387638e\",\"name\":\"Leonardo Ribeiro\",\"image\":{\"@type\":\"ImageObject\",\"@id\":\"https:\/\/www.polisrecreio.com.br\/site\/#personlogo\",\"inLanguage\":\"pt-BR\",\"url\":\"https:\/\/secure.gravatar.com\/avatar\/6ba92a37d621e1a83e23710251178a12?s=96&d=mm&r=g\",\"caption\":\"Leonardo Ribeiro\"},\"sameAs\":[\"http:\/\/www.polisrecreio.com.br\"]}]}<\/script>\n<!-- \/ Yoast SEO plugin. -->","_links":{"self":[{"href":"https:\/\/www.polisrecreio.com.br\/site\/wp-json\/wp\/v2\/posts\/26760"}],"collection":[{"href":"https:\/\/www.polisrecreio.com.br\/site\/wp-json\/wp\/v2\/posts"}],"about":[{"href":"https:\/\/www.polisrecreio.com.br\/site\/wp-json\/wp\/v2\/types\/post"}],"author":[{"embeddable":true,"href":"https:\/\/www.polisrecreio.com.br\/site\/wp-json\/wp\/v2\/users\/3"}],"replies":[{"embeddable":true,"href":"https:\/\/www.polisrecreio.com.br\/site\/wp-json\/wp\/v2\/comments?post=26760"}],"version-history":[{"count":1,"href":"https:\/\/www.polisrecreio.com.br\/site\/wp-json\/wp\/v2\/posts\/26760\/revisions"}],"predecessor-version":[{"id":26761,"href":"https:\/\/www.polisrecreio.com.br\/site\/wp-json\/wp\/v2\/posts\/26760\/revisions\/26761"}],"wp:attachment":[{"href":"https:\/\/www.polisrecreio.com.br\/site\/wp-json\/wp\/v2\/media?parent=26760"}],"wp:term":[{"taxonomy":"category","embeddable":true,"href":"https:\/\/www.polisrecreio.com.br\/site\/wp-json\/wp\/v2\/categories?post=26760"},{"taxonomy":"post_tag","embeddable":true,"href":"https:\/\/www.polisrecreio.com.br\/site\/wp-json\/wp\/v2\/tags?post=26760"}],"curies":[{"name":"wp","href":"https:\/\/api.w.org\/{rel}","templated":true}]}}