{"id":26774,"date":"2024-03-01T18:51:30","date_gmt":"2024-03-01T21:51:30","guid":{"rendered":"http:\/\/www.polisrecreio.com.br\/site\/?p=26774"},"modified":"2024-03-01T18:52:33","modified_gmt":"2024-03-01T21:52:33","slug":"recreio-tem-quase-100-casos-de-dengue-registrados","status":"publish","type":"post","link":"https:\/\/www.polisrecreio.com.br\/site\/2024\/03\/01\/recreio-tem-quase-100-casos-de-dengue-registrados\/","title":{"rendered":"Recreio tem quase 100 casos de dengue registrados"},"content":{"rendered":"<p style=\"text-align: justify;\">O munic\u00edpio de Recreio tem quase 100 casos de dengue registrados em 2024, conforme informa\u00e7\u00f5es da Vigil\u00e2ncia Epidemiol\u00f3gica.<\/p>\n<p><!--more--><\/p>\n<p><a href=\"http:\/\/www.polisrecreio.com.br\/site\/wp-content\/uploads\/2024\/03\/429666847_728352856069090_7310010273766665387_n.jpg\"><img loading=\"lazy\" class=\"aligncenter size-full wp-image-26777\" src=\"http:\/\/www.polisrecreio.com.br\/site\/wp-content\/uploads\/2024\/03\/429666847_728352856069090_7310010273766665387_n.jpg\" alt=\"\" width=\"890\" height=\"635\" srcset=\"https:\/\/www.polisrecreio.com.br\/site\/wp-content\/uploads\/2024\/03\/429666847_728352856069090_7310010273766665387_n.jpg 890w, https:\/\/www.polisrecreio.com.br\/site\/wp-content\/uploads\/2024\/03\/429666847_728352856069090_7310010273766665387_n-300x214.jpg 300w, https:\/\/www.polisrecreio.com.br\/site\/wp-content\/uploads\/2024\/03\/429666847_728352856069090_7310010273766665387_n-768x548.jpg 768w\" sizes=\"(max-width: 890px) 100vw, 890px\" \/><\/a><\/p>\n<p style=\"text-align: justify;\">Veja os n\u00fameros por bairro ou distrito:<\/p>\n<p style=\"text-align: justify;\">03 \u2013 S\u00e3o Joaquim<\/p>\n<p style=\"text-align: justify;\">01 \u2013 Jos\u00e9 Taranto Luz<\/p>\n<p style=\"text-align: justify;\">08 \u2013 Planalto<\/p>\n<p style=\"text-align: justify;\">02 \u2013 Arraial do Sap\u00e9<\/p>\n<p style=\"text-align: justify;\">19 \u2013 Machados<\/p>\n<p style=\"text-align: justify;\">06 \u2013 Canto da F\u00e1brica<\/p>\n<p style=\"text-align: justify;\">02 &#8211; Canto dos Ferreira<\/p>\n<p style=\"text-align: justify;\">03 \u2013 Alto da Igreja<\/p>\n<p style=\"text-align: justify;\">08 \u2013 Alto do Asilo<\/p>\n<p style=\"text-align: justify;\">03 \u2013 Caxias<\/p>\n<p style=\"text-align: justify;\">01 \u2013 Recreio Cidade<\/p>\n<p style=\"text-align: justify;\">05 \u2013 Sebasti\u00e3o Dadu Arruda<\/p>\n<p style=\"text-align: justify;\">01 \u2013 Avenida<\/p>\n<p style=\"text-align: justify;\">04 \u2013 Grotinha<\/p>\n<p style=\"text-align: justify;\">13 \u2013 Concei\u00e7\u00e3o da Boa Vista<\/p>\n<p style=\"text-align: justify;\">05 \u2013 Angaturama<\/p>\n<p style=\"text-align: justify;\">01 \u2013 Barreiros<\/p>\n<p style=\"text-align: justify;\">A Vigil\u00e2ncia Epidemiol\u00f3gica tem desempenhado v\u00e1rias a\u00e7\u00f5es para tentar diminuir as incid\u00eancias da doen\u00e7a no Munic\u00edpio: campanhas de conscientiza\u00e7\u00e3o, isolamento de caixas d&#8217;\u00e1gua, mutir\u00f5es de limpeza, bota fora e outros.<\/p>\n<p style=\"text-align: justify;\">Em todo o Brasil, os dados do Minist\u00e9rio da Sa\u00fade, informam que o pa\u00eds j\u00e1 atingiu de 1 milh\u00e3o de casos confirmados.<\/p>\n<p><a href=\"http:\/\/www.polisrecreio.com.br\/site\/wp-content\/uploads\/2024\/03\/426005634_715713093999733_1068803561079628418_n.jpg\"><img loading=\"lazy\" class=\"aligncenter size-full wp-image-26776\" src=\"http:\/\/www.polisrecreio.com.br\/site\/wp-content\/uploads\/2024\/03\/426005634_715713093999733_1068803561079628418_n.jpg\" alt=\"\" width=\"878\" height=\"574\" srcset=\"https:\/\/www.polisrecreio.com.br\/site\/wp-content\/uploads\/2024\/03\/426005634_715713093999733_1068803561079628418_n.jpg 878w, https:\/\/www.polisrecreio.com.br\/site\/wp-content\/uploads\/2024\/03\/426005634_715713093999733_1068803561079628418_n-300x196.jpg 300w, https:\/\/www.polisrecreio.com.br\/site\/wp-content\/uploads\/2024\/03\/426005634_715713093999733_1068803561079628418_n-768x502.jpg 768w\" sizes=\"(max-width: 878px) 100vw, 878px\" \/><\/a><\/p>\n<p><a href=\"http:\/\/www.polisrecreio.com.br\/site\/wp-content\/uploads\/2024\/03\/WhatsApp-Image-2024-03-01-at-16.14.23.jpeg\"><img loading=\"lazy\" class=\"aligncenter size-full wp-image-26775\" src=\"http:\/\/www.polisrecreio.com.br\/site\/wp-content\/uploads\/2024\/03\/WhatsApp-Image-2024-03-01-at-16.14.23.jpeg\" alt=\"\" width=\"589\" height=\"462\" srcset=\"https:\/\/www.polisrecreio.com.br\/site\/wp-content\/uploads\/2024\/03\/WhatsApp-Image-2024-03-01-at-16.14.23.jpeg 589w, https:\/\/www.polisrecreio.com.br\/site\/wp-content\/uploads\/2024\/03\/WhatsApp-Image-2024-03-01-at-16.14.23-300x235.jpeg 300w\" sizes=\"(max-width: 589px) 100vw, 589px\" \/><\/a><\/p>\n<p>&nbsp;<\/p>\n","protected":false},"excerpt":{"rendered":"<p>O munic\u00edpio de Recreio tem quase 100 casos de dengue registrados em 2024, conforme informa\u00e7\u00f5es da Vigil\u00e2ncia Epidemiol\u00f3gica.<\/p>\n","protected":false},"author":3,"featured_media":0,"comment_status":"open","ping_status":"open","sticky":false,"template":"","format":"standard","meta":[],"categories":[7],"tags":[],"yoast_head":"<!-- This site is optimized with the Yoast SEO plugin v15.6.2 - https:\/\/yoast.com\/wordpress\/plugins\/seo\/ -->\n<meta name=\"robots\" content=\"index, follow, max-snippet:-1, max-image-preview:large, max-video-preview:-1\" \/>\n<link rel=\"canonical\" href=\"http:\/\/www.polisrecreio.com.br\/site\/2024\/03\/01\/recreio-tem-quase-100-casos-de-dengue-registrados\/\" \/>\n<meta property=\"og:locale\" content=\"pt_BR\" \/>\n<meta property=\"og:type\" content=\"article\" \/>\n<meta property=\"og:title\" content=\"Recreio tem quase 100 casos de dengue registrados - P\u00f3lis Recreio\" \/>\n<meta property=\"og:description\" content=\"O munic\u00edpio de Recreio tem quase 100 casos de dengue registrados em 2024, conforme informa\u00e7\u00f5es da Vigil\u00e2ncia Epidemiol\u00f3gica.\" \/>\n<meta property=\"og:url\" content=\"http:\/\/www.polisrecreio.com.br\/site\/2024\/03\/01\/recreio-tem-quase-100-casos-de-dengue-registrados\/\" \/>\n<meta property=\"og:site_name\" content=\"P\u00f3lis Recreio\" \/>\n<meta property=\"article:publisher\" content=\"https:\/\/www.facebook.com\/Site-P%c3%b3lis-Recreio-MG-181941708571019\/\" \/>\n<meta property=\"article:published_time\" content=\"2024-03-01T21:51:30+00:00\" \/>\n<meta property=\"article:modified_time\" content=\"2024-03-01T21:52:33+00:00\" \/>\n<meta property=\"og:image\" content=\"http:\/\/www.polisrecreio.com.br\/site\/wp-content\/uploads\/2024\/03\/429666847_728352856069090_7310010273766665387_n.jpg\" \/>\n<meta name=\"twitter:card\" content=\"summary_large_image\" \/>\n<meta name=\"twitter:creator\" content=\"@PolisRecreio\" \/>\n<meta name=\"twitter:site\" content=\"@PolisRecreio\" \/>\n<meta name=\"twitter:label1\" content=\"Est. reading time\">\n\t<meta name=\"twitter:data1\" content=\"2 minutos\">\n<script type=\"application\/ld+json\" class=\"yoast-schema-graph\">{\"@context\":\"https:\/\/schema.org\",\"@graph\":[{\"@type\":\"WebSite\",\"@id\":\"https:\/\/www.polisrecreio.com.br\/site\/#website\",\"url\":\"https:\/\/www.polisrecreio.com.br\/site\/\",\"name\":\"P\\u00f3lis Recreio\",\"description\":\"\",\"potentialAction\":[{\"@type\":\"SearchAction\",\"target\":\"https:\/\/www.polisrecreio.com.br\/site\/?s={search_term_string}\",\"query-input\":\"required name=search_term_string\"}],\"inLanguage\":\"pt-BR\"},{\"@type\":\"ImageObject\",\"@id\":\"http:\/\/www.polisrecreio.com.br\/site\/2024\/03\/01\/recreio-tem-quase-100-casos-de-dengue-registrados\/#primaryimage\",\"inLanguage\":\"pt-BR\",\"url\":\"http:\/\/www.polisrecreio.com.br\/site\/wp-content\/uploads\/2024\/03\/429666847_728352856069090_7310010273766665387_n.jpg\"},{\"@type\":\"WebPage\",\"@id\":\"http:\/\/www.polisrecreio.com.br\/site\/2024\/03\/01\/recreio-tem-quase-100-casos-de-dengue-registrados\/#webpage\",\"url\":\"http:\/\/www.polisrecreio.com.br\/site\/2024\/03\/01\/recreio-tem-quase-100-casos-de-dengue-registrados\/\",\"name\":\"Recreio tem quase 100 casos de dengue registrados - P\\u00f3lis Recreio\",\"isPartOf\":{\"@id\":\"https:\/\/www.polisrecreio.com.br\/site\/#website\"},\"primaryImageOfPage\":{\"@id\":\"http:\/\/www.polisrecreio.com.br\/site\/2024\/03\/01\/recreio-tem-quase-100-casos-de-dengue-registrados\/#primaryimage\"},\"datePublished\":\"2024-03-01T21:51:30+00:00\",\"dateModified\":\"2024-03-01T21:52:33+00:00\",\"author\":{\"@id\":\"https:\/\/www.polisrecreio.com.br\/site\/#\/schema\/person\/3363c1c78e1e28e1329d97adb387638e\"},\"inLanguage\":\"pt-BR\",\"potentialAction\":[{\"@type\":\"ReadAction\",\"target\":[\"http:\/\/www.polisrecreio.com.br\/site\/2024\/03\/01\/recreio-tem-quase-100-casos-de-dengue-registrados\/\"]}]},{\"@type\":\"Person\",\"@id\":\"https:\/\/www.polisrecreio.com.br\/site\/#\/schema\/person\/3363c1c78e1e28e1329d97adb387638e\",\"name\":\"Leonardo Ribeiro\",\"image\":{\"@type\":\"ImageObject\",\"@id\":\"https:\/\/www.polisrecreio.com.br\/site\/#personlogo\",\"inLanguage\":\"pt-BR\",\"url\":\"https:\/\/secure.gravatar.com\/avatar\/6ba92a37d621e1a83e23710251178a12?s=96&d=mm&r=g\",\"caption\":\"Leonardo Ribeiro\"},\"sameAs\":[\"http:\/\/www.polisrecreio.com.br\"]}]}<\/script>\n<!-- \/ Yoast SEO plugin. -->","_links":{"self":[{"href":"https:\/\/www.polisrecreio.com.br\/site\/wp-json\/wp\/v2\/posts\/26774"}],"collection":[{"href":"https:\/\/www.polisrecreio.com.br\/site\/wp-json\/wp\/v2\/posts"}],"about":[{"href":"https:\/\/www.polisrecreio.com.br\/site\/wp-json\/wp\/v2\/types\/post"}],"author":[{"embeddable":true,"href":"https:\/\/www.polisrecreio.com.br\/site\/wp-json\/wp\/v2\/users\/3"}],"replies":[{"embeddable":true,"href":"https:\/\/www.polisrecreio.com.br\/site\/wp-json\/wp\/v2\/comments?post=26774"}],"version-history":[{"count":3,"href":"https:\/\/www.polisrecreio.com.br\/site\/wp-json\/wp\/v2\/posts\/26774\/revisions"}],"predecessor-version":[{"id":26780,"href":"https:\/\/www.polisrecreio.com.br\/site\/wp-json\/wp\/v2\/posts\/26774\/revisions\/26780"}],"wp:attachment":[{"href":"https:\/\/www.polisrecreio.com.br\/site\/wp-json\/wp\/v2\/media?parent=26774"}],"wp:term":[{"taxonomy":"category","embeddable":true,"href":"https:\/\/www.polisrecreio.com.br\/site\/wp-json\/wp\/v2\/categories?post=26774"},{"taxonomy":"post_tag","embeddable":true,"href":"https:\/\/www.polisrecreio.com.br\/site\/wp-json\/wp\/v2\/tags?post=26774"}],"curies":[{"name":"wp","href":"https:\/\/api.w.org\/{rel}","templated":true}]}}