{"id":26781,"date":"2024-03-04T09:13:15","date_gmt":"2024-03-04T12:13:15","guid":{"rendered":"http:\/\/www.polisrecreio.com.br\/site\/?p=26781"},"modified":"2024-03-04T09:13:15","modified_gmt":"2024-03-04T12:13:15","slug":"sabado-9-acontece-o-1o-festival-de-cinema-de-angaturama","status":"publish","type":"post","link":"https:\/\/www.polisrecreio.com.br\/site\/2024\/03\/04\/sabado-9-acontece-o-1o-festival-de-cinema-de-angaturama\/","title":{"rendered":"S\u00e1bado (9) acontece o 1\u00ba Festival de Cinema de Angaturama"},"content":{"rendered":"<p style=\"text-align: justify;\">No pr\u00f3ximo s\u00e1bado (9), a partir das 18h, acontece no sossegado distrito de Angaturama, localizado a aproximadamente 12 km da \u00e1rea urbana de Recreio, o 1\u00ba Festival de Cinema de Angaturama, com exibi\u00e7\u00e3o de tr\u00eas curtas-metragens.<\/p>\n<p><!--more--><\/p>\n<p><a href=\"http:\/\/www.polisrecreio.com.br\/site\/wp-content\/uploads\/2023\/08\/WhatsApp-Image-2023-04-05-at-10.40.35.jpeg\"><img loading=\"lazy\" class=\"aligncenter size-full wp-image-25906\" src=\"http:\/\/www.polisrecreio.com.br\/site\/wp-content\/uploads\/2023\/08\/WhatsApp-Image-2023-04-05-at-10.40.35.jpeg\" alt=\"\" width=\"750\" height=\"519\" srcset=\"https:\/\/www.polisrecreio.com.br\/site\/wp-content\/uploads\/2023\/08\/WhatsApp-Image-2023-04-05-at-10.40.35.jpeg 750w, https:\/\/www.polisrecreio.com.br\/site\/wp-content\/uploads\/2023\/08\/WhatsApp-Image-2023-04-05-at-10.40.35-300x208.jpeg 300w\" sizes=\"(max-width: 750px) 100vw, 750px\" \/><\/a><\/p>\n<p style=\"text-align: justify;\">As produ\u00e7\u00f5es cinematogr\u00e1ficas t\u00eam a dire\u00e7\u00e3o de Euler Luz e a produ\u00e7\u00e3o de Fernanda de Paula. Ser\u00e3o exibidos: O Ber\u00e7o, Zeca Lifonso e Sapato Vermelho.<\/p>\n<p style=\"text-align: justify;\">O 1\u00ba Festival de Cinema de Angaturama tem apoio da Prefeitura de Recreio, Secretaria Municipal de Educa\u00e7\u00e3o e Cultura, e patroc\u00ednio da Lei Federal Paulo Gustavo.<\/p>\n<figure id=\"attachment_25317\" aria-describedby=\"caption-attachment-25317\" style=\"width: 1280px\" class=\"wp-caption aligncenter\"><a href=\"http:\/\/www.polisrecreio.com.br\/site\/wp-content\/uploads\/2023\/04\/03.jpg\"><img loading=\"lazy\" class=\"wp-image-25317 size-full\" src=\"http:\/\/www.polisrecreio.com.br\/site\/wp-content\/uploads\/2023\/04\/03.jpg\" alt=\"\" width=\"1280\" height=\"958\" srcset=\"https:\/\/www.polisrecreio.com.br\/site\/wp-content\/uploads\/2023\/04\/03.jpg 1280w, https:\/\/www.polisrecreio.com.br\/site\/wp-content\/uploads\/2023\/04\/03-300x225.jpg 300w, https:\/\/www.polisrecreio.com.br\/site\/wp-content\/uploads\/2023\/04\/03-1024x766.jpg 1024w, https:\/\/www.polisrecreio.com.br\/site\/wp-content\/uploads\/2023\/04\/03-768x575.jpg 768w\" sizes=\"(max-width: 1280px) 100vw, 1280px\" \/><\/a><figcaption id=\"caption-attachment-25317\" class=\"wp-caption-text\">Euler Luz.<\/figcaption><\/figure>\n<p><a href=\"http:\/\/www.polisrecreio.com.br\/site\/wp-content\/uploads\/2024\/03\/430050770_727874209450288_5208884572892705987_n.jpg\"><img loading=\"lazy\" class=\"aligncenter size-full wp-image-26782\" src=\"http:\/\/www.polisrecreio.com.br\/site\/wp-content\/uploads\/2024\/03\/430050770_727874209450288_5208884572892705987_n.jpg\" alt=\"\" width=\"1080\" height=\"1349\" srcset=\"https:\/\/www.polisrecreio.com.br\/site\/wp-content\/uploads\/2024\/03\/430050770_727874209450288_5208884572892705987_n.jpg 1080w, https:\/\/www.polisrecreio.com.br\/site\/wp-content\/uploads\/2024\/03\/430050770_727874209450288_5208884572892705987_n-240x300.jpg 240w, https:\/\/www.polisrecreio.com.br\/site\/wp-content\/uploads\/2024\/03\/430050770_727874209450288_5208884572892705987_n-820x1024.jpg 820w, https:\/\/www.polisrecreio.com.br\/site\/wp-content\/uploads\/2024\/03\/430050770_727874209450288_5208884572892705987_n-768x959.jpg 768w\" sizes=\"(max-width: 1080px) 100vw, 1080px\" \/><\/a><\/p>\n<p>&nbsp;<\/p>\n","protected":false},"excerpt":{"rendered":"<p>No pr\u00f3ximo s\u00e1bado (9), a partir das 18h, acontece no sossegado distrito de Angaturama, localizado a aproximadamente 12 km da \u00e1rea urbana de Recreio, o 1\u00ba Festival de Cinema de Angaturama, com exibi\u00e7\u00e3o de tr\u00eas curtas-metragens.<\/p>\n","protected":false},"author":3,"featured_media":0,"comment_status":"open","ping_status":"open","sticky":false,"template":"","format":"standard","meta":[],"categories":[2],"tags":[],"yoast_head":"<!-- This site is optimized with the Yoast SEO plugin v15.6.2 - https:\/\/yoast.com\/wordpress\/plugins\/seo\/ -->\n<meta name=\"robots\" content=\"index, follow, max-snippet:-1, max-image-preview:large, max-video-preview:-1\" \/>\n<link rel=\"canonical\" href=\"http:\/\/www.polisrecreio.com.br\/site\/2024\/03\/04\/sabado-9-acontece-o-1o-festival-de-cinema-de-angaturama\/\" \/>\n<meta property=\"og:locale\" content=\"pt_BR\" \/>\n<meta property=\"og:type\" content=\"article\" \/>\n<meta property=\"og:title\" content=\"S\u00e1bado (9) acontece o 1\u00ba Festival de Cinema de Angaturama - P\u00f3lis Recreio\" \/>\n<meta property=\"og:description\" content=\"No pr\u00f3ximo s\u00e1bado (9), a partir das 18h, acontece no sossegado distrito de Angaturama, localizado a aproximadamente 12 km da \u00e1rea urbana de Recreio, o 1\u00ba Festival de Cinema de Angaturama, com exibi\u00e7\u00e3o de tr\u00eas curtas-metragens.\" \/>\n<meta property=\"og:url\" content=\"http:\/\/www.polisrecreio.com.br\/site\/2024\/03\/04\/sabado-9-acontece-o-1o-festival-de-cinema-de-angaturama\/\" \/>\n<meta property=\"og:site_name\" content=\"P\u00f3lis Recreio\" \/>\n<meta property=\"article:publisher\" content=\"https:\/\/www.facebook.com\/Site-P%c3%b3lis-Recreio-MG-181941708571019\/\" \/>\n<meta property=\"article:published_time\" content=\"2024-03-04T12:13:15+00:00\" \/>\n<meta property=\"og:image\" content=\"http:\/\/www.polisrecreio.com.br\/site\/wp-content\/uploads\/2023\/08\/WhatsApp-Image-2023-04-05-at-10.40.35.jpeg\" \/>\n<meta name=\"twitter:card\" content=\"summary_large_image\" \/>\n<meta name=\"twitter:creator\" content=\"@PolisRecreio\" \/>\n<meta name=\"twitter:site\" content=\"@PolisRecreio\" \/>\n<meta name=\"twitter:label1\" content=\"Est. reading time\">\n\t<meta name=\"twitter:data1\" content=\"2 minutos\">\n<script type=\"application\/ld+json\" class=\"yoast-schema-graph\">{\"@context\":\"https:\/\/schema.org\",\"@graph\":[{\"@type\":\"WebSite\",\"@id\":\"https:\/\/www.polisrecreio.com.br\/site\/#website\",\"url\":\"https:\/\/www.polisrecreio.com.br\/site\/\",\"name\":\"P\\u00f3lis Recreio\",\"description\":\"\",\"potentialAction\":[{\"@type\":\"SearchAction\",\"target\":\"https:\/\/www.polisrecreio.com.br\/site\/?s={search_term_string}\",\"query-input\":\"required name=search_term_string\"}],\"inLanguage\":\"pt-BR\"},{\"@type\":\"ImageObject\",\"@id\":\"http:\/\/www.polisrecreio.com.br\/site\/2024\/03\/04\/sabado-9-acontece-o-1o-festival-de-cinema-de-angaturama\/#primaryimage\",\"inLanguage\":\"pt-BR\",\"url\":\"http:\/\/www.polisrecreio.com.br\/site\/wp-content\/uploads\/2023\/08\/WhatsApp-Image-2023-04-05-at-10.40.35.jpeg\"},{\"@type\":\"WebPage\",\"@id\":\"http:\/\/www.polisrecreio.com.br\/site\/2024\/03\/04\/sabado-9-acontece-o-1o-festival-de-cinema-de-angaturama\/#webpage\",\"url\":\"http:\/\/www.polisrecreio.com.br\/site\/2024\/03\/04\/sabado-9-acontece-o-1o-festival-de-cinema-de-angaturama\/\",\"name\":\"S\\u00e1bado (9) acontece o 1\\u00ba Festival de Cinema de Angaturama - P\\u00f3lis Recreio\",\"isPartOf\":{\"@id\":\"https:\/\/www.polisrecreio.com.br\/site\/#website\"},\"primaryImageOfPage\":{\"@id\":\"http:\/\/www.polisrecreio.com.br\/site\/2024\/03\/04\/sabado-9-acontece-o-1o-festival-de-cinema-de-angaturama\/#primaryimage\"},\"datePublished\":\"2024-03-04T12:13:15+00:00\",\"dateModified\":\"2024-03-04T12:13:15+00:00\",\"author\":{\"@id\":\"https:\/\/www.polisrecreio.com.br\/site\/#\/schema\/person\/3363c1c78e1e28e1329d97adb387638e\"},\"inLanguage\":\"pt-BR\",\"potentialAction\":[{\"@type\":\"ReadAction\",\"target\":[\"http:\/\/www.polisrecreio.com.br\/site\/2024\/03\/04\/sabado-9-acontece-o-1o-festival-de-cinema-de-angaturama\/\"]}]},{\"@type\":\"Person\",\"@id\":\"https:\/\/www.polisrecreio.com.br\/site\/#\/schema\/person\/3363c1c78e1e28e1329d97adb387638e\",\"name\":\"Leonardo Ribeiro\",\"image\":{\"@type\":\"ImageObject\",\"@id\":\"https:\/\/www.polisrecreio.com.br\/site\/#personlogo\",\"inLanguage\":\"pt-BR\",\"url\":\"https:\/\/secure.gravatar.com\/avatar\/6ba92a37d621e1a83e23710251178a12?s=96&d=mm&r=g\",\"caption\":\"Leonardo Ribeiro\"},\"sameAs\":[\"http:\/\/www.polisrecreio.com.br\"]}]}<\/script>\n<!-- \/ Yoast SEO plugin. -->","_links":{"self":[{"href":"https:\/\/www.polisrecreio.com.br\/site\/wp-json\/wp\/v2\/posts\/26781"}],"collection":[{"href":"https:\/\/www.polisrecreio.com.br\/site\/wp-json\/wp\/v2\/posts"}],"about":[{"href":"https:\/\/www.polisrecreio.com.br\/site\/wp-json\/wp\/v2\/types\/post"}],"author":[{"embeddable":true,"href":"https:\/\/www.polisrecreio.com.br\/site\/wp-json\/wp\/v2\/users\/3"}],"replies":[{"embeddable":true,"href":"https:\/\/www.polisrecreio.com.br\/site\/wp-json\/wp\/v2\/comments?post=26781"}],"version-history":[{"count":1,"href":"https:\/\/www.polisrecreio.com.br\/site\/wp-json\/wp\/v2\/posts\/26781\/revisions"}],"predecessor-version":[{"id":26783,"href":"https:\/\/www.polisrecreio.com.br\/site\/wp-json\/wp\/v2\/posts\/26781\/revisions\/26783"}],"wp:attachment":[{"href":"https:\/\/www.polisrecreio.com.br\/site\/wp-json\/wp\/v2\/media?parent=26781"}],"wp:term":[{"taxonomy":"category","embeddable":true,"href":"https:\/\/www.polisrecreio.com.br\/site\/wp-json\/wp\/v2\/categories?post=26781"},{"taxonomy":"post_tag","embeddable":true,"href":"https:\/\/www.polisrecreio.com.br\/site\/wp-json\/wp\/v2\/tags?post=26781"}],"curies":[{"name":"wp","href":"https:\/\/api.w.org\/{rel}","templated":true}]}}