{"id":26785,"date":"2024-03-05T07:56:28","date_gmt":"2024-03-05T10:56:28","guid":{"rendered":"http:\/\/www.polisrecreio.com.br\/site\/?p=26785"},"modified":"2024-03-05T07:56:28","modified_gmt":"2024-03-05T10:56:28","slug":"situacao-da-ponte-na-regiao-da-fazenda-alegria-volta-a-preocupar-produtores-rurais","status":"publish","type":"post","link":"https:\/\/www.polisrecreio.com.br\/site\/2024\/03\/05\/situacao-da-ponte-na-regiao-da-fazenda-alegria-volta-a-preocupar-produtores-rurais\/","title":{"rendered":"Situa\u00e7\u00e3o da ponte na regi\u00e3o da Fazenda Alegria volta a preocupar produtores rurais"},"content":{"rendered":"<p style=\"text-align: justify;\">A ponte rural na regi\u00e3o da Fazenda Alegria, em Recreio, voltou a preocupar produtores rurais e demais pessoas que precisam passar pelo local. Desde maio do ano passado, eles aguardam uma ponte definitiva no local.<\/p>\n<p><!--more--><\/p>\n<p><a href=\"http:\/\/www.polisrecreio.com.br\/site\/wp-content\/uploads\/2024\/03\/WhatsApp-Image-2024-02-14-at-09.53.03.jpeg\"><img loading=\"lazy\" class=\"aligncenter size-full wp-image-26786\" src=\"http:\/\/www.polisrecreio.com.br\/site\/wp-content\/uploads\/2024\/03\/WhatsApp-Image-2024-02-14-at-09.53.03.jpeg\" alt=\"\" width=\"1200\" height=\"716\" srcset=\"https:\/\/www.polisrecreio.com.br\/site\/wp-content\/uploads\/2024\/03\/WhatsApp-Image-2024-02-14-at-09.53.03.jpeg 1200w, https:\/\/www.polisrecreio.com.br\/site\/wp-content\/uploads\/2024\/03\/WhatsApp-Image-2024-02-14-at-09.53.03-300x179.jpeg 300w, https:\/\/www.polisrecreio.com.br\/site\/wp-content\/uploads\/2024\/03\/WhatsApp-Image-2024-02-14-at-09.53.03-1024x611.jpeg 1024w, https:\/\/www.polisrecreio.com.br\/site\/wp-content\/uploads\/2024\/03\/WhatsApp-Image-2024-02-14-at-09.53.03-768x458.jpeg 768w\" sizes=\"(max-width: 1200px) 100vw, 1200px\" \/><\/a><\/p>\n<p style=\"text-align: justify;\"><a href=\"https:\/\/www.polisrecreio.com.br\/site\/2023\/05\/12\/ponte-na-regiao-da-fazenda-alegria-volta-a-ficar-transitavel-depois-de-quase-um-ano\/\" target=\"_blank\" rel=\"noopener noreferrer\">A atual ponte foi recuperada de forma provis\u00f3ria pela Secretaria de Obras<\/a>, para substituir a antiga ponte que era de madeira. Mas, segundo produtores rurais ela est\u00e1 tombando e um buraco est\u00e1 se abrindo. A situa\u00e7\u00e3o pode piorar caso as chuvas de mar\u00e7o sejam mais fortes.<\/p>\n<p style=\"text-align: justify;\">O Site P\u00f3lis entrou em contato com a Administra\u00e7\u00e3o Municipal, por\u00e9m n\u00e3o h\u00e1 informa\u00e7\u00f5es sobre a constru\u00e7\u00e3o de uma nova ponte na Fazenda Alegria.<\/p>\n<p><a href=\"http:\/\/www.polisrecreio.com.br\/site\/wp-content\/uploads\/2024\/03\/WhatsApp-Image-2024-02-20-at-09.47.40.jpeg\"><img loading=\"lazy\" class=\"aligncenter size-full wp-image-26788\" src=\"http:\/\/www.polisrecreio.com.br\/site\/wp-content\/uploads\/2024\/03\/WhatsApp-Image-2024-02-20-at-09.47.40.jpeg\" alt=\"\" width=\"922\" height=\"643\" srcset=\"https:\/\/www.polisrecreio.com.br\/site\/wp-content\/uploads\/2024\/03\/WhatsApp-Image-2024-02-20-at-09.47.40.jpeg 922w, https:\/\/www.polisrecreio.com.br\/site\/wp-content\/uploads\/2024\/03\/WhatsApp-Image-2024-02-20-at-09.47.40-300x209.jpeg 300w, https:\/\/www.polisrecreio.com.br\/site\/wp-content\/uploads\/2024\/03\/WhatsApp-Image-2024-02-20-at-09.47.40-768x536.jpeg 768w\" sizes=\"(max-width: 922px) 100vw, 922px\" \/><\/a><\/p>\n<p><a href=\"http:\/\/www.polisrecreio.com.br\/site\/wp-content\/uploads\/2024\/03\/WhatsApp-Image-2024-02-14-at-09.53.04.jpeg\"><img loading=\"lazy\" class=\"aligncenter size-full wp-image-26787\" src=\"http:\/\/www.polisrecreio.com.br\/site\/wp-content\/uploads\/2024\/03\/WhatsApp-Image-2024-02-14-at-09.53.04.jpeg\" alt=\"\" width=\"1200\" height=\"847\" srcset=\"https:\/\/www.polisrecreio.com.br\/site\/wp-content\/uploads\/2024\/03\/WhatsApp-Image-2024-02-14-at-09.53.04.jpeg 1200w, https:\/\/www.polisrecreio.com.br\/site\/wp-content\/uploads\/2024\/03\/WhatsApp-Image-2024-02-14-at-09.53.04-300x212.jpeg 300w, https:\/\/www.polisrecreio.com.br\/site\/wp-content\/uploads\/2024\/03\/WhatsApp-Image-2024-02-14-at-09.53.04-1024x723.jpeg 1024w, https:\/\/www.polisrecreio.com.br\/site\/wp-content\/uploads\/2024\/03\/WhatsApp-Image-2024-02-14-at-09.53.04-768x542.jpeg 768w\" sizes=\"(max-width: 1200px) 100vw, 1200px\" \/><\/a><\/p>\n","protected":false},"excerpt":{"rendered":"<p>A ponte rural na regi\u00e3o da Fazenda Alegria, em Recreio, voltou a preocupar produtores rurais e demais pessoas que precisam passar pelo local. Desde maio do ano passado, eles aguardam uma ponte definitiva no local.<\/p>\n","protected":false},"author":3,"featured_media":0,"comment_status":"open","ping_status":"open","sticky":false,"template":"","format":"standard","meta":[],"categories":[15],"tags":[],"yoast_head":"<!-- This site is optimized with the Yoast SEO plugin v15.6.2 - https:\/\/yoast.com\/wordpress\/plugins\/seo\/ -->\n<meta name=\"robots\" content=\"index, follow, max-snippet:-1, max-image-preview:large, max-video-preview:-1\" \/>\n<link rel=\"canonical\" href=\"https:\/\/www.polisrecreio.com.br\/site\/2024\/03\/05\/situacao-da-ponte-na-regiao-da-fazenda-alegria-volta-a-preocupar-produtores-rurais\/\" \/>\n<meta property=\"og:locale\" content=\"pt_BR\" \/>\n<meta property=\"og:type\" content=\"article\" \/>\n<meta property=\"og:title\" content=\"Situa\u00e7\u00e3o da ponte na regi\u00e3o da Fazenda Alegria volta a preocupar produtores rurais - P\u00f3lis Recreio\" \/>\n<meta property=\"og:description\" content=\"A ponte rural na regi\u00e3o da Fazenda Alegria, em Recreio, voltou a preocupar produtores rurais e demais pessoas que precisam passar pelo local. Desde maio do ano passado, eles aguardam uma ponte definitiva no local.\" \/>\n<meta property=\"og:url\" content=\"https:\/\/www.polisrecreio.com.br\/site\/2024\/03\/05\/situacao-da-ponte-na-regiao-da-fazenda-alegria-volta-a-preocupar-produtores-rurais\/\" \/>\n<meta property=\"og:site_name\" content=\"P\u00f3lis Recreio\" \/>\n<meta property=\"article:publisher\" content=\"https:\/\/www.facebook.com\/Site-P%c3%b3lis-Recreio-MG-181941708571019\/\" \/>\n<meta property=\"article:published_time\" content=\"2024-03-05T10:56:28+00:00\" \/>\n<meta property=\"og:image\" content=\"http:\/\/www.polisrecreio.com.br\/site\/wp-content\/uploads\/2024\/03\/WhatsApp-Image-2024-02-14-at-09.53.03.jpeg\" \/>\n<meta name=\"twitter:card\" content=\"summary_large_image\" \/>\n<meta name=\"twitter:creator\" content=\"@PolisRecreio\" \/>\n<meta name=\"twitter:site\" content=\"@PolisRecreio\" \/>\n<meta name=\"twitter:label1\" content=\"Est. reading time\">\n\t<meta name=\"twitter:data1\" content=\"2 minutos\">\n<script type=\"application\/ld+json\" class=\"yoast-schema-graph\">{\"@context\":\"https:\/\/schema.org\",\"@graph\":[{\"@type\":\"WebSite\",\"@id\":\"https:\/\/www.polisrecreio.com.br\/site\/#website\",\"url\":\"https:\/\/www.polisrecreio.com.br\/site\/\",\"name\":\"P\\u00f3lis Recreio\",\"description\":\"\",\"potentialAction\":[{\"@type\":\"SearchAction\",\"target\":\"https:\/\/www.polisrecreio.com.br\/site\/?s={search_term_string}\",\"query-input\":\"required name=search_term_string\"}],\"inLanguage\":\"pt-BR\"},{\"@type\":\"ImageObject\",\"@id\":\"https:\/\/www.polisrecreio.com.br\/site\/2024\/03\/05\/situacao-da-ponte-na-regiao-da-fazenda-alegria-volta-a-preocupar-produtores-rurais\/#primaryimage\",\"inLanguage\":\"pt-BR\",\"url\":\"http:\/\/www.polisrecreio.com.br\/site\/wp-content\/uploads\/2024\/03\/WhatsApp-Image-2024-02-14-at-09.53.03.jpeg\"},{\"@type\":\"WebPage\",\"@id\":\"https:\/\/www.polisrecreio.com.br\/site\/2024\/03\/05\/situacao-da-ponte-na-regiao-da-fazenda-alegria-volta-a-preocupar-produtores-rurais\/#webpage\",\"url\":\"https:\/\/www.polisrecreio.com.br\/site\/2024\/03\/05\/situacao-da-ponte-na-regiao-da-fazenda-alegria-volta-a-preocupar-produtores-rurais\/\",\"name\":\"Situa\\u00e7\\u00e3o da ponte na regi\\u00e3o da Fazenda Alegria volta a preocupar produtores rurais - P\\u00f3lis Recreio\",\"isPartOf\":{\"@id\":\"https:\/\/www.polisrecreio.com.br\/site\/#website\"},\"primaryImageOfPage\":{\"@id\":\"https:\/\/www.polisrecreio.com.br\/site\/2024\/03\/05\/situacao-da-ponte-na-regiao-da-fazenda-alegria-volta-a-preocupar-produtores-rurais\/#primaryimage\"},\"datePublished\":\"2024-03-05T10:56:28+00:00\",\"dateModified\":\"2024-03-05T10:56:28+00:00\",\"author\":{\"@id\":\"https:\/\/www.polisrecreio.com.br\/site\/#\/schema\/person\/3363c1c78e1e28e1329d97adb387638e\"},\"inLanguage\":\"pt-BR\",\"potentialAction\":[{\"@type\":\"ReadAction\",\"target\":[\"https:\/\/www.polisrecreio.com.br\/site\/2024\/03\/05\/situacao-da-ponte-na-regiao-da-fazenda-alegria-volta-a-preocupar-produtores-rurais\/\"]}]},{\"@type\":\"Person\",\"@id\":\"https:\/\/www.polisrecreio.com.br\/site\/#\/schema\/person\/3363c1c78e1e28e1329d97adb387638e\",\"name\":\"Leonardo Ribeiro\",\"image\":{\"@type\":\"ImageObject\",\"@id\":\"https:\/\/www.polisrecreio.com.br\/site\/#personlogo\",\"inLanguage\":\"pt-BR\",\"url\":\"https:\/\/secure.gravatar.com\/avatar\/6ba92a37d621e1a83e23710251178a12?s=96&d=mm&r=g\",\"caption\":\"Leonardo Ribeiro\"},\"sameAs\":[\"http:\/\/www.polisrecreio.com.br\"]}]}<\/script>\n<!-- \/ Yoast SEO plugin. -->","_links":{"self":[{"href":"https:\/\/www.polisrecreio.com.br\/site\/wp-json\/wp\/v2\/posts\/26785"}],"collection":[{"href":"https:\/\/www.polisrecreio.com.br\/site\/wp-json\/wp\/v2\/posts"}],"about":[{"href":"https:\/\/www.polisrecreio.com.br\/site\/wp-json\/wp\/v2\/types\/post"}],"author":[{"embeddable":true,"href":"https:\/\/www.polisrecreio.com.br\/site\/wp-json\/wp\/v2\/users\/3"}],"replies":[{"embeddable":true,"href":"https:\/\/www.polisrecreio.com.br\/site\/wp-json\/wp\/v2\/comments?post=26785"}],"version-history":[{"count":1,"href":"https:\/\/www.polisrecreio.com.br\/site\/wp-json\/wp\/v2\/posts\/26785\/revisions"}],"predecessor-version":[{"id":26789,"href":"https:\/\/www.polisrecreio.com.br\/site\/wp-json\/wp\/v2\/posts\/26785\/revisions\/26789"}],"wp:attachment":[{"href":"https:\/\/www.polisrecreio.com.br\/site\/wp-json\/wp\/v2\/media?parent=26785"}],"wp:term":[{"taxonomy":"category","embeddable":true,"href":"https:\/\/www.polisrecreio.com.br\/site\/wp-json\/wp\/v2\/categories?post=26785"},{"taxonomy":"post_tag","embeddable":true,"href":"https:\/\/www.polisrecreio.com.br\/site\/wp-json\/wp\/v2\/tags?post=26785"}],"curies":[{"name":"wp","href":"https:\/\/api.w.org\/{rel}","templated":true}]}}