{"id":2680,"date":"2016-08-18T09:56:11","date_gmt":"2016-08-18T12:56:11","guid":{"rendered":"http:\/\/www.polisrecreio.com.br\/site\/?p=2680"},"modified":"2016-08-18T09:56:53","modified_gmt":"2016-08-18T12:56:53","slug":"comecou-o-torneio-leiteiro-da-expo-recreio-2016","status":"publish","type":"post","link":"https:\/\/www.polisrecreio.com.br\/site\/2016\/08\/18\/comecou-o-torneio-leiteiro-da-expo-recreio-2016\/","title":{"rendered":"Come\u00e7ou o torneio leiteiro da EXPO-Recreio 2016"},"content":{"rendered":"<p style=\"text-align: justify;\">Na manh\u00e3 de hoje (18), come\u00e7ou o torneio leiteiro da 38\u00aa Exposi\u00e7\u00e3o de Recreio, com a participa\u00e7\u00e3o de 24 vacas de tr\u00eas cidades (Recreio, Palma e Leopoldina) competindo em seis categorias. A primeira ordenha aconteceu \u00e0s 8h.<\/p>\n<p style=\"text-align: justify;\"><!--more--><\/p>\n<figure id=\"attachment_2681\" aria-describedby=\"caption-attachment-2681\" style=\"width: 800px\" class=\"wp-caption aligncenter\"><a href=\"http:\/\/www.polisrecreio.com.br\/site\/wp-content\/uploads\/2016\/08\/100_4229.jpg\"><img loading=\"lazy\" class=\"size-full wp-image-2681\" src=\"http:\/\/www.polisrecreio.com.br\/site\/wp-content\/uploads\/2016\/08\/100_4229.jpg\" alt=\"Torneio leiteiro da EXPO 2016.\" width=\"800\" height=\"600\" srcset=\"https:\/\/www.polisrecreio.com.br\/site\/wp-content\/uploads\/2016\/08\/100_4229.jpg 800w, https:\/\/www.polisrecreio.com.br\/site\/wp-content\/uploads\/2016\/08\/100_4229-300x225.jpg 300w\" sizes=\"(max-width: 800px) 100vw, 800px\" \/><\/a><figcaption id=\"caption-attachment-2681\" class=\"wp-caption-text\">Torneio leiteiro da EXPO 2016.<\/figcaption><\/figure>\n<p style=\"text-align: justify;\">Logo mais \u00e0s 20h, acontece a segunda ordenha do dia. At\u00e9 s\u00e1bado (20), quando conheceremos as vacas vencedoras, ser\u00e3o duas ordenhas por dia, nos hor\u00e1rios de 8h e 20h. As categorias s\u00e3o divididas em livre, 30 kg, 6 dentes, 4 dentes, 2 dentes e categoria Recreio. As premia\u00e7\u00f5es em dinheiro ser\u00e3o de R$ 1 mil para a campe\u00e3 e R$ 500 para a vice-campe\u00e3.<\/p>\n<figure id=\"attachment_2682\" aria-describedby=\"caption-attachment-2682\" style=\"width: 800px\" class=\"wp-caption aligncenter\"><a href=\"http:\/\/www.polisrecreio.com.br\/site\/wp-content\/uploads\/2016\/08\/100_4234.jpg\"><img loading=\"lazy\" class=\"size-full wp-image-2682\" src=\"http:\/\/www.polisrecreio.com.br\/site\/wp-content\/uploads\/2016\/08\/100_4234.jpg\" alt=\"Produtores pesando a produ\u00e7\u00e3o.\" width=\"800\" height=\"600\" srcset=\"https:\/\/www.polisrecreio.com.br\/site\/wp-content\/uploads\/2016\/08\/100_4234.jpg 800w, https:\/\/www.polisrecreio.com.br\/site\/wp-content\/uploads\/2016\/08\/100_4234-300x225.jpg 300w\" sizes=\"(max-width: 800px) 100vw, 800px\" \/><\/a><figcaption id=\"caption-attachment-2682\" class=\"wp-caption-text\">Produtores pesando a produ\u00e7\u00e3o.<\/figcaption><\/figure>\n<p style=\"text-align: justify;\">O torneio tem a coordena\u00e7\u00e3o dos produtores rurais, V\u00edtor do Bem, presidente do concurso; Dr. Gustavo Furtado, veterin\u00e1rio respons\u00e1vel; Rodrigo Junqueira, t\u00e9cnico extensionista da EMATER\/MG; com patroc\u00ednio da Prefeitura Municipal e de pecuaristas incentivadores.<\/p>\n<figure id=\"attachment_2683\" aria-describedby=\"caption-attachment-2683\" style=\"width: 800px\" class=\"wp-caption aligncenter\"><a href=\"http:\/\/www.polisrecreio.com.br\/site\/wp-content\/uploads\/2016\/08\/100_4232.jpg\"><img loading=\"lazy\" class=\"size-full wp-image-2683\" src=\"http:\/\/www.polisrecreio.com.br\/site\/wp-content\/uploads\/2016\/08\/100_4232.jpg\" alt=\"Retireiro ordenhando.\" width=\"800\" height=\"600\" srcset=\"https:\/\/www.polisrecreio.com.br\/site\/wp-content\/uploads\/2016\/08\/100_4232.jpg 800w, https:\/\/www.polisrecreio.com.br\/site\/wp-content\/uploads\/2016\/08\/100_4232-300x225.jpg 300w\" sizes=\"(max-width: 800px) 100vw, 800px\" \/><\/a><figcaption id=\"caption-attachment-2683\" class=\"wp-caption-text\">Retireiro ordenhando.<\/figcaption><\/figure>\n<figure id=\"attachment_2684\" aria-describedby=\"caption-attachment-2684\" style=\"width: 800px\" class=\"wp-caption aligncenter\"><a href=\"http:\/\/www.polisrecreio.com.br\/site\/wp-content\/uploads\/2016\/08\/100_4233.jpg\"><img loading=\"lazy\" class=\"wp-image-2684 size-full\" src=\"http:\/\/www.polisrecreio.com.br\/site\/wp-content\/uploads\/2016\/08\/100_4233.jpg\" alt=\"100_4233\" width=\"800\" height=\"600\" srcset=\"https:\/\/www.polisrecreio.com.br\/site\/wp-content\/uploads\/2016\/08\/100_4233.jpg 800w, https:\/\/www.polisrecreio.com.br\/site\/wp-content\/uploads\/2016\/08\/100_4233-300x225.jpg 300w\" sizes=\"(max-width: 800px) 100vw, 800px\" \/><\/a><figcaption id=\"caption-attachment-2684\" class=\"wp-caption-text\">Animais participantes.<\/dd>\n<dd class=\"wp-caption-dd\"><\/figcaption><\/figure>\n<figure id=\"attachment_2685\" aria-describedby=\"caption-attachment-2685\" style=\"width: 800px\" class=\"wp-caption aligncenter\"><a href=\"http:\/\/www.polisrecreio.com.br\/site\/wp-content\/uploads\/2016\/08\/100_4235.jpg\"><img loading=\"lazy\" class=\"wp-image-2685 size-full\" src=\"http:\/\/www.polisrecreio.com.br\/site\/wp-content\/uploads\/2016\/08\/100_4235.jpg\" alt=\"100_4235\" width=\"800\" height=\"600\" srcset=\"https:\/\/www.polisrecreio.com.br\/site\/wp-content\/uploads\/2016\/08\/100_4235.jpg 800w, https:\/\/www.polisrecreio.com.br\/site\/wp-content\/uploads\/2016\/08\/100_4235-300x225.jpg 300w\" sizes=\"(max-width: 800px) 100vw, 800px\" \/><\/a><figcaption id=\"caption-attachment-2685\" class=\"wp-caption-text\">Produ\u00e7\u00e3o sendo pesada.<\/figcaption><\/figure>\n","protected":false},"excerpt":{"rendered":"<p>Na manh\u00e3 de hoje (18), come\u00e7ou o torneio leiteiro da 38\u00aa Exposi\u00e7\u00e3o de Recreio, com a participa\u00e7\u00e3o de 24 vacas de tr\u00eas cidades (Recreio, Palma e Leopoldina) competindo em seis categorias. A primeira ordenha aconteceu \u00e0s 8h.<\/p>\n","protected":false},"author":3,"featured_media":2684,"comment_status":"open","ping_status":"open","sticky":false,"template":"","format":"standard","meta":[],"categories":[6],"tags":[],"yoast_head":"<!-- This site is optimized with the Yoast SEO plugin v15.6.2 - https:\/\/yoast.com\/wordpress\/plugins\/seo\/ -->\n<meta name=\"robots\" content=\"index, follow, max-snippet:-1, max-image-preview:large, max-video-preview:-1\" \/>\n<link rel=\"canonical\" href=\"http:\/\/www.polisrecreio.com.br\/site\/2016\/08\/18\/comecou-o-torneio-leiteiro-da-expo-recreio-2016\/\" \/>\n<meta property=\"og:locale\" content=\"pt_BR\" \/>\n<meta property=\"og:type\" content=\"article\" \/>\n<meta property=\"og:title\" content=\"Come\u00e7ou o torneio leiteiro da EXPO-Recreio 2016 - P\u00f3lis Recreio\" \/>\n<meta property=\"og:description\" content=\"Na manh\u00e3 de hoje (18), come\u00e7ou o torneio leiteiro da 38\u00aa Exposi\u00e7\u00e3o de Recreio, com a participa\u00e7\u00e3o de 24 vacas de tr\u00eas cidades (Recreio, Palma e Leopoldina) competindo em seis categorias. A primeira ordenha aconteceu \u00e0s 8h.\" \/>\n<meta property=\"og:url\" content=\"http:\/\/www.polisrecreio.com.br\/site\/2016\/08\/18\/comecou-o-torneio-leiteiro-da-expo-recreio-2016\/\" \/>\n<meta property=\"og:site_name\" content=\"P\u00f3lis Recreio\" \/>\n<meta property=\"article:publisher\" content=\"https:\/\/www.facebook.com\/Site-P%c3%b3lis-Recreio-MG-181941708571019\/\" \/>\n<meta property=\"article:published_time\" content=\"2016-08-18T12:56:11+00:00\" \/>\n<meta property=\"article:modified_time\" content=\"2016-08-18T12:56:53+00:00\" \/>\n<meta property=\"og:image\" content=\"https:\/\/www.polisrecreio.com.br\/site\/wp-content\/uploads\/2016\/08\/100_4233.jpg\" \/>\n\t<meta property=\"og:image:width\" content=\"800\" \/>\n\t<meta property=\"og:image:height\" content=\"600\" \/>\n<meta name=\"twitter:card\" content=\"summary_large_image\" \/>\n<meta name=\"twitter:creator\" content=\"@PolisRecreio\" \/>\n<meta name=\"twitter:site\" content=\"@PolisRecreio\" \/>\n<meta name=\"twitter:label1\" content=\"Est. reading time\">\n\t<meta name=\"twitter:data1\" content=\"1 minuto\">\n<script type=\"application\/ld+json\" class=\"yoast-schema-graph\">{\"@context\":\"https:\/\/schema.org\",\"@graph\":[{\"@type\":\"WebSite\",\"@id\":\"https:\/\/www.polisrecreio.com.br\/site\/#website\",\"url\":\"https:\/\/www.polisrecreio.com.br\/site\/\",\"name\":\"P\\u00f3lis Recreio\",\"description\":\"\",\"potentialAction\":[{\"@type\":\"SearchAction\",\"target\":\"https:\/\/www.polisrecreio.com.br\/site\/?s={search_term_string}\",\"query-input\":\"required name=search_term_string\"}],\"inLanguage\":\"pt-BR\"},{\"@type\":\"ImageObject\",\"@id\":\"http:\/\/www.polisrecreio.com.br\/site\/2016\/08\/18\/comecou-o-torneio-leiteiro-da-expo-recreio-2016\/#primaryimage\",\"inLanguage\":\"pt-BR\",\"url\":\"https:\/\/www.polisrecreio.com.br\/site\/wp-content\/uploads\/2016\/08\/100_4233.jpg\",\"width\":800,\"height\":600},{\"@type\":\"WebPage\",\"@id\":\"http:\/\/www.polisrecreio.com.br\/site\/2016\/08\/18\/comecou-o-torneio-leiteiro-da-expo-recreio-2016\/#webpage\",\"url\":\"http:\/\/www.polisrecreio.com.br\/site\/2016\/08\/18\/comecou-o-torneio-leiteiro-da-expo-recreio-2016\/\",\"name\":\"Come\\u00e7ou o torneio leiteiro da EXPO-Recreio 2016 - P\\u00f3lis Recreio\",\"isPartOf\":{\"@id\":\"https:\/\/www.polisrecreio.com.br\/site\/#website\"},\"primaryImageOfPage\":{\"@id\":\"http:\/\/www.polisrecreio.com.br\/site\/2016\/08\/18\/comecou-o-torneio-leiteiro-da-expo-recreio-2016\/#primaryimage\"},\"datePublished\":\"2016-08-18T12:56:11+00:00\",\"dateModified\":\"2016-08-18T12:56:53+00:00\",\"author\":{\"@id\":\"https:\/\/www.polisrecreio.com.br\/site\/#\/schema\/person\/3363c1c78e1e28e1329d97adb387638e\"},\"inLanguage\":\"pt-BR\",\"potentialAction\":[{\"@type\":\"ReadAction\",\"target\":[\"http:\/\/www.polisrecreio.com.br\/site\/2016\/08\/18\/comecou-o-torneio-leiteiro-da-expo-recreio-2016\/\"]}]},{\"@type\":\"Person\",\"@id\":\"https:\/\/www.polisrecreio.com.br\/site\/#\/schema\/person\/3363c1c78e1e28e1329d97adb387638e\",\"name\":\"Leonardo Ribeiro\",\"image\":{\"@type\":\"ImageObject\",\"@id\":\"https:\/\/www.polisrecreio.com.br\/site\/#personlogo\",\"inLanguage\":\"pt-BR\",\"url\":\"https:\/\/secure.gravatar.com\/avatar\/6ba92a37d621e1a83e23710251178a12?s=96&d=mm&r=g\",\"caption\":\"Leonardo Ribeiro\"},\"sameAs\":[\"http:\/\/www.polisrecreio.com.br\"]}]}<\/script>\n<!-- \/ Yoast SEO plugin. -->","_links":{"self":[{"href":"https:\/\/www.polisrecreio.com.br\/site\/wp-json\/wp\/v2\/posts\/2680"}],"collection":[{"href":"https:\/\/www.polisrecreio.com.br\/site\/wp-json\/wp\/v2\/posts"}],"about":[{"href":"https:\/\/www.polisrecreio.com.br\/site\/wp-json\/wp\/v2\/types\/post"}],"author":[{"embeddable":true,"href":"https:\/\/www.polisrecreio.com.br\/site\/wp-json\/wp\/v2\/users\/3"}],"replies":[{"embeddable":true,"href":"https:\/\/www.polisrecreio.com.br\/site\/wp-json\/wp\/v2\/comments?post=2680"}],"version-history":[{"count":4,"href":"https:\/\/www.polisrecreio.com.br\/site\/wp-json\/wp\/v2\/posts\/2680\/revisions"}],"predecessor-version":[{"id":2689,"href":"https:\/\/www.polisrecreio.com.br\/site\/wp-json\/wp\/v2\/posts\/2680\/revisions\/2689"}],"wp:featuredmedia":[{"embeddable":true,"href":"https:\/\/www.polisrecreio.com.br\/site\/wp-json\/wp\/v2\/media\/2684"}],"wp:attachment":[{"href":"https:\/\/www.polisrecreio.com.br\/site\/wp-json\/wp\/v2\/media?parent=2680"}],"wp:term":[{"taxonomy":"category","embeddable":true,"href":"https:\/\/www.polisrecreio.com.br\/site\/wp-json\/wp\/v2\/categories?post=2680"},{"taxonomy":"post_tag","embeddable":true,"href":"https:\/\/www.polisrecreio.com.br\/site\/wp-json\/wp\/v2\/tags?post=2680"}],"curies":[{"name":"wp","href":"https:\/\/api.w.org\/{rel}","templated":true}]}}