{"id":2690,"date":"2016-08-18T16:05:04","date_gmt":"2016-08-18T19:05:04","guid":{"rendered":"http:\/\/www.polisrecreio.com.br\/site\/?p=2690"},"modified":"2016-08-18T16:05:04","modified_gmt":"2016-08-18T19:05:04","slug":"na-estreia-do-tecnico-merica-friburguense-goleia-pela-copa-rio","status":"publish","type":"post","link":"https:\/\/www.polisrecreio.com.br\/site\/2016\/08\/18\/na-estreia-do-tecnico-merica-friburguense-goleia-pela-copa-rio\/","title":{"rendered":"Na estreia do t\u00e9cnico Merica, Friburguense goleia pela Copa Rio"},"content":{"rendered":"<p style=\"text-align: justify;\">Na estreia do t\u00e9cnico recreiense, Merica, na equipe profissional do Friburguense (RJ), o tricolor da serra goleou o Goytacaz pela Copa Rio 2016. A partida disputada na noite de ontem (17), em Nova Friburgo, terminou 5X0.<\/p>\n<p style=\"text-align: justify;\"><!--more--><\/p>\n<figure id=\"attachment_2405\" aria-describedby=\"caption-attachment-2405\" style=\"width: 800px\" class=\"wp-caption aligncenter\"><a href=\"http:\/\/www.polisrecreio.com.br\/site\/wp-content\/uploads\/2016\/07\/13319729_526486207552798_8950612289990681017_n.jpg\"><img loading=\"lazy\" class=\"wp-image-2405 size-full\" src=\"http:\/\/www.polisrecreio.com.br\/site\/wp-content\/uploads\/2016\/07\/13319729_526486207552798_8950612289990681017_n.jpg\" alt=\"Merica, novo treinador do Friburguense.\" width=\"800\" height=\"457\" srcset=\"https:\/\/www.polisrecreio.com.br\/site\/wp-content\/uploads\/2016\/07\/13319729_526486207552798_8950612289990681017_n.jpg 800w, https:\/\/www.polisrecreio.com.br\/site\/wp-content\/uploads\/2016\/07\/13319729_526486207552798_8950612289990681017_n-300x171.jpg 300w\" sizes=\"(max-width: 800px) 100vw, 800px\" \/><\/a><figcaption id=\"caption-attachment-2405\" class=\"wp-caption-text\">Merica, treinador do Friburguense.<\/figcaption><\/figure>\n<p style=\"text-align: justify;\">Os gols do friz\u00e3o, como \u00e9 carinhosamente chamado pelos torcedores, foram marcados por Lohan, 21&#8217;\/1\u00baT (1-0); S\u00e9rgio Gomes, 43&#8217;\/1\u00baT (2-0); Ricardo, 3&#8217;\/2\u00baT (3-0); Bruno Leal, 21&#8217;\/2\u00baT (4-0); Lohan, 27&#8217;\/2\u00baT (5-0).<\/p>\n<p style=\"text-align: justify;\">A fase de classifica\u00e7\u00e3o da competi\u00e7\u00e3o come\u00e7ou ontem e vai at\u00e9 o final de setembro, quando ser\u00e3o conhecidos os dois melhores de cada grupo para disputar as semifinais. Na etapa classificat\u00f3ria os times de um grupo enfrentam os times do outro.<\/p>\n<p style=\"text-align: justify;\">Veja como est\u00e3o divididos os grupos: A \u2013 Friburguense \u2013 S\u00e3o Gon\u00e7alo \u2013 Madureira \u2013 Angra dos Reis \u2013 Bangu \u2013 Itabora\u00ed \u2013 Sampaio Corr\u00eaa; B \u2013 Boa Vista \u2013 Portuguesa \u2013 America \u2013 Resende \u2013 Volta Redonda \u2013 Rio S\u00e3o Paulo \u2013 Goytacaz.\u00a0 O campe\u00e3o da Copa Rio ter\u00e1 vaga na Copa do Brasil e o vice-campe\u00e3o ir\u00e1 para o Campeonato Brasileiro s\u00e9rie D.<\/p>\n<p style=\"text-align: justify;\">O Friburguense volta a campo na pr\u00f3xima quarta-feira (24) para encarar o Resende, \u00e0s 15h, em Resende.<\/p>\n","protected":false},"excerpt":{"rendered":"<p>Na estreia do t\u00e9cnico recreiense, Merica, na equipe profissional do Friburguense (RJ), o tricolor da serra goleou o Goytacaz pela Copa Rio 2016. A partida disputada na noite de ontem (17), em Nova Friburgo, terminou 5X0.<\/p>\n","protected":false},"author":3,"featured_media":2405,"comment_status":"open","ping_status":"open","sticky":false,"template":"","format":"standard","meta":[],"categories":[4],"tags":[],"yoast_head":"<!-- This site is optimized with the Yoast SEO plugin v15.6.2 - https:\/\/yoast.com\/wordpress\/plugins\/seo\/ -->\n<meta name=\"robots\" content=\"index, follow, max-snippet:-1, max-image-preview:large, max-video-preview:-1\" \/>\n<link rel=\"canonical\" href=\"http:\/\/www.polisrecreio.com.br\/site\/2016\/08\/18\/na-estreia-do-tecnico-merica-friburguense-goleia-pela-copa-rio\/\" \/>\n<meta property=\"og:locale\" content=\"pt_BR\" \/>\n<meta property=\"og:type\" content=\"article\" \/>\n<meta property=\"og:title\" content=\"Na estreia do t\u00e9cnico Merica, Friburguense goleia pela Copa Rio - P\u00f3lis Recreio\" \/>\n<meta property=\"og:description\" content=\"Na estreia do t\u00e9cnico recreiense, Merica, na equipe profissional do Friburguense (RJ), o tricolor da serra goleou o Goytacaz pela Copa Rio 2016. A partida disputada na noite de ontem (17), em Nova Friburgo, terminou 5X0.\" \/>\n<meta property=\"og:url\" content=\"http:\/\/www.polisrecreio.com.br\/site\/2016\/08\/18\/na-estreia-do-tecnico-merica-friburguense-goleia-pela-copa-rio\/\" \/>\n<meta property=\"og:site_name\" content=\"P\u00f3lis Recreio\" \/>\n<meta property=\"article:publisher\" content=\"https:\/\/www.facebook.com\/Site-P%c3%b3lis-Recreio-MG-181941708571019\/\" \/>\n<meta property=\"article:published_time\" content=\"2016-08-18T19:05:04+00:00\" \/>\n<meta property=\"og:image\" content=\"https:\/\/www.polisrecreio.com.br\/site\/wp-content\/uploads\/2016\/07\/13319729_526486207552798_8950612289990681017_n.jpg\" \/>\n\t<meta property=\"og:image:width\" content=\"800\" \/>\n\t<meta property=\"og:image:height\" content=\"457\" \/>\n<meta name=\"twitter:card\" content=\"summary_large_image\" \/>\n<meta name=\"twitter:creator\" content=\"@PolisRecreio\" \/>\n<meta name=\"twitter:site\" content=\"@PolisRecreio\" \/>\n<meta name=\"twitter:label1\" content=\"Est. reading time\">\n\t<meta name=\"twitter:data1\" content=\"1 minuto\">\n<script type=\"application\/ld+json\" class=\"yoast-schema-graph\">{\"@context\":\"https:\/\/schema.org\",\"@graph\":[{\"@type\":\"WebSite\",\"@id\":\"https:\/\/www.polisrecreio.com.br\/site\/#website\",\"url\":\"https:\/\/www.polisrecreio.com.br\/site\/\",\"name\":\"P\\u00f3lis Recreio\",\"description\":\"\",\"potentialAction\":[{\"@type\":\"SearchAction\",\"target\":\"https:\/\/www.polisrecreio.com.br\/site\/?s={search_term_string}\",\"query-input\":\"required name=search_term_string\"}],\"inLanguage\":\"pt-BR\"},{\"@type\":\"ImageObject\",\"@id\":\"http:\/\/www.polisrecreio.com.br\/site\/2016\/08\/18\/na-estreia-do-tecnico-merica-friburguense-goleia-pela-copa-rio\/#primaryimage\",\"inLanguage\":\"pt-BR\",\"url\":\"https:\/\/www.polisrecreio.com.br\/site\/wp-content\/uploads\/2016\/07\/13319729_526486207552798_8950612289990681017_n.jpg\",\"width\":800,\"height\":457,\"caption\":\"Merica, treinador do Friburguense.\"},{\"@type\":\"WebPage\",\"@id\":\"http:\/\/www.polisrecreio.com.br\/site\/2016\/08\/18\/na-estreia-do-tecnico-merica-friburguense-goleia-pela-copa-rio\/#webpage\",\"url\":\"http:\/\/www.polisrecreio.com.br\/site\/2016\/08\/18\/na-estreia-do-tecnico-merica-friburguense-goleia-pela-copa-rio\/\",\"name\":\"Na estreia do t\\u00e9cnico Merica, Friburguense goleia pela Copa Rio - P\\u00f3lis Recreio\",\"isPartOf\":{\"@id\":\"https:\/\/www.polisrecreio.com.br\/site\/#website\"},\"primaryImageOfPage\":{\"@id\":\"http:\/\/www.polisrecreio.com.br\/site\/2016\/08\/18\/na-estreia-do-tecnico-merica-friburguense-goleia-pela-copa-rio\/#primaryimage\"},\"datePublished\":\"2016-08-18T19:05:04+00:00\",\"dateModified\":\"2016-08-18T19:05:04+00:00\",\"author\":{\"@id\":\"https:\/\/www.polisrecreio.com.br\/site\/#\/schema\/person\/3363c1c78e1e28e1329d97adb387638e\"},\"inLanguage\":\"pt-BR\",\"potentialAction\":[{\"@type\":\"ReadAction\",\"target\":[\"http:\/\/www.polisrecreio.com.br\/site\/2016\/08\/18\/na-estreia-do-tecnico-merica-friburguense-goleia-pela-copa-rio\/\"]}]},{\"@type\":\"Person\",\"@id\":\"https:\/\/www.polisrecreio.com.br\/site\/#\/schema\/person\/3363c1c78e1e28e1329d97adb387638e\",\"name\":\"Leonardo Ribeiro\",\"image\":{\"@type\":\"ImageObject\",\"@id\":\"https:\/\/www.polisrecreio.com.br\/site\/#personlogo\",\"inLanguage\":\"pt-BR\",\"url\":\"https:\/\/secure.gravatar.com\/avatar\/6ba92a37d621e1a83e23710251178a12?s=96&d=mm&r=g\",\"caption\":\"Leonardo Ribeiro\"},\"sameAs\":[\"http:\/\/www.polisrecreio.com.br\"]}]}<\/script>\n<!-- \/ Yoast SEO plugin. -->","_links":{"self":[{"href":"https:\/\/www.polisrecreio.com.br\/site\/wp-json\/wp\/v2\/posts\/2690"}],"collection":[{"href":"https:\/\/www.polisrecreio.com.br\/site\/wp-json\/wp\/v2\/posts"}],"about":[{"href":"https:\/\/www.polisrecreio.com.br\/site\/wp-json\/wp\/v2\/types\/post"}],"author":[{"embeddable":true,"href":"https:\/\/www.polisrecreio.com.br\/site\/wp-json\/wp\/v2\/users\/3"}],"replies":[{"embeddable":true,"href":"https:\/\/www.polisrecreio.com.br\/site\/wp-json\/wp\/v2\/comments?post=2690"}],"version-history":[{"count":3,"href":"https:\/\/www.polisrecreio.com.br\/site\/wp-json\/wp\/v2\/posts\/2690\/revisions"}],"predecessor-version":[{"id":2693,"href":"https:\/\/www.polisrecreio.com.br\/site\/wp-json\/wp\/v2\/posts\/2690\/revisions\/2693"}],"wp:featuredmedia":[{"embeddable":true,"href":"https:\/\/www.polisrecreio.com.br\/site\/wp-json\/wp\/v2\/media\/2405"}],"wp:attachment":[{"href":"https:\/\/www.polisrecreio.com.br\/site\/wp-json\/wp\/v2\/media?parent=2690"}],"wp:term":[{"taxonomy":"category","embeddable":true,"href":"https:\/\/www.polisrecreio.com.br\/site\/wp-json\/wp\/v2\/categories?post=2690"},{"taxonomy":"post_tag","embeddable":true,"href":"https:\/\/www.polisrecreio.com.br\/site\/wp-json\/wp\/v2\/tags?post=2690"}],"curies":[{"name":"wp","href":"https:\/\/api.w.org\/{rel}","templated":true}]}}