{"id":26972,"date":"2024-04-16T15:48:19","date_gmt":"2024-04-16T18:48:19","guid":{"rendered":"http:\/\/www.polisrecreio.com.br\/site\/?p=26972"},"modified":"2024-04-16T15:51:30","modified_gmt":"2024-04-16T18:51:30","slug":"treinadores-de-recreio-buscam-mais-um-titulo-da-copa-dos-campeoes-da-lec","status":"publish","type":"post","link":"https:\/\/www.polisrecreio.com.br\/site\/2024\/04\/16\/treinadores-de-recreio-buscam-mais-um-titulo-da-copa-dos-campeoes-da-lec\/","title":{"rendered":"Treinadores de Recreio buscam mais um t\u00edtulo da Copa dos Campe\u00f5es da LEC"},"content":{"rendered":"<p style=\"text-align: justify;\">No pr\u00f3ximo final de semana come\u00e7a a 10\u00aa edi\u00e7\u00e3o da Copa dos Campe\u00f5es da Liga Esportiva de Cataguases. Sem times de Recreio, os treinadores da terra buscam mais um t\u00edtulo da competi\u00e7\u00e3o: Romarinho e Matheus\u00e3o est\u00e3o \u00e0 frente do Ribeiro Junqueira (Leopoldina) e Merica vai comandar o Itapiru\u00e7u (Palma).<\/p>\n<p><!--more--><\/p>\n<figure id=\"attachment_25835\" aria-describedby=\"caption-attachment-25835\" style=\"width: 750px\" class=\"wp-caption aligncenter\"><a href=\"http:\/\/www.polisrecreio.com.br\/site\/wp-content\/uploads\/2023\/07\/DSC_0127.jpg\"><img loading=\"lazy\" class=\"size-full wp-image-25835\" src=\"http:\/\/www.polisrecreio.com.br\/site\/wp-content\/uploads\/2023\/07\/DSC_0127.jpg\" alt=\"\" width=\"750\" height=\"500\" srcset=\"https:\/\/www.polisrecreio.com.br\/site\/wp-content\/uploads\/2023\/07\/DSC_0127.jpg 750w, https:\/\/www.polisrecreio.com.br\/site\/wp-content\/uploads\/2023\/07\/DSC_0127-300x200.jpg 300w\" sizes=\"(max-width: 750px) 100vw, 750px\" \/><\/a><figcaption id=\"caption-attachment-25835\" class=\"wp-caption-text\">Matheus\u00e3o, Merica e Romarinho. Foto: Arquivo.<\/figcaption><\/figure>\n<p style=\"text-align: justify;\">A dupla do Ribeiro Junqueira vai tentar o terceiro t\u00edtulo da Copa. Eles ganharam em 2019 com o Recreio E.C. e ano passado com o time leopoldinense.<\/p>\n<p style=\"text-align: justify;\">O treinador Merica, atual secret\u00e1rio de Esportes de Recreio, foi campe\u00e3o em 2018 com o Ideal e depois acumulou tr\u00eas vices (2019, 2022 e 2023), tamb\u00e9m com o Ideal.<\/p>\n<p style=\"text-align: justify;\">Confira os jogos da primeira rodada de cada um e abaixo os grupos:<\/p>\n<p style=\"text-align: justify;\">Domingo (21) \u2013 15:30h \u2013 Leopoldina: Ribeiro Junqueira X La Masia<\/p>\n<p style=\"text-align: justify;\">Domingo (21) \u2013 10h \u2013 Palma: Itapiru\u00e7u X S.P.R. Pirapetinga<\/p>\n<p><a href=\"http:\/\/www.polisrecreio.com.br\/site\/wp-content\/uploads\/2024\/04\/429588480_4450755935148610_4998116177943365688_n.jpg\"><img loading=\"lazy\" class=\"aligncenter size-full wp-image-26974\" src=\"http:\/\/www.polisrecreio.com.br\/site\/wp-content\/uploads\/2024\/04\/429588480_4450755935148610_4998116177943365688_n.jpg\" alt=\"\" width=\"1080\" height=\"1350\" srcset=\"https:\/\/www.polisrecreio.com.br\/site\/wp-content\/uploads\/2024\/04\/429588480_4450755935148610_4998116177943365688_n.jpg 1080w, https:\/\/www.polisrecreio.com.br\/site\/wp-content\/uploads\/2024\/04\/429588480_4450755935148610_4998116177943365688_n-240x300.jpg 240w, https:\/\/www.polisrecreio.com.br\/site\/wp-content\/uploads\/2024\/04\/429588480_4450755935148610_4998116177943365688_n-819x1024.jpg 819w, https:\/\/www.polisrecreio.com.br\/site\/wp-content\/uploads\/2024\/04\/429588480_4450755935148610_4998116177943365688_n-768x960.jpg 768w\" sizes=\"(max-width: 1080px) 100vw, 1080px\" \/><\/a><\/p>\n<p><strong>Campe\u00f5es da Copa dos Campe\u00f5es da LEC<\/strong><\/p>\n<ul>\n<li>2013: Independente (Campestre);<\/li>\n<li>2014: Ribeiro Junqueira (Leopoldina);<\/li>\n<li>2015: Esporte de Laranjal;<\/li>\n<li>2016: Esporte de Mira\u00ed;<\/li>\n<li>2017: Esporte de Laranjal;<\/li>\n<li>2018: Ideal E.C (Recreio);<\/li>\n<li>2019: Recreio E.C (Recreio);<\/li>\n<li>2022: Bonsucesso (Ub\u00e1);<\/li>\n<li>2023: Ribeiro Junqueira (Leopoldina).<\/li>\n<\/ul>\n","protected":false},"excerpt":{"rendered":"<p>No pr\u00f3ximo final de semana come\u00e7a a 10\u00aa edi\u00e7\u00e3o da Copa dos Campe\u00f5es da Liga Esportiva de Cataguases. Sem times de Recreio, os treinadores da terra buscam mais um t\u00edtulo da competi\u00e7\u00e3o: Romarinho e Matheus\u00e3o est\u00e3o \u00e0 frente do Ribeiro Junqueira (Leopoldina) e Merica vai comandar o Itapiru\u00e7u (Palma).<\/p>\n","protected":false},"author":3,"featured_media":0,"comment_status":"open","ping_status":"open","sticky":false,"template":"","format":"standard","meta":[],"categories":[4],"tags":[],"yoast_head":"<!-- This site is optimized with the Yoast SEO plugin v15.6.2 - https:\/\/yoast.com\/wordpress\/plugins\/seo\/ -->\n<meta name=\"robots\" content=\"index, follow, max-snippet:-1, max-image-preview:large, max-video-preview:-1\" \/>\n<link rel=\"canonical\" href=\"http:\/\/www.polisrecreio.com.br\/site\/2024\/04\/16\/treinadores-de-recreio-buscam-mais-um-titulo-da-copa-dos-campeoes-da-lec\/\" \/>\n<meta property=\"og:locale\" content=\"pt_BR\" \/>\n<meta property=\"og:type\" content=\"article\" \/>\n<meta property=\"og:title\" content=\"Treinadores de Recreio buscam mais um t\u00edtulo da Copa dos Campe\u00f5es da LEC - P\u00f3lis Recreio\" \/>\n<meta property=\"og:description\" content=\"No pr\u00f3ximo final de semana come\u00e7a a 10\u00aa edi\u00e7\u00e3o da Copa dos Campe\u00f5es da Liga Esportiva de Cataguases. Sem times de Recreio, os treinadores da terra buscam mais um t\u00edtulo da competi\u00e7\u00e3o: Romarinho e Matheus\u00e3o est\u00e3o \u00e0 frente do Ribeiro Junqueira (Leopoldina) e Merica vai comandar o Itapiru\u00e7u (Palma).\" \/>\n<meta property=\"og:url\" content=\"http:\/\/www.polisrecreio.com.br\/site\/2024\/04\/16\/treinadores-de-recreio-buscam-mais-um-titulo-da-copa-dos-campeoes-da-lec\/\" \/>\n<meta property=\"og:site_name\" content=\"P\u00f3lis Recreio\" \/>\n<meta property=\"article:publisher\" content=\"https:\/\/www.facebook.com\/Site-P%c3%b3lis-Recreio-MG-181941708571019\/\" \/>\n<meta property=\"article:published_time\" content=\"2024-04-16T18:48:19+00:00\" \/>\n<meta property=\"article:modified_time\" content=\"2024-04-16T18:51:30+00:00\" \/>\n<meta property=\"og:image\" content=\"http:\/\/www.polisrecreio.com.br\/site\/wp-content\/uploads\/2023\/07\/DSC_0127.jpg\" \/>\n<meta name=\"twitter:card\" content=\"summary_large_image\" \/>\n<meta name=\"twitter:creator\" content=\"@PolisRecreio\" \/>\n<meta name=\"twitter:site\" content=\"@PolisRecreio\" \/>\n<meta name=\"twitter:label1\" content=\"Est. reading time\">\n\t<meta name=\"twitter:data1\" content=\"2 minutos\">\n<script type=\"application\/ld+json\" class=\"yoast-schema-graph\">{\"@context\":\"https:\/\/schema.org\",\"@graph\":[{\"@type\":\"WebSite\",\"@id\":\"https:\/\/www.polisrecreio.com.br\/site\/#website\",\"url\":\"https:\/\/www.polisrecreio.com.br\/site\/\",\"name\":\"P\\u00f3lis Recreio\",\"description\":\"\",\"potentialAction\":[{\"@type\":\"SearchAction\",\"target\":\"https:\/\/www.polisrecreio.com.br\/site\/?s={search_term_string}\",\"query-input\":\"required name=search_term_string\"}],\"inLanguage\":\"pt-BR\"},{\"@type\":\"ImageObject\",\"@id\":\"http:\/\/www.polisrecreio.com.br\/site\/2024\/04\/16\/treinadores-de-recreio-buscam-mais-um-titulo-da-copa-dos-campeoes-da-lec\/#primaryimage\",\"inLanguage\":\"pt-BR\",\"url\":\"http:\/\/www.polisrecreio.com.br\/site\/wp-content\/uploads\/2023\/07\/DSC_0127.jpg\"},{\"@type\":\"WebPage\",\"@id\":\"http:\/\/www.polisrecreio.com.br\/site\/2024\/04\/16\/treinadores-de-recreio-buscam-mais-um-titulo-da-copa-dos-campeoes-da-lec\/#webpage\",\"url\":\"http:\/\/www.polisrecreio.com.br\/site\/2024\/04\/16\/treinadores-de-recreio-buscam-mais-um-titulo-da-copa-dos-campeoes-da-lec\/\",\"name\":\"Treinadores de Recreio buscam mais um t\\u00edtulo da Copa dos Campe\\u00f5es da LEC - P\\u00f3lis Recreio\",\"isPartOf\":{\"@id\":\"https:\/\/www.polisrecreio.com.br\/site\/#website\"},\"primaryImageOfPage\":{\"@id\":\"http:\/\/www.polisrecreio.com.br\/site\/2024\/04\/16\/treinadores-de-recreio-buscam-mais-um-titulo-da-copa-dos-campeoes-da-lec\/#primaryimage\"},\"datePublished\":\"2024-04-16T18:48:19+00:00\",\"dateModified\":\"2024-04-16T18:51:30+00:00\",\"author\":{\"@id\":\"https:\/\/www.polisrecreio.com.br\/site\/#\/schema\/person\/3363c1c78e1e28e1329d97adb387638e\"},\"inLanguage\":\"pt-BR\",\"potentialAction\":[{\"@type\":\"ReadAction\",\"target\":[\"http:\/\/www.polisrecreio.com.br\/site\/2024\/04\/16\/treinadores-de-recreio-buscam-mais-um-titulo-da-copa-dos-campeoes-da-lec\/\"]}]},{\"@type\":\"Person\",\"@id\":\"https:\/\/www.polisrecreio.com.br\/site\/#\/schema\/person\/3363c1c78e1e28e1329d97adb387638e\",\"name\":\"Leonardo Ribeiro\",\"image\":{\"@type\":\"ImageObject\",\"@id\":\"https:\/\/www.polisrecreio.com.br\/site\/#personlogo\",\"inLanguage\":\"pt-BR\",\"url\":\"https:\/\/secure.gravatar.com\/avatar\/6ba92a37d621e1a83e23710251178a12?s=96&d=mm&r=g\",\"caption\":\"Leonardo Ribeiro\"},\"sameAs\":[\"http:\/\/www.polisrecreio.com.br\"]}]}<\/script>\n<!-- \/ Yoast SEO plugin. -->","_links":{"self":[{"href":"https:\/\/www.polisrecreio.com.br\/site\/wp-json\/wp\/v2\/posts\/26972"}],"collection":[{"href":"https:\/\/www.polisrecreio.com.br\/site\/wp-json\/wp\/v2\/posts"}],"about":[{"href":"https:\/\/www.polisrecreio.com.br\/site\/wp-json\/wp\/v2\/types\/post"}],"author":[{"embeddable":true,"href":"https:\/\/www.polisrecreio.com.br\/site\/wp-json\/wp\/v2\/users\/3"}],"replies":[{"embeddable":true,"href":"https:\/\/www.polisrecreio.com.br\/site\/wp-json\/wp\/v2\/comments?post=26972"}],"version-history":[{"count":3,"href":"https:\/\/www.polisrecreio.com.br\/site\/wp-json\/wp\/v2\/posts\/26972\/revisions"}],"predecessor-version":[{"id":26976,"href":"https:\/\/www.polisrecreio.com.br\/site\/wp-json\/wp\/v2\/posts\/26972\/revisions\/26976"}],"wp:attachment":[{"href":"https:\/\/www.polisrecreio.com.br\/site\/wp-json\/wp\/v2\/media?parent=26972"}],"wp:term":[{"taxonomy":"category","embeddable":true,"href":"https:\/\/www.polisrecreio.com.br\/site\/wp-json\/wp\/v2\/categories?post=26972"},{"taxonomy":"post_tag","embeddable":true,"href":"https:\/\/www.polisrecreio.com.br\/site\/wp-json\/wp\/v2\/tags?post=26972"}],"curies":[{"name":"wp","href":"https:\/\/api.w.org\/{rel}","templated":true}]}}