{"id":27020,"date":"2024-04-27T12:52:42","date_gmt":"2024-04-27T15:52:42","guid":{"rendered":"http:\/\/www.polisrecreio.com.br\/site\/?p=27020"},"modified":"2024-04-27T12:52:42","modified_gmt":"2024-04-27T15:52:42","slug":"hoje-tem-1o-passeio-nautico-do-granelville-na-represa-da-brauna","status":"publish","type":"post","link":"https:\/\/www.polisrecreio.com.br\/site\/2024\/04\/27\/hoje-tem-1o-passeio-nautico-do-granelville-na-represa-da-brauna\/","title":{"rendered":"Hoje tem \u201c1\u00ba Passeio N\u00e1utico do Granelville na Represa da Bra\u00fana\u201d"},"content":{"rendered":"<p style=\"text-align: justify;\">Hoje (27), a partir das 13h, tem \u201c1\u00ba Passeio N\u00e1utico do Granelville na Represa da Bra\u00fana\u201d, com mais de 50 km para navegar, shows e muito mais.<\/p>\n<p><!--more--><\/p>\n<p><a href=\"http:\/\/www.polisrecreio.com.br\/site\/wp-content\/uploads\/2024\/04\/118280841_976753822787657_2911919187906805874_n.jpg\"><img loading=\"lazy\" class=\"aligncenter size-full wp-image-27021\" src=\"http:\/\/www.polisrecreio.com.br\/site\/wp-content\/uploads\/2024\/04\/118280841_976753822787657_2911919187906805874_n.jpg\" alt=\"\" width=\"1280\" height=\"720\" srcset=\"https:\/\/www.polisrecreio.com.br\/site\/wp-content\/uploads\/2024\/04\/118280841_976753822787657_2911919187906805874_n.jpg 1280w, https:\/\/www.polisrecreio.com.br\/site\/wp-content\/uploads\/2024\/04\/118280841_976753822787657_2911919187906805874_n-300x169.jpg 300w, https:\/\/www.polisrecreio.com.br\/site\/wp-content\/uploads\/2024\/04\/118280841_976753822787657_2911919187906805874_n-1024x576.jpg 1024w, https:\/\/www.polisrecreio.com.br\/site\/wp-content\/uploads\/2024\/04\/118280841_976753822787657_2911919187906805874_n-768x432.jpg 768w\" sizes=\"(max-width: 1280px) 100vw, 1280px\" \/><\/a><\/p>\n<p style=\"text-align: justify;\">O evento est\u00e1 marcado para come\u00e7ar \u00e0s 13h. Os shows ser\u00e3o da dupla H\u00e1lvaro e Rodriguez e Marcelo DJ.<\/p>\n<p style=\"text-align: justify;\">A entrada \u00e9 franca.<\/p>\n<p><a href=\"http:\/\/www.polisrecreio.com.br\/site\/wp-content\/uploads\/2024\/04\/67445771_688290048300704_7710641725789700096_n.jpg\"><img loading=\"lazy\" class=\"aligncenter size-full wp-image-27022\" src=\"http:\/\/www.polisrecreio.com.br\/site\/wp-content\/uploads\/2024\/04\/67445771_688290048300704_7710641725789700096_n.jpg\" alt=\"\" width=\"1008\" height=\"756\" srcset=\"https:\/\/www.polisrecreio.com.br\/site\/wp-content\/uploads\/2024\/04\/67445771_688290048300704_7710641725789700096_n.jpg 1008w, https:\/\/www.polisrecreio.com.br\/site\/wp-content\/uploads\/2024\/04\/67445771_688290048300704_7710641725789700096_n-300x225.jpg 300w, https:\/\/www.polisrecreio.com.br\/site\/wp-content\/uploads\/2024\/04\/67445771_688290048300704_7710641725789700096_n-768x576.jpg 768w\" sizes=\"(max-width: 1008px) 100vw, 1008px\" \/><\/a><\/p>\n<p><a href=\"http:\/\/www.polisrecreio.com.br\/site\/wp-content\/uploads\/2024\/04\/WhatsApp-Image-2024-04-19-at-14.29.06.jpeg\"><img loading=\"lazy\" class=\"aligncenter size-full wp-image-27023\" src=\"http:\/\/www.polisrecreio.com.br\/site\/wp-content\/uploads\/2024\/04\/WhatsApp-Image-2024-04-19-at-14.29.06.jpeg\" alt=\"\" width=\"640\" height=\"1280\" srcset=\"https:\/\/www.polisrecreio.com.br\/site\/wp-content\/uploads\/2024\/04\/WhatsApp-Image-2024-04-19-at-14.29.06.jpeg 640w, https:\/\/www.polisrecreio.com.br\/site\/wp-content\/uploads\/2024\/04\/WhatsApp-Image-2024-04-19-at-14.29.06-150x300.jpeg 150w, https:\/\/www.polisrecreio.com.br\/site\/wp-content\/uploads\/2024\/04\/WhatsApp-Image-2024-04-19-at-14.29.06-512x1024.jpeg 512w\" sizes=\"(max-width: 640px) 100vw, 640px\" \/><\/a><\/p>\n","protected":false},"excerpt":{"rendered":"<p>Hoje (27), a partir das 13h, tem \u201c1\u00ba Passeio N\u00e1utico do Granelville na Represa da Bra\u00fana\u201d, com mais de 50 km para navegar, shows e muito mais.<\/p>\n","protected":false},"author":3,"featured_media":0,"comment_status":"open","ping_status":"open","sticky":false,"template":"","format":"standard","meta":[],"categories":[17],"tags":[],"yoast_head":"<!-- This site is optimized with the Yoast SEO plugin v15.6.2 - https:\/\/yoast.com\/wordpress\/plugins\/seo\/ -->\n<meta name=\"robots\" content=\"index, follow, max-snippet:-1, max-image-preview:large, max-video-preview:-1\" \/>\n<link rel=\"canonical\" href=\"https:\/\/www.polisrecreio.com.br\/site\/2024\/04\/27\/hoje-tem-1o-passeio-nautico-do-granelville-na-represa-da-brauna\/\" \/>\n<meta property=\"og:locale\" content=\"pt_BR\" \/>\n<meta property=\"og:type\" content=\"article\" \/>\n<meta property=\"og:title\" content=\"Hoje tem \u201c1\u00ba Passeio N\u00e1utico do Granelville na Represa da Bra\u00fana\u201d - P\u00f3lis Recreio\" \/>\n<meta property=\"og:description\" content=\"Hoje (27), a partir das 13h, tem \u201c1\u00ba Passeio N\u00e1utico do Granelville na Represa da Bra\u00fana\u201d, com mais de 50 km para navegar, shows e muito mais.\" \/>\n<meta property=\"og:url\" content=\"https:\/\/www.polisrecreio.com.br\/site\/2024\/04\/27\/hoje-tem-1o-passeio-nautico-do-granelville-na-represa-da-brauna\/\" \/>\n<meta property=\"og:site_name\" content=\"P\u00f3lis Recreio\" \/>\n<meta property=\"article:publisher\" content=\"https:\/\/www.facebook.com\/Site-P%c3%b3lis-Recreio-MG-181941708571019\/\" \/>\n<meta property=\"article:published_time\" content=\"2024-04-27T15:52:42+00:00\" \/>\n<meta property=\"og:image\" content=\"http:\/\/www.polisrecreio.com.br\/site\/wp-content\/uploads\/2024\/04\/118280841_976753822787657_2911919187906805874_n.jpg\" \/>\n<meta name=\"twitter:card\" content=\"summary_large_image\" \/>\n<meta name=\"twitter:creator\" content=\"@PolisRecreio\" \/>\n<meta name=\"twitter:site\" content=\"@PolisRecreio\" \/>\n<meta name=\"twitter:label1\" content=\"Est. reading time\">\n\t<meta name=\"twitter:data1\" content=\"1 minuto\">\n<script type=\"application\/ld+json\" class=\"yoast-schema-graph\">{\"@context\":\"https:\/\/schema.org\",\"@graph\":[{\"@type\":\"WebSite\",\"@id\":\"https:\/\/www.polisrecreio.com.br\/site\/#website\",\"url\":\"https:\/\/www.polisrecreio.com.br\/site\/\",\"name\":\"P\\u00f3lis Recreio\",\"description\":\"\",\"potentialAction\":[{\"@type\":\"SearchAction\",\"target\":\"https:\/\/www.polisrecreio.com.br\/site\/?s={search_term_string}\",\"query-input\":\"required name=search_term_string\"}],\"inLanguage\":\"pt-BR\"},{\"@type\":\"ImageObject\",\"@id\":\"https:\/\/www.polisrecreio.com.br\/site\/2024\/04\/27\/hoje-tem-1o-passeio-nautico-do-granelville-na-represa-da-brauna\/#primaryimage\",\"inLanguage\":\"pt-BR\",\"url\":\"http:\/\/www.polisrecreio.com.br\/site\/wp-content\/uploads\/2024\/04\/118280841_976753822787657_2911919187906805874_n.jpg\"},{\"@type\":\"WebPage\",\"@id\":\"https:\/\/www.polisrecreio.com.br\/site\/2024\/04\/27\/hoje-tem-1o-passeio-nautico-do-granelville-na-represa-da-brauna\/#webpage\",\"url\":\"https:\/\/www.polisrecreio.com.br\/site\/2024\/04\/27\/hoje-tem-1o-passeio-nautico-do-granelville-na-represa-da-brauna\/\",\"name\":\"Hoje tem \\u201c1\\u00ba Passeio N\\u00e1utico do Granelville na Represa da Bra\\u00fana\\u201d - P\\u00f3lis Recreio\",\"isPartOf\":{\"@id\":\"https:\/\/www.polisrecreio.com.br\/site\/#website\"},\"primaryImageOfPage\":{\"@id\":\"https:\/\/www.polisrecreio.com.br\/site\/2024\/04\/27\/hoje-tem-1o-passeio-nautico-do-granelville-na-represa-da-brauna\/#primaryimage\"},\"datePublished\":\"2024-04-27T15:52:42+00:00\",\"dateModified\":\"2024-04-27T15:52:42+00:00\",\"author\":{\"@id\":\"https:\/\/www.polisrecreio.com.br\/site\/#\/schema\/person\/3363c1c78e1e28e1329d97adb387638e\"},\"inLanguage\":\"pt-BR\",\"potentialAction\":[{\"@type\":\"ReadAction\",\"target\":[\"https:\/\/www.polisrecreio.com.br\/site\/2024\/04\/27\/hoje-tem-1o-passeio-nautico-do-granelville-na-represa-da-brauna\/\"]}]},{\"@type\":\"Person\",\"@id\":\"https:\/\/www.polisrecreio.com.br\/site\/#\/schema\/person\/3363c1c78e1e28e1329d97adb387638e\",\"name\":\"Leonardo Ribeiro\",\"image\":{\"@type\":\"ImageObject\",\"@id\":\"https:\/\/www.polisrecreio.com.br\/site\/#personlogo\",\"inLanguage\":\"pt-BR\",\"url\":\"https:\/\/secure.gravatar.com\/avatar\/6ba92a37d621e1a83e23710251178a12?s=96&d=mm&r=g\",\"caption\":\"Leonardo Ribeiro\"},\"sameAs\":[\"http:\/\/www.polisrecreio.com.br\"]}]}<\/script>\n<!-- \/ Yoast SEO plugin. -->","_links":{"self":[{"href":"https:\/\/www.polisrecreio.com.br\/site\/wp-json\/wp\/v2\/posts\/27020"}],"collection":[{"href":"https:\/\/www.polisrecreio.com.br\/site\/wp-json\/wp\/v2\/posts"}],"about":[{"href":"https:\/\/www.polisrecreio.com.br\/site\/wp-json\/wp\/v2\/types\/post"}],"author":[{"embeddable":true,"href":"https:\/\/www.polisrecreio.com.br\/site\/wp-json\/wp\/v2\/users\/3"}],"replies":[{"embeddable":true,"href":"https:\/\/www.polisrecreio.com.br\/site\/wp-json\/wp\/v2\/comments?post=27020"}],"version-history":[{"count":1,"href":"https:\/\/www.polisrecreio.com.br\/site\/wp-json\/wp\/v2\/posts\/27020\/revisions"}],"predecessor-version":[{"id":27024,"href":"https:\/\/www.polisrecreio.com.br\/site\/wp-json\/wp\/v2\/posts\/27020\/revisions\/27024"}],"wp:attachment":[{"href":"https:\/\/www.polisrecreio.com.br\/site\/wp-json\/wp\/v2\/media?parent=27020"}],"wp:term":[{"taxonomy":"category","embeddable":true,"href":"https:\/\/www.polisrecreio.com.br\/site\/wp-json\/wp\/v2\/categories?post=27020"},{"taxonomy":"post_tag","embeddable":true,"href":"https:\/\/www.polisrecreio.com.br\/site\/wp-json\/wp\/v2\/tags?post=27020"}],"curies":[{"name":"wp","href":"https:\/\/api.w.org\/{rel}","templated":true}]}}