{"id":27106,"date":"2024-05-22T08:12:15","date_gmt":"2024-05-22T11:12:15","guid":{"rendered":"http:\/\/www.polisrecreio.com.br\/site\/?p=27106"},"modified":"2024-05-22T08:13:17","modified_gmt":"2024-05-22T11:13:17","slug":"recreio-completa-148-anos-de-nascimento-neste-dia-22-de-maio","status":"publish","type":"post","link":"https:\/\/www.polisrecreio.com.br\/site\/2024\/05\/22\/recreio-completa-148-anos-de-nascimento-neste-dia-22-de-maio\/","title":{"rendered":"Recreio completa 148 anos de nascimento neste dia 22 de maio"},"content":{"rendered":"<p style=\"text-align: justify;\">Ano passado o recreiense, ex-ferrovi\u00e1rio e grande entusiasta da hist\u00f3ria, Pedro Dorigo, resolveu um descompasso com as datas sobre o surgimento de Recreio. Em pesquisa no jornal \u201cGazeta de Not\u00edcias\u201d, do Rio de Janeiro, a data correta da inaugura\u00e7\u00e3o da Esta\u00e7\u00e3o Ferrovi\u00e1ria de Recreio foi encontrada, ou seja, a data de nascimento da nossa cidade: 22 de maio.<\/p>\n<p><!--more--><\/p>\n<figure id=\"attachment_18451\" aria-describedby=\"caption-attachment-18451\" style=\"width: 750px\" class=\"wp-caption aligncenter\"><a href=\"http:\/\/www.polisrecreio.com.br\/site\/wp-content\/uploads\/2020\/07\/rec.jpg\"><img loading=\"lazy\" class=\"size-full wp-image-18451\" src=\"http:\/\/www.polisrecreio.com.br\/site\/wp-content\/uploads\/2020\/07\/rec.jpg\" alt=\"\" width=\"750\" height=\"500\" srcset=\"https:\/\/www.polisrecreio.com.br\/site\/wp-content\/uploads\/2020\/07\/rec.jpg 750w, https:\/\/www.polisrecreio.com.br\/site\/wp-content\/uploads\/2020\/07\/rec-300x200.jpg 300w\" sizes=\"(max-width: 750px) 100vw, 750px\" \/><\/a><figcaption id=\"caption-attachment-18451\" class=\"wp-caption-text\">\u00c1rea central de Recreio.<\/figcaption><\/figure>\n<p>Confira a reportagem, publicada em 25 de maio de 1876, pelo \u201cGazeta de Not\u00edcias\u201d (veja abaixo a edi\u00e7\u00e3o):<\/p>\n<p style=\"text-align: justify;\"><em>\u201cNa estrada de ferro da Leopoldina inaugurou-se a esta\u00e7\u00e3o do Recreio, distante de Porto Novo do Cunha 67 kilometros, no dia 22 do corrente. O trem de viajantes partiu de Santa Isabel \u00e0s 7:30 da tarde, chegando ao Recreio \u00e0s 7:53, onde foi recebido no meio de gyrandolas, foguetes, fl\u00f4res, bandeiras e ao som da musica da localidade, por uma commiss\u00e3o composta dos Srs: capit\u00e3o Ignacio Ferreira de Brito, Drs. Antonio Gomes do Val, Jos\u00e9 Bazilio Magno de Carvalho, Felippe Pivatelli e muitas pessoas gradas da vizinhan\u00e7a. Em seguida foi offerecida pelo Sr. capit\u00e3o Ignacio Ferreira uma lauta ceia aos Srs.engenheiros da companhia e mais convidados. Durante a refei\u00e7\u00e3o foram levantados diversos brindes, que foram calorosamente correspondidos.\u201d<\/em><\/p>\n<p style=\"text-align: justify;\">A historiadora e genealogista, Nilza Cantoni, destacou o \u201cachado hist\u00f3rico\u201d em seu blog em 19 de agosto de 2023 (leia\u00a0<a href=\"https:\/\/cantoni.pro.br\/2023\/08\/18\/estrada-de-ferro-estacoes-recreio-e-campo-limpo\/\" target=\"_blank\" rel=\"noopener noreferrer\">https:\/\/cantoni.pro.br\/2023\/08\/18\/estrada-de-ferro-estacoes-recreio-e-campo-limpo\/<\/a>)<\/p>\n<p style=\"text-align: justify;\">A cidade de Recreio tem origem na expans\u00e3o ferrovi\u00e1ria no s\u00e9culo XIX. Ao longo dos anos foi repassada a informa\u00e7\u00e3o hist\u00f3rica que a construtora dos trilhos n\u00e3o conseguiria construir o trecho da via f\u00e9rrea entre Santa Izabel (atual Aba\u00edba) e as terras recreienses passando pelo atual distrito de Concei\u00e7\u00e3o da Boa Vista e que o capit\u00e3o Ign\u00e1cio (propriet\u00e1rio da Fazenda Recreio), irm\u00e3o do coronel Francisco Ferreira Brito Neto (propriet\u00e1rio da Fazenda Laranjeiras) cedeu as terras para passar os trilhos e instalar a esta\u00e7\u00e3o (atual APAE). Ali come\u00e7ava a surgir o pequeno arraial, chamado nos primeiros anos de Arraial Novo, que mais tarde seria o distrito de Recreio, subordinado a Leopoldina, a partir de 27 de junho 1890 e que em 17 de dezembro de 1938 conseguiria a sua emancipa\u00e7\u00e3o pol\u00edtico-administrativa.<\/p>\n<figure id=\"attachment_21240\" aria-describedby=\"caption-attachment-21240\" style=\"width: 750px\" class=\"wp-caption aligncenter\"><a href=\"http:\/\/www.polisrecreio.com.br\/site\/wp-content\/uploads\/2021\/08\/Vista-da-praca-1-1936.jpg\"><img loading=\"lazy\" class=\"size-full wp-image-21240\" src=\"http:\/\/www.polisrecreio.com.br\/site\/wp-content\/uploads\/2021\/08\/Vista-da-praca-1-1936.jpg\" alt=\"\" width=\"750\" height=\"500\" srcset=\"https:\/\/www.polisrecreio.com.br\/site\/wp-content\/uploads\/2021\/08\/Vista-da-praca-1-1936.jpg 750w, https:\/\/www.polisrecreio.com.br\/site\/wp-content\/uploads\/2021\/08\/Vista-da-praca-1-1936-300x200.jpg 300w\" sizes=\"(max-width: 750px) 100vw, 750px\" \/><\/a><figcaption id=\"caption-attachment-21240\" class=\"wp-caption-text\">Pra\u00e7a dos Ferrovi\u00e1rios. D\u00e9cada de 1930. Foto: Acervo Pedro Dorigo.<\/figcaption><\/figure>\n<figure id=\"attachment_5619\" aria-describedby=\"caption-attachment-5619\" style=\"width: 746px\" class=\"wp-caption aligncenter\"><a href=\"http:\/\/www.polisrecreio.com.br\/site\/wp-content\/uploads\/2017\/05\/IMG-20170510-WA0005.jpg\"><img loading=\"lazy\" class=\"size-full wp-image-5619\" src=\"http:\/\/www.polisrecreio.com.br\/site\/wp-content\/uploads\/2017\/05\/IMG-20170510-WA0005.jpg\" alt=\"\" width=\"746\" height=\"571\" srcset=\"https:\/\/www.polisrecreio.com.br\/site\/wp-content\/uploads\/2017\/05\/IMG-20170510-WA0005.jpg 746w, https:\/\/www.polisrecreio.com.br\/site\/wp-content\/uploads\/2017\/05\/IMG-20170510-WA0005-300x230.jpg 300w\" sizes=\"(max-width: 746px) 100vw, 746px\" \/><\/a><figcaption id=\"caption-attachment-5619\" class=\"wp-caption-text\">Pedro Dorigo.<\/figcaption><\/figure>\n<p><a href=\"http:\/\/www.polisrecreio.com.br\/site\/wp-content\/uploads\/2023\/08\/gazeta-de-noticias-rj_1876-05-25-ed144-pag1-inauguradaestacaorecreio.jpg\"><img loading=\"lazy\" class=\"aligncenter size-full wp-image-26000\" src=\"http:\/\/www.polisrecreio.com.br\/site\/wp-content\/uploads\/2023\/08\/gazeta-de-noticias-rj_1876-05-25-ed144-pag1-inauguradaestacaorecreio.jpg\" alt=\"\" width=\"580\" height=\"397\" srcset=\"https:\/\/www.polisrecreio.com.br\/site\/wp-content\/uploads\/2023\/08\/gazeta-de-noticias-rj_1876-05-25-ed144-pag1-inauguradaestacaorecreio.jpg 580w, https:\/\/www.polisrecreio.com.br\/site\/wp-content\/uploads\/2023\/08\/gazeta-de-noticias-rj_1876-05-25-ed144-pag1-inauguradaestacaorecreio-300x205.jpg 300w\" sizes=\"(max-width: 580px) 100vw, 580px\" \/><\/a><\/p>\n","protected":false},"excerpt":{"rendered":"<p>Ano passado o recreiense, ex-ferrovi\u00e1rio e grande entusiasta da hist\u00f3ria, Pedro Dorigo, resolveu um descompasso com as datas sobre o surgimento de Recreio. Em pesquisa no jornal \u201cGazeta de Not\u00edcias\u201d, do Rio de Janeiro, a data correta da inaugura\u00e7\u00e3o da Esta\u00e7\u00e3o Ferrovi\u00e1ria de Recreio foi encontrada, ou seja, a data de nascimento da nossa cidade: [&hellip;]<\/p>\n","protected":false},"author":3,"featured_media":0,"comment_status":"open","ping_status":"open","sticky":false,"template":"","format":"standard","meta":[],"categories":[2],"tags":[],"yoast_head":"<!-- This site is optimized with the Yoast SEO plugin v15.6.2 - https:\/\/yoast.com\/wordpress\/plugins\/seo\/ -->\n<meta name=\"robots\" content=\"index, follow, max-snippet:-1, max-image-preview:large, max-video-preview:-1\" \/>\n<link rel=\"canonical\" href=\"http:\/\/www.polisrecreio.com.br\/site\/2024\/05\/22\/recreio-completa-148-anos-de-nascimento-neste-dia-22-de-maio\/\" \/>\n<meta property=\"og:locale\" content=\"pt_BR\" \/>\n<meta property=\"og:type\" content=\"article\" \/>\n<meta property=\"og:title\" content=\"Recreio completa 148 anos de nascimento neste dia 22 de maio - P\u00f3lis Recreio\" \/>\n<meta property=\"og:description\" content=\"Ano passado o recreiense, ex-ferrovi\u00e1rio e grande entusiasta da hist\u00f3ria, Pedro Dorigo, resolveu um descompasso com as datas sobre o surgimento de Recreio. Em pesquisa no jornal \u201cGazeta de Not\u00edcias\u201d, do Rio de Janeiro, a data correta da inaugura\u00e7\u00e3o da Esta\u00e7\u00e3o Ferrovi\u00e1ria de Recreio foi encontrada, ou seja, a data de nascimento da nossa cidade: [&hellip;]\" \/>\n<meta property=\"og:url\" content=\"http:\/\/www.polisrecreio.com.br\/site\/2024\/05\/22\/recreio-completa-148-anos-de-nascimento-neste-dia-22-de-maio\/\" \/>\n<meta property=\"og:site_name\" content=\"P\u00f3lis Recreio\" \/>\n<meta property=\"article:publisher\" content=\"https:\/\/www.facebook.com\/Site-P%c3%b3lis-Recreio-MG-181941708571019\/\" \/>\n<meta property=\"article:published_time\" content=\"2024-05-22T11:12:15+00:00\" \/>\n<meta property=\"article:modified_time\" content=\"2024-05-22T11:13:17+00:00\" \/>\n<meta property=\"og:image\" content=\"http:\/\/www.polisrecreio.com.br\/site\/wp-content\/uploads\/2020\/07\/rec.jpg\" \/>\n<meta name=\"twitter:card\" content=\"summary_large_image\" \/>\n<meta name=\"twitter:creator\" content=\"@PolisRecreio\" \/>\n<meta name=\"twitter:site\" content=\"@PolisRecreio\" \/>\n<meta name=\"twitter:label1\" content=\"Est. reading time\">\n\t<meta name=\"twitter:data1\" content=\"3 minutos\">\n<script type=\"application\/ld+json\" class=\"yoast-schema-graph\">{\"@context\":\"https:\/\/schema.org\",\"@graph\":[{\"@type\":\"WebSite\",\"@id\":\"https:\/\/www.polisrecreio.com.br\/site\/#website\",\"url\":\"https:\/\/www.polisrecreio.com.br\/site\/\",\"name\":\"P\\u00f3lis Recreio\",\"description\":\"\",\"potentialAction\":[{\"@type\":\"SearchAction\",\"target\":\"https:\/\/www.polisrecreio.com.br\/site\/?s={search_term_string}\",\"query-input\":\"required name=search_term_string\"}],\"inLanguage\":\"pt-BR\"},{\"@type\":\"ImageObject\",\"@id\":\"http:\/\/www.polisrecreio.com.br\/site\/2024\/05\/22\/recreio-completa-148-anos-de-nascimento-neste-dia-22-de-maio\/#primaryimage\",\"inLanguage\":\"pt-BR\",\"url\":\"http:\/\/www.polisrecreio.com.br\/site\/wp-content\/uploads\/2020\/07\/rec.jpg\"},{\"@type\":\"WebPage\",\"@id\":\"http:\/\/www.polisrecreio.com.br\/site\/2024\/05\/22\/recreio-completa-148-anos-de-nascimento-neste-dia-22-de-maio\/#webpage\",\"url\":\"http:\/\/www.polisrecreio.com.br\/site\/2024\/05\/22\/recreio-completa-148-anos-de-nascimento-neste-dia-22-de-maio\/\",\"name\":\"Recreio completa 148 anos de nascimento neste dia 22 de maio - P\\u00f3lis Recreio\",\"isPartOf\":{\"@id\":\"https:\/\/www.polisrecreio.com.br\/site\/#website\"},\"primaryImageOfPage\":{\"@id\":\"http:\/\/www.polisrecreio.com.br\/site\/2024\/05\/22\/recreio-completa-148-anos-de-nascimento-neste-dia-22-de-maio\/#primaryimage\"},\"datePublished\":\"2024-05-22T11:12:15+00:00\",\"dateModified\":\"2024-05-22T11:13:17+00:00\",\"author\":{\"@id\":\"https:\/\/www.polisrecreio.com.br\/site\/#\/schema\/person\/3363c1c78e1e28e1329d97adb387638e\"},\"inLanguage\":\"pt-BR\",\"potentialAction\":[{\"@type\":\"ReadAction\",\"target\":[\"http:\/\/www.polisrecreio.com.br\/site\/2024\/05\/22\/recreio-completa-148-anos-de-nascimento-neste-dia-22-de-maio\/\"]}]},{\"@type\":\"Person\",\"@id\":\"https:\/\/www.polisrecreio.com.br\/site\/#\/schema\/person\/3363c1c78e1e28e1329d97adb387638e\",\"name\":\"Leonardo Ribeiro\",\"image\":{\"@type\":\"ImageObject\",\"@id\":\"https:\/\/www.polisrecreio.com.br\/site\/#personlogo\",\"inLanguage\":\"pt-BR\",\"url\":\"https:\/\/secure.gravatar.com\/avatar\/6ba92a37d621e1a83e23710251178a12?s=96&d=mm&r=g\",\"caption\":\"Leonardo Ribeiro\"},\"sameAs\":[\"http:\/\/www.polisrecreio.com.br\"]}]}<\/script>\n<!-- \/ Yoast SEO plugin. -->","_links":{"self":[{"href":"https:\/\/www.polisrecreio.com.br\/site\/wp-json\/wp\/v2\/posts\/27106"}],"collection":[{"href":"https:\/\/www.polisrecreio.com.br\/site\/wp-json\/wp\/v2\/posts"}],"about":[{"href":"https:\/\/www.polisrecreio.com.br\/site\/wp-json\/wp\/v2\/types\/post"}],"author":[{"embeddable":true,"href":"https:\/\/www.polisrecreio.com.br\/site\/wp-json\/wp\/v2\/users\/3"}],"replies":[{"embeddable":true,"href":"https:\/\/www.polisrecreio.com.br\/site\/wp-json\/wp\/v2\/comments?post=27106"}],"version-history":[{"count":2,"href":"https:\/\/www.polisrecreio.com.br\/site\/wp-json\/wp\/v2\/posts\/27106\/revisions"}],"predecessor-version":[{"id":27108,"href":"https:\/\/www.polisrecreio.com.br\/site\/wp-json\/wp\/v2\/posts\/27106\/revisions\/27108"}],"wp:attachment":[{"href":"https:\/\/www.polisrecreio.com.br\/site\/wp-json\/wp\/v2\/media?parent=27106"}],"wp:term":[{"taxonomy":"category","embeddable":true,"href":"https:\/\/www.polisrecreio.com.br\/site\/wp-json\/wp\/v2\/categories?post=27106"},{"taxonomy":"post_tag","embeddable":true,"href":"https:\/\/www.polisrecreio.com.br\/site\/wp-json\/wp\/v2\/tags?post=27106"}],"curies":[{"name":"wp","href":"https:\/\/api.w.org\/{rel}","templated":true}]}}