{"id":27222,"date":"2024-07-02T11:17:29","date_gmt":"2024-07-02T14:17:29","guid":{"rendered":"http:\/\/www.polisrecreio.com.br\/site\/?p=27222"},"modified":"2024-07-02T11:17:29","modified_gmt":"2024-07-02T14:17:29","slug":"eleicoes-2024-servidores-publicos-devem-se-afastar-do-cargo-dia-06-07","status":"publish","type":"post","link":"https:\/\/www.polisrecreio.com.br\/site\/2024\/07\/02\/eleicoes-2024-servidores-publicos-devem-se-afastar-do-cargo-dia-06-07\/","title":{"rendered":"Elei\u00e7\u00f5es 2024: servidores p\u00fablicos devem se afastar do cargo dia 06\/07"},"content":{"rendered":"<p style=\"text-align: justify;\">Com a aproxima\u00e7\u00e3o das Elei\u00e7\u00f5es de 2024 para vereador e prefeito, os servidores p\u00fablicos postulantes aos cargos devem se afastar do cargo dia 6 de julho (s\u00e1bado), \u00e9 a chamada desincompatibiliza\u00e7\u00e3o. Essa a\u00e7\u00e3o consiste no afastamento tempor\u00e1rio (cargo efetivo) que vai at\u00e9 o dia seguinte a elei\u00e7\u00e3o.<\/p>\n<p><!--more--><\/p>\n<figure id=\"attachment_24347\" aria-describedby=\"caption-attachment-24347\" style=\"width: 1024px\" class=\"wp-caption aligncenter\"><a href=\"http:\/\/www.polisrecreio.com.br\/site\/wp-content\/uploads\/2022\/09\/urna-1-1.jpg\"><img loading=\"lazy\" class=\"size-full wp-image-24347\" src=\"http:\/\/www.polisrecreio.com.br\/site\/wp-content\/uploads\/2022\/09\/urna-1-1.jpg\" alt=\"\" width=\"1024\" height=\"683\" srcset=\"https:\/\/www.polisrecreio.com.br\/site\/wp-content\/uploads\/2022\/09\/urna-1-1.jpg 1024w, https:\/\/www.polisrecreio.com.br\/site\/wp-content\/uploads\/2022\/09\/urna-1-1-300x200.jpg 300w, https:\/\/www.polisrecreio.com.br\/site\/wp-content\/uploads\/2022\/09\/urna-1-1-768x512.jpg 768w\" sizes=\"(max-width: 1024px) 100vw, 1024px\" \/><\/a><figcaption id=\"caption-attachment-24347\" class=\"wp-caption-text\">Foto: Reprodu\u00e7\u00e3o\/TSE.<\/figcaption><\/figure>\n<p style=\"text-align: justify;\">A desincompatibiliza\u00e7\u00e3o do pr\u00e9-candidato tem objetivo de garantir que servidores (p\u00fablico ou militar) n\u00e3o se beneficiem das posi\u00e7\u00f5es que ocupam evitando abusos econ\u00f4micos e pol\u00edticos.<\/p>\n<p style=\"text-align: justify;\">A regra \u00e9 prevista no Artigo 104 da Lei 6.677 de 26\/09\/1994 e na Lei Complementar 64 de 18\/05\/90.<\/p>\n<p style=\"text-align: justify;\">O pleito de 2024 ser\u00e1 dia 6 de outubro.\u00a0 Em cidades com mais de 200 mil eleitores, quando nenhum dos candidatos a prefeito atingir a maioria absoluta de votos, ou seja, mais de 50% dos votos v\u00e1lidos (exclu\u00eddos brancos e nulos), haver\u00e1 segundo turno no dia 27 de outubro.<\/p>\n","protected":false},"excerpt":{"rendered":"<p>Com a aproxima\u00e7\u00e3o das Elei\u00e7\u00f5es de 2024 para vereador e prefeito, os servidores p\u00fablicos postulantes aos cargos devem se afastar do cargo dia 6 de julho (s\u00e1bado), \u00e9 a chamada desincompatibiliza\u00e7\u00e3o. Essa a\u00e7\u00e3o consiste no afastamento tempor\u00e1rio (cargo efetivo) que vai at\u00e9 o dia seguinte a elei\u00e7\u00e3o.<\/p>\n","protected":false},"author":3,"featured_media":0,"comment_status":"open","ping_status":"open","sticky":false,"template":"","format":"standard","meta":[],"categories":[13],"tags":[],"yoast_head":"<!-- This site is optimized with the Yoast SEO plugin v15.6.2 - https:\/\/yoast.com\/wordpress\/plugins\/seo\/ -->\n<meta name=\"robots\" content=\"index, follow, max-snippet:-1, max-image-preview:large, max-video-preview:-1\" \/>\n<link rel=\"canonical\" href=\"http:\/\/www.polisrecreio.com.br\/site\/2024\/07\/02\/eleicoes-2024-servidores-publicos-devem-se-afastar-do-cargo-dia-06-07\/\" \/>\n<meta property=\"og:locale\" content=\"pt_BR\" \/>\n<meta property=\"og:type\" content=\"article\" \/>\n<meta property=\"og:title\" content=\"Elei\u00e7\u00f5es 2024: servidores p\u00fablicos devem se afastar do cargo dia 06\/07 - P\u00f3lis Recreio\" \/>\n<meta property=\"og:description\" content=\"Com a aproxima\u00e7\u00e3o das Elei\u00e7\u00f5es de 2024 para vereador e prefeito, os servidores p\u00fablicos postulantes aos cargos devem se afastar do cargo dia 6 de julho (s\u00e1bado), \u00e9 a chamada desincompatibiliza\u00e7\u00e3o. Essa a\u00e7\u00e3o consiste no afastamento tempor\u00e1rio (cargo efetivo) que vai at\u00e9 o dia seguinte a elei\u00e7\u00e3o.\" \/>\n<meta property=\"og:url\" content=\"http:\/\/www.polisrecreio.com.br\/site\/2024\/07\/02\/eleicoes-2024-servidores-publicos-devem-se-afastar-do-cargo-dia-06-07\/\" \/>\n<meta property=\"og:site_name\" content=\"P\u00f3lis Recreio\" \/>\n<meta property=\"article:publisher\" content=\"https:\/\/www.facebook.com\/Site-P%c3%b3lis-Recreio-MG-181941708571019\/\" \/>\n<meta property=\"article:published_time\" content=\"2024-07-02T14:17:29+00:00\" \/>\n<meta property=\"og:image\" content=\"http:\/\/www.polisrecreio.com.br\/site\/wp-content\/uploads\/2022\/09\/urna-1-1.jpg\" \/>\n<meta name=\"twitter:card\" content=\"summary_large_image\" \/>\n<meta name=\"twitter:creator\" content=\"@PolisRecreio\" \/>\n<meta name=\"twitter:site\" content=\"@PolisRecreio\" \/>\n<meta name=\"twitter:label1\" content=\"Est. reading time\">\n\t<meta name=\"twitter:data1\" content=\"1 minuto\">\n<script type=\"application\/ld+json\" class=\"yoast-schema-graph\">{\"@context\":\"https:\/\/schema.org\",\"@graph\":[{\"@type\":\"WebSite\",\"@id\":\"https:\/\/www.polisrecreio.com.br\/site\/#website\",\"url\":\"https:\/\/www.polisrecreio.com.br\/site\/\",\"name\":\"P\\u00f3lis Recreio\",\"description\":\"\",\"potentialAction\":[{\"@type\":\"SearchAction\",\"target\":\"https:\/\/www.polisrecreio.com.br\/site\/?s={search_term_string}\",\"query-input\":\"required name=search_term_string\"}],\"inLanguage\":\"pt-BR\"},{\"@type\":\"ImageObject\",\"@id\":\"http:\/\/www.polisrecreio.com.br\/site\/2024\/07\/02\/eleicoes-2024-servidores-publicos-devem-se-afastar-do-cargo-dia-06-07\/#primaryimage\",\"inLanguage\":\"pt-BR\",\"url\":\"http:\/\/www.polisrecreio.com.br\/site\/wp-content\/uploads\/2022\/09\/urna-1-1.jpg\"},{\"@type\":\"WebPage\",\"@id\":\"http:\/\/www.polisrecreio.com.br\/site\/2024\/07\/02\/eleicoes-2024-servidores-publicos-devem-se-afastar-do-cargo-dia-06-07\/#webpage\",\"url\":\"http:\/\/www.polisrecreio.com.br\/site\/2024\/07\/02\/eleicoes-2024-servidores-publicos-devem-se-afastar-do-cargo-dia-06-07\/\",\"name\":\"Elei\\u00e7\\u00f5es 2024: servidores p\\u00fablicos devem se afastar do cargo dia 06\/07 - P\\u00f3lis Recreio\",\"isPartOf\":{\"@id\":\"https:\/\/www.polisrecreio.com.br\/site\/#website\"},\"primaryImageOfPage\":{\"@id\":\"http:\/\/www.polisrecreio.com.br\/site\/2024\/07\/02\/eleicoes-2024-servidores-publicos-devem-se-afastar-do-cargo-dia-06-07\/#primaryimage\"},\"datePublished\":\"2024-07-02T14:17:29+00:00\",\"dateModified\":\"2024-07-02T14:17:29+00:00\",\"author\":{\"@id\":\"https:\/\/www.polisrecreio.com.br\/site\/#\/schema\/person\/3363c1c78e1e28e1329d97adb387638e\"},\"inLanguage\":\"pt-BR\",\"potentialAction\":[{\"@type\":\"ReadAction\",\"target\":[\"http:\/\/www.polisrecreio.com.br\/site\/2024\/07\/02\/eleicoes-2024-servidores-publicos-devem-se-afastar-do-cargo-dia-06-07\/\"]}]},{\"@type\":\"Person\",\"@id\":\"https:\/\/www.polisrecreio.com.br\/site\/#\/schema\/person\/3363c1c78e1e28e1329d97adb387638e\",\"name\":\"Leonardo Ribeiro\",\"image\":{\"@type\":\"ImageObject\",\"@id\":\"https:\/\/www.polisrecreio.com.br\/site\/#personlogo\",\"inLanguage\":\"pt-BR\",\"url\":\"https:\/\/secure.gravatar.com\/avatar\/6ba92a37d621e1a83e23710251178a12?s=96&d=mm&r=g\",\"caption\":\"Leonardo Ribeiro\"},\"sameAs\":[\"http:\/\/www.polisrecreio.com.br\"]}]}<\/script>\n<!-- \/ Yoast SEO plugin. -->","_links":{"self":[{"href":"https:\/\/www.polisrecreio.com.br\/site\/wp-json\/wp\/v2\/posts\/27222"}],"collection":[{"href":"https:\/\/www.polisrecreio.com.br\/site\/wp-json\/wp\/v2\/posts"}],"about":[{"href":"https:\/\/www.polisrecreio.com.br\/site\/wp-json\/wp\/v2\/types\/post"}],"author":[{"embeddable":true,"href":"https:\/\/www.polisrecreio.com.br\/site\/wp-json\/wp\/v2\/users\/3"}],"replies":[{"embeddable":true,"href":"https:\/\/www.polisrecreio.com.br\/site\/wp-json\/wp\/v2\/comments?post=27222"}],"version-history":[{"count":1,"href":"https:\/\/www.polisrecreio.com.br\/site\/wp-json\/wp\/v2\/posts\/27222\/revisions"}],"predecessor-version":[{"id":27223,"href":"https:\/\/www.polisrecreio.com.br\/site\/wp-json\/wp\/v2\/posts\/27222\/revisions\/27223"}],"wp:attachment":[{"href":"https:\/\/www.polisrecreio.com.br\/site\/wp-json\/wp\/v2\/media?parent=27222"}],"wp:term":[{"taxonomy":"category","embeddable":true,"href":"https:\/\/www.polisrecreio.com.br\/site\/wp-json\/wp\/v2\/categories?post=27222"},{"taxonomy":"post_tag","embeddable":true,"href":"https:\/\/www.polisrecreio.com.br\/site\/wp-json\/wp\/v2\/tags?post=27222"}],"curies":[{"name":"wp","href":"https:\/\/api.w.org\/{rel}","templated":true}]}}