{"id":27391,"date":"2024-10-31T20:44:59","date_gmt":"2024-10-31T23:44:59","guid":{"rendered":"http:\/\/www.polisrecreio.com.br\/site\/?p=27391"},"modified":"2024-10-31T20:44:59","modified_gmt":"2024-10-31T23:44:59","slug":"taxa-de-reeleicao-de-prefeitos-em-minas-gerais-foi-de-829-a-maior-da-historia","status":"publish","type":"post","link":"https:\/\/www.polisrecreio.com.br\/site\/2024\/10\/31\/taxa-de-reeleicao-de-prefeitos-em-minas-gerais-foi-de-829-a-maior-da-historia\/","title":{"rendered":"Taxa de reelei\u00e7\u00e3o de prefeitos em Minas Gerais foi de 82,9%, a maior da hist\u00f3ria"},"content":{"rendered":"<p style=\"text-align: justify;\">O n\u00famero de prefeitos reeleitos em Minas Gerais mais do que dobrou em 2024, em rela\u00e7\u00e3o \u00e0s elei\u00e7\u00f5es de 2020. Dos 853 munic\u00edpios do Estado, 378 ser\u00e3o governados a partir de 2025 por prefeitos que j\u00e1 ocupavam o posto. O aumento \u00e9 superior a 240% em rela\u00e7\u00e3o a 2020, quando 155 foram reconduzidos ao cargo.<\/p>\n<p><!--more--><\/p>\n<figure id=\"attachment_24347\" aria-describedby=\"caption-attachment-24347\" style=\"width: 1024px\" class=\"wp-caption aligncenter\"><a href=\"http:\/\/www.polisrecreio.com.br\/site\/wp-content\/uploads\/2022\/09\/urna-1-1.jpg\"><img loading=\"lazy\" class=\"size-full wp-image-24347\" src=\"http:\/\/www.polisrecreio.com.br\/site\/wp-content\/uploads\/2022\/09\/urna-1-1.jpg\" alt=\"\" width=\"1024\" height=\"683\" srcset=\"https:\/\/www.polisrecreio.com.br\/site\/wp-content\/uploads\/2022\/09\/urna-1-1.jpg 1024w, https:\/\/www.polisrecreio.com.br\/site\/wp-content\/uploads\/2022\/09\/urna-1-1-300x200.jpg 300w, https:\/\/www.polisrecreio.com.br\/site\/wp-content\/uploads\/2022\/09\/urna-1-1-768x512.jpg 768w\" sizes=\"(max-width: 1024px) 100vw, 1024px\" \/><\/a><figcaption id=\"caption-attachment-24347\" class=\"wp-caption-text\">Foto: Reprodu\u00e7\u00e3o\/TSE.<\/figcaption><\/figure>\n<p style=\"text-align: justify;\">De acordo com dados do Tribunal Superior Eleitoral (TSE), 456 chefes de Executivos municipais em Minas tentaram a reelei\u00e7\u00e3o neste ano, sendo assim, 82,89% dos candidatos conseguiram manter as suas posi\u00e7\u00f5es. Essa \u00e9 a maior taxa nos \u00faltimos 20 anos tanto no Estado quanto no Brasil. Minas Gerais ainda supera ligeiramente a m\u00e9dia nacional, que ficou em 80,8% neste ano.<\/p>\n<p style=\"text-align: justify;\">Em anos anteriores, as elei\u00e7\u00f5es municipais registraram taxas de reelei\u00e7\u00e3o bem menores do que as atuais. Em Minas Gerais, a propor\u00e7\u00e3o foi de 56,3% em 2020, quando 275 prefeitos tentaram a reelei\u00e7\u00e3o e 155 foram reeleitos.<\/p>\n<p style=\"text-align: justify;\">O menor \u00edndice da s\u00e9rie hist\u00f3rica ocorreu em 2016, com uma taxa de 44,6%: apenas 205 dos 459 prefeitos que buscavam se reeleger conseguiram se manter no cargo. Numericamente, o ano com mais reeleitos foi 2008, com 398 prefeitos reconduzidos, mas o \u00edndice de sucesso foi de 67,2%, j\u00e1 que o n\u00famero de candidatos foi maior: 592.<\/p>\n<p><em>Com informa\u00e7\u00f5es: Jornal O Tempo.<\/em><\/p>\n","protected":false},"excerpt":{"rendered":"<p>O n\u00famero de prefeitos reeleitos em Minas Gerais mais do que dobrou em 2024, em rela\u00e7\u00e3o \u00e0s elei\u00e7\u00f5es de 2020. Dos 853 munic\u00edpios do Estado, 378 ser\u00e3o governados a partir de 2025 por prefeitos que j\u00e1 ocupavam o posto. O aumento \u00e9 superior a 240% em rela\u00e7\u00e3o a 2020, quando 155 foram reconduzidos ao cargo.<\/p>\n","protected":false},"author":3,"featured_media":0,"comment_status":"open","ping_status":"open","sticky":false,"template":"","format":"standard","meta":[],"categories":[13],"tags":[],"yoast_head":"<!-- This site is optimized with the Yoast SEO plugin v15.6.2 - https:\/\/yoast.com\/wordpress\/plugins\/seo\/ -->\n<meta name=\"robots\" content=\"index, follow, max-snippet:-1, max-image-preview:large, max-video-preview:-1\" \/>\n<link rel=\"canonical\" href=\"http:\/\/www.polisrecreio.com.br\/site\/2024\/10\/31\/taxa-de-reeleicao-de-prefeitos-em-minas-gerais-foi-de-829-a-maior-da-historia\/\" \/>\n<meta property=\"og:locale\" content=\"pt_BR\" \/>\n<meta property=\"og:type\" content=\"article\" \/>\n<meta property=\"og:title\" content=\"Taxa de reelei\u00e7\u00e3o de prefeitos em Minas Gerais foi de 82,9%, a maior da hist\u00f3ria - P\u00f3lis Recreio\" \/>\n<meta property=\"og:description\" content=\"O n\u00famero de prefeitos reeleitos em Minas Gerais mais do que dobrou em 2024, em rela\u00e7\u00e3o \u00e0s elei\u00e7\u00f5es de 2020. Dos 853 munic\u00edpios do Estado, 378 ser\u00e3o governados a partir de 2025 por prefeitos que j\u00e1 ocupavam o posto. O aumento \u00e9 superior a 240% em rela\u00e7\u00e3o a 2020, quando 155 foram reconduzidos ao cargo.\" \/>\n<meta property=\"og:url\" content=\"http:\/\/www.polisrecreio.com.br\/site\/2024\/10\/31\/taxa-de-reeleicao-de-prefeitos-em-minas-gerais-foi-de-829-a-maior-da-historia\/\" \/>\n<meta property=\"og:site_name\" content=\"P\u00f3lis Recreio\" \/>\n<meta property=\"article:publisher\" content=\"https:\/\/www.facebook.com\/Site-P%c3%b3lis-Recreio-MG-181941708571019\/\" \/>\n<meta property=\"article:published_time\" content=\"2024-10-31T23:44:59+00:00\" \/>\n<meta property=\"og:image\" content=\"http:\/\/www.polisrecreio.com.br\/site\/wp-content\/uploads\/2022\/09\/urna-1-1.jpg\" \/>\n<meta name=\"twitter:card\" content=\"summary_large_image\" \/>\n<meta name=\"twitter:creator\" content=\"@PolisRecreio\" \/>\n<meta name=\"twitter:site\" content=\"@PolisRecreio\" \/>\n<meta name=\"twitter:label1\" content=\"Est. reading time\">\n\t<meta name=\"twitter:data1\" content=\"2 minutos\">\n<script type=\"application\/ld+json\" class=\"yoast-schema-graph\">{\"@context\":\"https:\/\/schema.org\",\"@graph\":[{\"@type\":\"WebSite\",\"@id\":\"https:\/\/www.polisrecreio.com.br\/site\/#website\",\"url\":\"https:\/\/www.polisrecreio.com.br\/site\/\",\"name\":\"P\\u00f3lis Recreio\",\"description\":\"\",\"potentialAction\":[{\"@type\":\"SearchAction\",\"target\":\"https:\/\/www.polisrecreio.com.br\/site\/?s={search_term_string}\",\"query-input\":\"required name=search_term_string\"}],\"inLanguage\":\"pt-BR\"},{\"@type\":\"ImageObject\",\"@id\":\"http:\/\/www.polisrecreio.com.br\/site\/2024\/10\/31\/taxa-de-reeleicao-de-prefeitos-em-minas-gerais-foi-de-829-a-maior-da-historia\/#primaryimage\",\"inLanguage\":\"pt-BR\",\"url\":\"http:\/\/www.polisrecreio.com.br\/site\/wp-content\/uploads\/2022\/09\/urna-1-1.jpg\"},{\"@type\":\"WebPage\",\"@id\":\"http:\/\/www.polisrecreio.com.br\/site\/2024\/10\/31\/taxa-de-reeleicao-de-prefeitos-em-minas-gerais-foi-de-829-a-maior-da-historia\/#webpage\",\"url\":\"http:\/\/www.polisrecreio.com.br\/site\/2024\/10\/31\/taxa-de-reeleicao-de-prefeitos-em-minas-gerais-foi-de-829-a-maior-da-historia\/\",\"name\":\"Taxa de reelei\\u00e7\\u00e3o de prefeitos em Minas Gerais foi de 82,9%, a maior da hist\\u00f3ria - P\\u00f3lis Recreio\",\"isPartOf\":{\"@id\":\"https:\/\/www.polisrecreio.com.br\/site\/#website\"},\"primaryImageOfPage\":{\"@id\":\"http:\/\/www.polisrecreio.com.br\/site\/2024\/10\/31\/taxa-de-reeleicao-de-prefeitos-em-minas-gerais-foi-de-829-a-maior-da-historia\/#primaryimage\"},\"datePublished\":\"2024-10-31T23:44:59+00:00\",\"dateModified\":\"2024-10-31T23:44:59+00:00\",\"author\":{\"@id\":\"https:\/\/www.polisrecreio.com.br\/site\/#\/schema\/person\/3363c1c78e1e28e1329d97adb387638e\"},\"inLanguage\":\"pt-BR\",\"potentialAction\":[{\"@type\":\"ReadAction\",\"target\":[\"http:\/\/www.polisrecreio.com.br\/site\/2024\/10\/31\/taxa-de-reeleicao-de-prefeitos-em-minas-gerais-foi-de-829-a-maior-da-historia\/\"]}]},{\"@type\":\"Person\",\"@id\":\"https:\/\/www.polisrecreio.com.br\/site\/#\/schema\/person\/3363c1c78e1e28e1329d97adb387638e\",\"name\":\"Leonardo Ribeiro\",\"image\":{\"@type\":\"ImageObject\",\"@id\":\"https:\/\/www.polisrecreio.com.br\/site\/#personlogo\",\"inLanguage\":\"pt-BR\",\"url\":\"https:\/\/secure.gravatar.com\/avatar\/6ba92a37d621e1a83e23710251178a12?s=96&d=mm&r=g\",\"caption\":\"Leonardo Ribeiro\"},\"sameAs\":[\"http:\/\/www.polisrecreio.com.br\"]}]}<\/script>\n<!-- \/ Yoast SEO plugin. -->","_links":{"self":[{"href":"https:\/\/www.polisrecreio.com.br\/site\/wp-json\/wp\/v2\/posts\/27391"}],"collection":[{"href":"https:\/\/www.polisrecreio.com.br\/site\/wp-json\/wp\/v2\/posts"}],"about":[{"href":"https:\/\/www.polisrecreio.com.br\/site\/wp-json\/wp\/v2\/types\/post"}],"author":[{"embeddable":true,"href":"https:\/\/www.polisrecreio.com.br\/site\/wp-json\/wp\/v2\/users\/3"}],"replies":[{"embeddable":true,"href":"https:\/\/www.polisrecreio.com.br\/site\/wp-json\/wp\/v2\/comments?post=27391"}],"version-history":[{"count":1,"href":"https:\/\/www.polisrecreio.com.br\/site\/wp-json\/wp\/v2\/posts\/27391\/revisions"}],"predecessor-version":[{"id":27392,"href":"https:\/\/www.polisrecreio.com.br\/site\/wp-json\/wp\/v2\/posts\/27391\/revisions\/27392"}],"wp:attachment":[{"href":"https:\/\/www.polisrecreio.com.br\/site\/wp-json\/wp\/v2\/media?parent=27391"}],"wp:term":[{"taxonomy":"category","embeddable":true,"href":"https:\/\/www.polisrecreio.com.br\/site\/wp-json\/wp\/v2\/categories?post=27391"},{"taxonomy":"post_tag","embeddable":true,"href":"https:\/\/www.polisrecreio.com.br\/site\/wp-json\/wp\/v2\/tags?post=27391"}],"curies":[{"name":"wp","href":"https:\/\/api.w.org\/{rel}","templated":true}]}}