{"id":2772,"date":"2016-08-27T11:41:04","date_gmt":"2016-08-27T14:41:04","guid":{"rendered":"http:\/\/www.polisrecreio.com.br\/site\/?p=2772"},"modified":"2016-08-27T12:12:30","modified_gmt":"2016-08-27T15:12:30","slug":"em-programa-de-radio-oninho-disse-ter-sido-traido","status":"publish","type":"post","link":"https:\/\/www.polisrecreio.com.br\/site\/2016\/08\/27\/em-programa-de-radio-oninho-disse-ter-sido-traido\/","title":{"rendered":"Em programa de r\u00e1dio, Oninho disse ter sido tra\u00eddo"},"content":{"rendered":"<p style=\"text-align: justify;\">No programa eleitoral gratuito da coliga\u00e7\u00e3o \u201cDe Novo com a For\u00e7a do Povo\u201d, transmitido pela R\u00e1dio Mundial FM 104,9, o prefeit\u00e1vel e atual chefe do executivo municipal, Oninho, disse ter sido tra\u00eddo por seus antigos correligion\u00e1rios. O programa foi exibido neste s\u00e1bado (27), \u00e0s 7h e reprisado \u00e0s 12h.<\/p>\n<p style=\"text-align: justify;\"><!--more--><\/p>\n<figure id=\"attachment_2252\" aria-describedby=\"caption-attachment-2252\" style=\"width: 800px\" class=\"wp-caption aligncenter\"><a href=\"http:\/\/www.polisrecreio.com.br\/site\/wp-content\/uploads\/2016\/06\/DSCF4349.jpg\"><img loading=\"lazy\" class=\"size-full wp-image-2252\" src=\"http:\/\/www.polisrecreio.com.br\/site\/wp-content\/uploads\/2016\/06\/DSCF4349.jpg\" alt=\"Prefeito Oninho. Foto: Arquivo.\" width=\"800\" height=\"533\" srcset=\"https:\/\/www.polisrecreio.com.br\/site\/wp-content\/uploads\/2016\/06\/DSCF4349.jpg 800w, https:\/\/www.polisrecreio.com.br\/site\/wp-content\/uploads\/2016\/06\/DSCF4349-300x200.jpg 300w\" sizes=\"(max-width: 800px) 100vw, 800px\" \/><\/a><figcaption id=\"caption-attachment-2252\" class=\"wp-caption-text\">Prefeito Oninho. Foto: Arquivo.<\/figcaption><\/figure>\n<p style=\"text-align: justify;\">Durante o seu tempo de 02\u2019 46\u2019\u2019, o candidato do PTB, usou para apresentar-se e falou que \u201cos seus antigos apoiadores acharam que ele estava \u2018morto\u2019\u201d. Em nenhum momento ele citou os nomes destes que ele entendeu como traidores.<\/p>\n<p style=\"text-align: justify;\">\u201cA partir de segunda-feira (29), esperamos programas mais produtivos, pois, tanto da coliga\u00e7\u00e3o do Oninho quanto do \u201cJuntos por Recreio\u201d do candidato Z\u00e9 Maria Barros, o que ouvimos foram apenas apresenta\u00e7\u00f5es. Esperamos ouvir propostas para melhorar a nossa cidade\u201d, disse ao Site P\u00f3lis um eleitor ouvinte.<\/p>\n","protected":false},"excerpt":{"rendered":"<p>No programa eleitoral gratuito da coliga\u00e7\u00e3o \u201cDe Novo com a For\u00e7a do Povo\u201d, transmitido pela R\u00e1dio Mundial FM 104,9, o prefeit\u00e1vel e atual chefe do executivo municipal, Oninho, disse ter sido tra\u00eddo por seus antigos correligion\u00e1rios. O programa foi exibido neste s\u00e1bado (27), \u00e0s 7h e reprisado \u00e0s 12h.<\/p>\n","protected":false},"author":3,"featured_media":0,"comment_status":"open","ping_status":"open","sticky":false,"template":"","format":"standard","meta":[],"categories":[13],"tags":[],"yoast_head":"<!-- This site is optimized with the Yoast SEO plugin v15.6.2 - https:\/\/yoast.com\/wordpress\/plugins\/seo\/ -->\n<meta name=\"robots\" content=\"index, follow, max-snippet:-1, max-image-preview:large, max-video-preview:-1\" \/>\n<link rel=\"canonical\" href=\"http:\/\/www.polisrecreio.com.br\/site\/2016\/08\/27\/em-programa-de-radio-oninho-disse-ter-sido-traido\/\" \/>\n<meta property=\"og:locale\" content=\"pt_BR\" \/>\n<meta property=\"og:type\" content=\"article\" \/>\n<meta property=\"og:title\" content=\"Em programa de r\u00e1dio, Oninho disse ter sido tra\u00eddo - P\u00f3lis Recreio\" \/>\n<meta property=\"og:description\" content=\"No programa eleitoral gratuito da coliga\u00e7\u00e3o \u201cDe Novo com a For\u00e7a do Povo\u201d, transmitido pela R\u00e1dio Mundial FM 104,9, o prefeit\u00e1vel e atual chefe do executivo municipal, Oninho, disse ter sido tra\u00eddo por seus antigos correligion\u00e1rios. O programa foi exibido neste s\u00e1bado (27), \u00e0s 7h e reprisado \u00e0s 12h.\" \/>\n<meta property=\"og:url\" content=\"http:\/\/www.polisrecreio.com.br\/site\/2016\/08\/27\/em-programa-de-radio-oninho-disse-ter-sido-traido\/\" \/>\n<meta property=\"og:site_name\" content=\"P\u00f3lis Recreio\" \/>\n<meta property=\"article:publisher\" content=\"https:\/\/www.facebook.com\/Site-P%c3%b3lis-Recreio-MG-181941708571019\/\" \/>\n<meta property=\"article:published_time\" content=\"2016-08-27T14:41:04+00:00\" \/>\n<meta property=\"article:modified_time\" content=\"2016-08-27T15:12:30+00:00\" \/>\n<meta property=\"og:image\" content=\"http:\/\/www.polisrecreio.com.br\/site\/wp-content\/uploads\/2016\/06\/DSCF4349.jpg\" \/>\n<meta name=\"twitter:card\" content=\"summary_large_image\" \/>\n<meta name=\"twitter:creator\" content=\"@PolisRecreio\" \/>\n<meta name=\"twitter:site\" content=\"@PolisRecreio\" \/>\n<meta name=\"twitter:label1\" content=\"Est. reading time\">\n\t<meta name=\"twitter:data1\" content=\"1 minuto\">\n<script type=\"application\/ld+json\" class=\"yoast-schema-graph\">{\"@context\":\"https:\/\/schema.org\",\"@graph\":[{\"@type\":\"WebSite\",\"@id\":\"https:\/\/www.polisrecreio.com.br\/site\/#website\",\"url\":\"https:\/\/www.polisrecreio.com.br\/site\/\",\"name\":\"P\\u00f3lis Recreio\",\"description\":\"\",\"potentialAction\":[{\"@type\":\"SearchAction\",\"target\":\"https:\/\/www.polisrecreio.com.br\/site\/?s={search_term_string}\",\"query-input\":\"required name=search_term_string\"}],\"inLanguage\":\"pt-BR\"},{\"@type\":\"ImageObject\",\"@id\":\"http:\/\/www.polisrecreio.com.br\/site\/2016\/08\/27\/em-programa-de-radio-oninho-disse-ter-sido-traido\/#primaryimage\",\"inLanguage\":\"pt-BR\",\"url\":\"http:\/\/www.polisrecreio.com.br\/site\/wp-content\/uploads\/2016\/06\/DSCF4349.jpg\"},{\"@type\":\"WebPage\",\"@id\":\"http:\/\/www.polisrecreio.com.br\/site\/2016\/08\/27\/em-programa-de-radio-oninho-disse-ter-sido-traido\/#webpage\",\"url\":\"http:\/\/www.polisrecreio.com.br\/site\/2016\/08\/27\/em-programa-de-radio-oninho-disse-ter-sido-traido\/\",\"name\":\"Em programa de r\\u00e1dio, Oninho disse ter sido tra\\u00eddo - P\\u00f3lis Recreio\",\"isPartOf\":{\"@id\":\"https:\/\/www.polisrecreio.com.br\/site\/#website\"},\"primaryImageOfPage\":{\"@id\":\"http:\/\/www.polisrecreio.com.br\/site\/2016\/08\/27\/em-programa-de-radio-oninho-disse-ter-sido-traido\/#primaryimage\"},\"datePublished\":\"2016-08-27T14:41:04+00:00\",\"dateModified\":\"2016-08-27T15:12:30+00:00\",\"author\":{\"@id\":\"https:\/\/www.polisrecreio.com.br\/site\/#\/schema\/person\/3363c1c78e1e28e1329d97adb387638e\"},\"inLanguage\":\"pt-BR\",\"potentialAction\":[{\"@type\":\"ReadAction\",\"target\":[\"http:\/\/www.polisrecreio.com.br\/site\/2016\/08\/27\/em-programa-de-radio-oninho-disse-ter-sido-traido\/\"]}]},{\"@type\":\"Person\",\"@id\":\"https:\/\/www.polisrecreio.com.br\/site\/#\/schema\/person\/3363c1c78e1e28e1329d97adb387638e\",\"name\":\"Leonardo Ribeiro\",\"image\":{\"@type\":\"ImageObject\",\"@id\":\"https:\/\/www.polisrecreio.com.br\/site\/#personlogo\",\"inLanguage\":\"pt-BR\",\"url\":\"https:\/\/secure.gravatar.com\/avatar\/6ba92a37d621e1a83e23710251178a12?s=96&d=mm&r=g\",\"caption\":\"Leonardo Ribeiro\"},\"sameAs\":[\"http:\/\/www.polisrecreio.com.br\"]}]}<\/script>\n<!-- \/ Yoast SEO plugin. -->","_links":{"self":[{"href":"https:\/\/www.polisrecreio.com.br\/site\/wp-json\/wp\/v2\/posts\/2772"}],"collection":[{"href":"https:\/\/www.polisrecreio.com.br\/site\/wp-json\/wp\/v2\/posts"}],"about":[{"href":"https:\/\/www.polisrecreio.com.br\/site\/wp-json\/wp\/v2\/types\/post"}],"author":[{"embeddable":true,"href":"https:\/\/www.polisrecreio.com.br\/site\/wp-json\/wp\/v2\/users\/3"}],"replies":[{"embeddable":true,"href":"https:\/\/www.polisrecreio.com.br\/site\/wp-json\/wp\/v2\/comments?post=2772"}],"version-history":[{"count":3,"href":"https:\/\/www.polisrecreio.com.br\/site\/wp-json\/wp\/v2\/posts\/2772\/revisions"}],"predecessor-version":[{"id":2775,"href":"https:\/\/www.polisrecreio.com.br\/site\/wp-json\/wp\/v2\/posts\/2772\/revisions\/2775"}],"wp:attachment":[{"href":"https:\/\/www.polisrecreio.com.br\/site\/wp-json\/wp\/v2\/media?parent=2772"}],"wp:term":[{"taxonomy":"category","embeddable":true,"href":"https:\/\/www.polisrecreio.com.br\/site\/wp-json\/wp\/v2\/categories?post=2772"},{"taxonomy":"post_tag","embeddable":true,"href":"https:\/\/www.polisrecreio.com.br\/site\/wp-json\/wp\/v2\/tags?post=2772"}],"curies":[{"name":"wp","href":"https:\/\/api.w.org\/{rel}","templated":true}]}}