{"id":2776,"date":"2016-08-28T09:48:07","date_gmt":"2016-08-28T12:48:07","guid":{"rendered":"http:\/\/www.polisrecreio.com.br\/site\/?p=2776"},"modified":"2016-08-28T09:48:07","modified_gmt":"2016-08-28T12:48:07","slug":"festa-do-hospital-sao-sebastiao-acontece-de-9-a-11-de-setembro","status":"publish","type":"post","link":"https:\/\/www.polisrecreio.com.br\/site\/2016\/08\/28\/festa-do-hospital-sao-sebastiao-acontece-de-9-a-11-de-setembro\/","title":{"rendered":"Festa do Hospital S\u00e3o Sebasti\u00e3o acontece de 9 a 11 de setembro"},"content":{"rendered":"<p style=\"text-align: justify;\">De 9 a 11 de setembro acontece a festa do 24\u00ba anivers\u00e1rio do Hospital S\u00e3o Sebasti\u00e3o de Recreio, com shows musicais, santa missa, almo\u00e7o beneficente, leil\u00e3o e toda receptividade dos amigos e amigas do HSS. O evento acontecer\u00e1 no Social Country Clube.<\/p>\n<p style=\"text-align: justify;\"><!--more--><\/p>\n<p style=\"text-align: justify;\"><a href=\"http:\/\/www.polisrecreio.com.br\/site\/wp-content\/uploads\/2016\/05\/DSCF5214.jpg\"><img loading=\"lazy\" class=\"aligncenter size-full wp-image-1841\" src=\"http:\/\/www.polisrecreio.com.br\/site\/wp-content\/uploads\/2016\/05\/DSCF5214.jpg\" alt=\"DSCF5214\" width=\"800\" height=\"533\" srcset=\"https:\/\/www.polisrecreio.com.br\/site\/wp-content\/uploads\/2016\/05\/DSCF5214.jpg 800w, https:\/\/www.polisrecreio.com.br\/site\/wp-content\/uploads\/2016\/05\/DSCF5214-300x200.jpg 300w\" sizes=\"(max-width: 800px) 100vw, 800px\" \/><\/a><\/p>\n<p style=\"text-align: justify;\">Com exclusividade ao Site P\u00f3lis, o provedor da entidade, Dr. Luiz Ronaldo Pinheiro dos Santos, apresentou a programa\u00e7\u00e3o oficial:<\/p>\n<p style=\"text-align: justify;\">Sexta-feira (09\/09):<\/p>\n<p style=\"text-align: justify;\"><em>19h &#8211; Show com Ra\u00edzes do Sert\u00e3o;<\/em><\/p>\n<p style=\"text-align: justify;\"><em>21h \u2013 Show com F\u00e1bio Ohany;<\/em><\/p>\n<p style=\"text-align: justify;\">S\u00e1bado (10\/09):<\/p>\n<p style=\"text-align: justify;\"><em>18h \u2013 Missa em a\u00e7\u00e3o de gra\u00e7as (ofert\u00f3rio do material de limpeza);<\/em><\/p>\n<p style=\"text-align: justify;\"><em>20h \u2013 Show com Paulo J\u00fanior;<\/em><\/p>\n<p style=\"text-align: justify;\">Domingo (11\/09):<\/p>\n<p style=\"text-align: justify;\"><em>9h \u2013 Grande leil\u00e3o de bezerros;<\/em><\/p>\n<p style=\"text-align: justify;\"><em>12h \u2013 Almo\u00e7o beneficente;<\/em><\/p>\n<p style=\"text-align: justify;\"><em>14h \u2013 Show com Wellington &amp; Tatiana;<\/em><\/p>\n<p style=\"text-align: justify;\"><em>17h \u2013 Show com Sambaxada;<\/em><\/p>\n<p style=\"text-align: justify;\"><em>20h \u2013 Show com Alexandre.Com.<\/em><\/p>\n<figure id=\"attachment_2777\" aria-describedby=\"caption-attachment-2777\" style=\"width: 291px\" class=\"wp-caption alignleft\"><a href=\"http:\/\/www.polisrecreio.com.br\/site\/wp-content\/uploads\/2016\/08\/10407933_651654808298834_6456429932294019932_n.jpg\"><img loading=\"lazy\" class=\"wp-image-2777 size-medium\" src=\"http:\/\/www.polisrecreio.com.br\/site\/wp-content\/uploads\/2016\/08\/10407933_651654808298834_6456429932294019932_n-291x300.jpg\" alt=\"Dr. Luiz Ronaldo, provedor do HSS.\" width=\"291\" height=\"300\" srcset=\"https:\/\/www.polisrecreio.com.br\/site\/wp-content\/uploads\/2016\/08\/10407933_651654808298834_6456429932294019932_n-291x300.jpg 291w, https:\/\/www.polisrecreio.com.br\/site\/wp-content\/uploads\/2016\/08\/10407933_651654808298834_6456429932294019932_n.jpg 295w\" sizes=\"(max-width: 291px) 100vw, 291px\" \/><\/a><figcaption id=\"caption-attachment-2777\" class=\"wp-caption-text\">Dr. Luiz Ronaldo, provedor do HSS.<\/figcaption><\/figure>\n<p style=\"text-align: justify;\">\u201cA expectativa \u00e9 que a festa seja mais um sucesso, assim como foi em anos anteriores, sempre com apoio de toda a comunidade recreiense. Esperamos por voc\u00eas\u201d, completou Dr. Luiz Ronaldo.<\/p>\n","protected":false},"excerpt":{"rendered":"<p>De 9 a 11 de setembro acontece a festa do 24\u00ba anivers\u00e1rio do Hospital S\u00e3o Sebasti\u00e3o de Recreio, com shows musicais, santa missa, almo\u00e7o beneficente, leil\u00e3o e toda receptividade dos amigos e amigas do HSS. O evento acontecer\u00e1 no Social Country Clube.<\/p>\n","protected":false},"author":3,"featured_media":1841,"comment_status":"open","ping_status":"open","sticky":false,"template":"","format":"standard","meta":[],"categories":[6],"tags":[],"yoast_head":"<!-- This site is optimized with the Yoast SEO plugin v15.6.2 - https:\/\/yoast.com\/wordpress\/plugins\/seo\/ -->\n<meta name=\"robots\" content=\"index, follow, max-snippet:-1, max-image-preview:large, max-video-preview:-1\" \/>\n<link rel=\"canonical\" href=\"https:\/\/www.polisrecreio.com.br\/site\/2016\/08\/28\/festa-do-hospital-sao-sebastiao-acontece-de-9-a-11-de-setembro\/\" \/>\n<meta property=\"og:locale\" content=\"pt_BR\" \/>\n<meta property=\"og:type\" content=\"article\" \/>\n<meta property=\"og:title\" content=\"Festa do Hospital S\u00e3o Sebasti\u00e3o acontece de 9 a 11 de setembro - P\u00f3lis Recreio\" \/>\n<meta property=\"og:description\" content=\"De 9 a 11 de setembro acontece a festa do 24\u00ba anivers\u00e1rio do Hospital S\u00e3o Sebasti\u00e3o de Recreio, com shows musicais, santa missa, almo\u00e7o beneficente, leil\u00e3o e toda receptividade dos amigos e amigas do HSS. O evento acontecer\u00e1 no Social Country Clube.\" \/>\n<meta property=\"og:url\" content=\"https:\/\/www.polisrecreio.com.br\/site\/2016\/08\/28\/festa-do-hospital-sao-sebastiao-acontece-de-9-a-11-de-setembro\/\" \/>\n<meta property=\"og:site_name\" content=\"P\u00f3lis Recreio\" \/>\n<meta property=\"article:publisher\" content=\"https:\/\/www.facebook.com\/Site-P%c3%b3lis-Recreio-MG-181941708571019\/\" \/>\n<meta property=\"article:published_time\" content=\"2016-08-28T12:48:07+00:00\" \/>\n<meta property=\"og:image\" content=\"https:\/\/www.polisrecreio.com.br\/site\/wp-content\/uploads\/2016\/05\/DSCF5214.jpg\" \/>\n\t<meta property=\"og:image:width\" content=\"800\" \/>\n\t<meta property=\"og:image:height\" content=\"533\" \/>\n<meta name=\"twitter:card\" content=\"summary_large_image\" \/>\n<meta name=\"twitter:creator\" content=\"@PolisRecreio\" \/>\n<meta name=\"twitter:site\" content=\"@PolisRecreio\" \/>\n<meta name=\"twitter:label1\" content=\"Est. reading time\">\n\t<meta name=\"twitter:data1\" content=\"1 minuto\">\n<script type=\"application\/ld+json\" class=\"yoast-schema-graph\">{\"@context\":\"https:\/\/schema.org\",\"@graph\":[{\"@type\":\"WebSite\",\"@id\":\"https:\/\/www.polisrecreio.com.br\/site\/#website\",\"url\":\"https:\/\/www.polisrecreio.com.br\/site\/\",\"name\":\"P\\u00f3lis Recreio\",\"description\":\"\",\"potentialAction\":[{\"@type\":\"SearchAction\",\"target\":\"https:\/\/www.polisrecreio.com.br\/site\/?s={search_term_string}\",\"query-input\":\"required name=search_term_string\"}],\"inLanguage\":\"pt-BR\"},{\"@type\":\"ImageObject\",\"@id\":\"https:\/\/www.polisrecreio.com.br\/site\/2016\/08\/28\/festa-do-hospital-sao-sebastiao-acontece-de-9-a-11-de-setembro\/#primaryimage\",\"inLanguage\":\"pt-BR\",\"url\":\"https:\/\/www.polisrecreio.com.br\/site\/wp-content\/uploads\/2016\/05\/DSCF5214.jpg\",\"width\":800,\"height\":533},{\"@type\":\"WebPage\",\"@id\":\"https:\/\/www.polisrecreio.com.br\/site\/2016\/08\/28\/festa-do-hospital-sao-sebastiao-acontece-de-9-a-11-de-setembro\/#webpage\",\"url\":\"https:\/\/www.polisrecreio.com.br\/site\/2016\/08\/28\/festa-do-hospital-sao-sebastiao-acontece-de-9-a-11-de-setembro\/\",\"name\":\"Festa do Hospital S\\u00e3o Sebasti\\u00e3o acontece de 9 a 11 de setembro - P\\u00f3lis Recreio\",\"isPartOf\":{\"@id\":\"https:\/\/www.polisrecreio.com.br\/site\/#website\"},\"primaryImageOfPage\":{\"@id\":\"https:\/\/www.polisrecreio.com.br\/site\/2016\/08\/28\/festa-do-hospital-sao-sebastiao-acontece-de-9-a-11-de-setembro\/#primaryimage\"},\"datePublished\":\"2016-08-28T12:48:07+00:00\",\"dateModified\":\"2016-08-28T12:48:07+00:00\",\"author\":{\"@id\":\"https:\/\/www.polisrecreio.com.br\/site\/#\/schema\/person\/3363c1c78e1e28e1329d97adb387638e\"},\"inLanguage\":\"pt-BR\",\"potentialAction\":[{\"@type\":\"ReadAction\",\"target\":[\"https:\/\/www.polisrecreio.com.br\/site\/2016\/08\/28\/festa-do-hospital-sao-sebastiao-acontece-de-9-a-11-de-setembro\/\"]}]},{\"@type\":\"Person\",\"@id\":\"https:\/\/www.polisrecreio.com.br\/site\/#\/schema\/person\/3363c1c78e1e28e1329d97adb387638e\",\"name\":\"Leonardo Ribeiro\",\"image\":{\"@type\":\"ImageObject\",\"@id\":\"https:\/\/www.polisrecreio.com.br\/site\/#personlogo\",\"inLanguage\":\"pt-BR\",\"url\":\"https:\/\/secure.gravatar.com\/avatar\/6ba92a37d621e1a83e23710251178a12?s=96&d=mm&r=g\",\"caption\":\"Leonardo Ribeiro\"},\"sameAs\":[\"http:\/\/www.polisrecreio.com.br\"]}]}<\/script>\n<!-- \/ Yoast SEO plugin. -->","_links":{"self":[{"href":"https:\/\/www.polisrecreio.com.br\/site\/wp-json\/wp\/v2\/posts\/2776"}],"collection":[{"href":"https:\/\/www.polisrecreio.com.br\/site\/wp-json\/wp\/v2\/posts"}],"about":[{"href":"https:\/\/www.polisrecreio.com.br\/site\/wp-json\/wp\/v2\/types\/post"}],"author":[{"embeddable":true,"href":"https:\/\/www.polisrecreio.com.br\/site\/wp-json\/wp\/v2\/users\/3"}],"replies":[{"embeddable":true,"href":"https:\/\/www.polisrecreio.com.br\/site\/wp-json\/wp\/v2\/comments?post=2776"}],"version-history":[{"count":2,"href":"https:\/\/www.polisrecreio.com.br\/site\/wp-json\/wp\/v2\/posts\/2776\/revisions"}],"predecessor-version":[{"id":2779,"href":"https:\/\/www.polisrecreio.com.br\/site\/wp-json\/wp\/v2\/posts\/2776\/revisions\/2779"}],"wp:featuredmedia":[{"embeddable":true,"href":"https:\/\/www.polisrecreio.com.br\/site\/wp-json\/wp\/v2\/media\/1841"}],"wp:attachment":[{"href":"https:\/\/www.polisrecreio.com.br\/site\/wp-json\/wp\/v2\/media?parent=2776"}],"wp:term":[{"taxonomy":"category","embeddable":true,"href":"https:\/\/www.polisrecreio.com.br\/site\/wp-json\/wp\/v2\/categories?post=2776"},{"taxonomy":"post_tag","embeddable":true,"href":"https:\/\/www.polisrecreio.com.br\/site\/wp-json\/wp\/v2\/tags?post=2776"}],"curies":[{"name":"wp","href":"https:\/\/api.w.org\/{rel}","templated":true}]}}