{"id":2780,"date":"2016-08-28T21:00:59","date_gmt":"2016-08-29T00:00:59","guid":{"rendered":"http:\/\/www.polisrecreio.com.br\/site\/?p=2780"},"modified":"2016-08-28T21:56:36","modified_gmt":"2016-08-29T00:56:36","slug":"prefeitura-de-recreio-sofre-tentativa-de-furto-ao-caixa-eletronico","status":"publish","type":"post","link":"https:\/\/www.polisrecreio.com.br\/site\/2016\/08\/28\/prefeitura-de-recreio-sofre-tentativa-de-furto-ao-caixa-eletronico\/","title":{"rendered":"Prefeitura de Recreio sofre tentativa de furto ao caixa eletr\u00f4nico"},"content":{"rendered":"<p style=\"text-align: justify;\">Neste domingo (28), a sede da Prefeitura Municipal de Recreio, localizada \u00e0 Rua Prefeito Jos\u00e9 Ant\u00f4nio, no centro da cidade, pr\u00f3ximo ao destacamento da Pol\u00edcia Militar e a Delegacia de Pol\u00edcia, sofreu tentativa de furto a um caixa eletr\u00f4nico.<\/p>\n<p style=\"text-align: justify;\"><!--more--><\/p>\n<p style=\"text-align: justify;\"><a href=\"http:\/\/www.polisrecreio.com.br\/site\/wp-content\/uploads\/2016\/06\/prefeitura.jpg\"><img loading=\"lazy\" class=\"aligncenter size-full wp-image-2056\" src=\"http:\/\/www.polisrecreio.com.br\/site\/wp-content\/uploads\/2016\/06\/prefeitura.jpg\" alt=\"prefeitura\" width=\"800\" height=\"486\" srcset=\"https:\/\/www.polisrecreio.com.br\/site\/wp-content\/uploads\/2016\/06\/prefeitura.jpg 800w, https:\/\/www.polisrecreio.com.br\/site\/wp-content\/uploads\/2016\/06\/prefeitura-300x182.jpg 300w\" sizes=\"(max-width: 800px) 100vw, 800px\" \/><\/a><\/p>\n<p style=\"text-align: justify;\">Segundo informa\u00e7\u00f5es obtidas pelo Site P\u00f3lis, \u201cos gatunos adentraram pela Prefeitura ap\u00f3s arrombamento da janela dos fundos do pr\u00e9dio, que d\u00e1 acesso a secretaria municipal de administra\u00e7\u00e3o, em seguida abriram \u00e0 for\u00e7a outras duas portas at\u00e9 chegar ao caixa eletr\u00f4nico que fica no hall da sede e tentaram furtar o caixa eletr\u00f4nico da Caixa Econ\u00f4mica Federal, sem \u00eaxito e nenhum documento oficial foi furtado\u201d, informou o sargento da PM, Marco Ant\u00f4nio.<\/p>\n<p style=\"text-align: justify;\">De acordo com o militares, Marco Ant\u00f4nio e o soldado Linhares, que atenderam ao chamado, a tentativa de furto foi comunicada pela irm\u00e3 do prefeito Oninho, V\u00e2nia Fialho Miranda e Brum, ex-secret\u00e1ria de educa\u00e7\u00e3o e cultura, por volta de 15:30h.<\/p>\n<p>O servi\u00e7o da per\u00edcia t\u00e9cnica da Pol\u00edcia Civil foi desempenhado pelo perito H\u00e9lerson.<\/p>\n","protected":false},"excerpt":{"rendered":"<p>Neste domingo (28), a sede da Prefeitura Municipal de Recreio, localizada \u00e0 Rua Prefeito Jos\u00e9 Ant\u00f4nio, no centro da cidade, pr\u00f3ximo ao destacamento da Pol\u00edcia Militar e a Delegacia de Pol\u00edcia, sofreu tentativa de furto a um caixa eletr\u00f4nico.<\/p>\n","protected":false},"author":3,"featured_media":2056,"comment_status":"open","ping_status":"open","sticky":false,"template":"","format":"standard","meta":[],"categories":[6],"tags":[],"yoast_head":"<!-- This site is optimized with the Yoast SEO plugin v15.6.2 - https:\/\/yoast.com\/wordpress\/plugins\/seo\/ -->\n<meta name=\"robots\" content=\"index, follow, max-snippet:-1, max-image-preview:large, max-video-preview:-1\" \/>\n<link rel=\"canonical\" href=\"https:\/\/www.polisrecreio.com.br\/site\/2016\/08\/28\/prefeitura-de-recreio-sofre-tentativa-de-furto-ao-caixa-eletronico\/\" \/>\n<meta property=\"og:locale\" content=\"pt_BR\" \/>\n<meta property=\"og:type\" content=\"article\" \/>\n<meta property=\"og:title\" content=\"Prefeitura de Recreio sofre tentativa de furto ao caixa eletr\u00f4nico - P\u00f3lis Recreio\" \/>\n<meta property=\"og:description\" content=\"Neste domingo (28), a sede da Prefeitura Municipal de Recreio, localizada \u00e0 Rua Prefeito Jos\u00e9 Ant\u00f4nio, no centro da cidade, pr\u00f3ximo ao destacamento da Pol\u00edcia Militar e a Delegacia de Pol\u00edcia, sofreu tentativa de furto a um caixa eletr\u00f4nico.\" \/>\n<meta property=\"og:url\" content=\"https:\/\/www.polisrecreio.com.br\/site\/2016\/08\/28\/prefeitura-de-recreio-sofre-tentativa-de-furto-ao-caixa-eletronico\/\" \/>\n<meta property=\"og:site_name\" content=\"P\u00f3lis Recreio\" \/>\n<meta property=\"article:publisher\" content=\"https:\/\/www.facebook.com\/Site-P%c3%b3lis-Recreio-MG-181941708571019\/\" \/>\n<meta property=\"article:published_time\" content=\"2016-08-29T00:00:59+00:00\" \/>\n<meta property=\"article:modified_time\" content=\"2016-08-29T00:56:36+00:00\" \/>\n<meta property=\"og:image\" content=\"https:\/\/www.polisrecreio.com.br\/site\/wp-content\/uploads\/2016\/06\/prefeitura.jpg\" \/>\n\t<meta property=\"og:image:width\" content=\"800\" \/>\n\t<meta property=\"og:image:height\" content=\"486\" \/>\n<meta name=\"twitter:card\" content=\"summary_large_image\" \/>\n<meta name=\"twitter:creator\" content=\"@PolisRecreio\" \/>\n<meta name=\"twitter:site\" content=\"@PolisRecreio\" \/>\n<meta name=\"twitter:label1\" content=\"Est. reading time\">\n\t<meta name=\"twitter:data1\" content=\"1 minuto\">\n<script type=\"application\/ld+json\" class=\"yoast-schema-graph\">{\"@context\":\"https:\/\/schema.org\",\"@graph\":[{\"@type\":\"WebSite\",\"@id\":\"https:\/\/www.polisrecreio.com.br\/site\/#website\",\"url\":\"https:\/\/www.polisrecreio.com.br\/site\/\",\"name\":\"P\\u00f3lis Recreio\",\"description\":\"\",\"potentialAction\":[{\"@type\":\"SearchAction\",\"target\":\"https:\/\/www.polisrecreio.com.br\/site\/?s={search_term_string}\",\"query-input\":\"required name=search_term_string\"}],\"inLanguage\":\"pt-BR\"},{\"@type\":\"ImageObject\",\"@id\":\"https:\/\/www.polisrecreio.com.br\/site\/2016\/08\/28\/prefeitura-de-recreio-sofre-tentativa-de-furto-ao-caixa-eletronico\/#primaryimage\",\"inLanguage\":\"pt-BR\",\"url\":\"https:\/\/www.polisrecreio.com.br\/site\/wp-content\/uploads\/2016\/06\/prefeitura.jpg\",\"width\":800,\"height\":486},{\"@type\":\"WebPage\",\"@id\":\"https:\/\/www.polisrecreio.com.br\/site\/2016\/08\/28\/prefeitura-de-recreio-sofre-tentativa-de-furto-ao-caixa-eletronico\/#webpage\",\"url\":\"https:\/\/www.polisrecreio.com.br\/site\/2016\/08\/28\/prefeitura-de-recreio-sofre-tentativa-de-furto-ao-caixa-eletronico\/\",\"name\":\"Prefeitura de Recreio sofre tentativa de furto ao caixa eletr\\u00f4nico - P\\u00f3lis Recreio\",\"isPartOf\":{\"@id\":\"https:\/\/www.polisrecreio.com.br\/site\/#website\"},\"primaryImageOfPage\":{\"@id\":\"https:\/\/www.polisrecreio.com.br\/site\/2016\/08\/28\/prefeitura-de-recreio-sofre-tentativa-de-furto-ao-caixa-eletronico\/#primaryimage\"},\"datePublished\":\"2016-08-29T00:00:59+00:00\",\"dateModified\":\"2016-08-29T00:56:36+00:00\",\"author\":{\"@id\":\"https:\/\/www.polisrecreio.com.br\/site\/#\/schema\/person\/3363c1c78e1e28e1329d97adb387638e\"},\"inLanguage\":\"pt-BR\",\"potentialAction\":[{\"@type\":\"ReadAction\",\"target\":[\"https:\/\/www.polisrecreio.com.br\/site\/2016\/08\/28\/prefeitura-de-recreio-sofre-tentativa-de-furto-ao-caixa-eletronico\/\"]}]},{\"@type\":\"Person\",\"@id\":\"https:\/\/www.polisrecreio.com.br\/site\/#\/schema\/person\/3363c1c78e1e28e1329d97adb387638e\",\"name\":\"Leonardo Ribeiro\",\"image\":{\"@type\":\"ImageObject\",\"@id\":\"https:\/\/www.polisrecreio.com.br\/site\/#personlogo\",\"inLanguage\":\"pt-BR\",\"url\":\"https:\/\/secure.gravatar.com\/avatar\/6ba92a37d621e1a83e23710251178a12?s=96&d=mm&r=g\",\"caption\":\"Leonardo Ribeiro\"},\"sameAs\":[\"http:\/\/www.polisrecreio.com.br\"]}]}<\/script>\n<!-- \/ Yoast SEO plugin. -->","_links":{"self":[{"href":"https:\/\/www.polisrecreio.com.br\/site\/wp-json\/wp\/v2\/posts\/2780"}],"collection":[{"href":"https:\/\/www.polisrecreio.com.br\/site\/wp-json\/wp\/v2\/posts"}],"about":[{"href":"https:\/\/www.polisrecreio.com.br\/site\/wp-json\/wp\/v2\/types\/post"}],"author":[{"embeddable":true,"href":"https:\/\/www.polisrecreio.com.br\/site\/wp-json\/wp\/v2\/users\/3"}],"replies":[{"embeddable":true,"href":"https:\/\/www.polisrecreio.com.br\/site\/wp-json\/wp\/v2\/comments?post=2780"}],"version-history":[{"count":6,"href":"https:\/\/www.polisrecreio.com.br\/site\/wp-json\/wp\/v2\/posts\/2780\/revisions"}],"predecessor-version":[{"id":2786,"href":"https:\/\/www.polisrecreio.com.br\/site\/wp-json\/wp\/v2\/posts\/2780\/revisions\/2786"}],"wp:featuredmedia":[{"embeddable":true,"href":"https:\/\/www.polisrecreio.com.br\/site\/wp-json\/wp\/v2\/media\/2056"}],"wp:attachment":[{"href":"https:\/\/www.polisrecreio.com.br\/site\/wp-json\/wp\/v2\/media?parent=2780"}],"wp:term":[{"taxonomy":"category","embeddable":true,"href":"https:\/\/www.polisrecreio.com.br\/site\/wp-json\/wp\/v2\/categories?post=2780"},{"taxonomy":"post_tag","embeddable":true,"href":"https:\/\/www.polisrecreio.com.br\/site\/wp-json\/wp\/v2\/tags?post=2780"}],"curies":[{"name":"wp","href":"https:\/\/api.w.org\/{rel}","templated":true}]}}