{"id":27862,"date":"2025-03-28T07:53:10","date_gmt":"2025-03-28T10:53:10","guid":{"rendered":"http:\/\/www.polisrecreio.com.br\/site\/?p=27862"},"modified":"2025-03-28T07:53:10","modified_gmt":"2025-03-28T10:53:10","slug":"ideal-estreia-em-maio-na-copa-dos-campeoes-da-lec","status":"publish","type":"post","link":"https:\/\/www.polisrecreio.com.br\/site\/2025\/03\/28\/ideal-estreia-em-maio-na-copa-dos-campeoes-da-lec\/","title":{"rendered":"Ideal estreia em maio na Copa dos Campe\u00f5es da LEC"},"content":{"rendered":"<p style=\"text-align: justify;\">Um dos clubes mais tradicionais do futebol regional, o Ideal, estreia no dia 4 de maio na XI Copa dos Campe\u00f5es da Liga Esportiva de Cataguases, no Est\u00e1dio Alcides Campos (Vila), contra o Volta Grande.<\/p>\n<p><!--more--><\/p>\n<p><a href=\"http:\/\/www.polisrecreio.com.br\/site\/wp-content\/uploads\/2022\/05\/ideal2.jpg\"><img loading=\"lazy\" class=\"aligncenter size-full wp-image-23447\" src=\"http:\/\/www.polisrecreio.com.br\/site\/wp-content\/uploads\/2022\/05\/ideal2.jpg\" alt=\"\" width=\"750\" height=\"475\" srcset=\"https:\/\/www.polisrecreio.com.br\/site\/wp-content\/uploads\/2022\/05\/ideal2.jpg 750w, https:\/\/www.polisrecreio.com.br\/site\/wp-content\/uploads\/2022\/05\/ideal2-300x190.jpg 300w\" sizes=\"(max-width: 750px) 100vw, 750px\" \/><\/a><\/p>\n<p style=\"text-align: justify;\">O Azul\u00e3o est\u00e1 no grupo B junto com Volta Grande, S.P.R (Pirapetinga) e Nacional (Palma).<\/p>\n<p style=\"text-align: justify;\">Confira os outros grupos:<\/p>\n<p style=\"text-align: justify;\">Grupo A: Ribeiro Junqueira (Leopoldina), Oper\u00e1rio (Cataguases), Laranjal e Democrata (Santana de Cataguases);<\/p>\n<p style=\"text-align: justify;\">Grupo C: Bonsucesso (Ub\u00e1), Boa Esperan\u00e7a (Rodeiro), Cruzado (Ub\u00e1) e N\u00facleo (S\u00e3o Jo\u00e3o Nepomuceno).<\/p>\n<p><strong>Campe\u00f5es da Copa dos Campe\u00f5es da LEC<\/strong><\/p>\n<ul>\n<li>2013: Independente (Campestre);<\/li>\n<li>2014: Ribeiro Junqueira (Leopoldina);<\/li>\n<li>2015: Esporte de Laranjal;<\/li>\n<li>2016: Esporte de Mira\u00ed;<\/li>\n<li>2017: Esporte de Laranjal;<\/li>\n<li>2018: Ideal E.C (Recreio);<\/li>\n<li>2019: Recreio E.C (Recreio);<\/li>\n<li>2022: Bonsucesso (Ub\u00e1);<\/li>\n<li>2023: Ribeiro Junqueira (Leopoldina);<\/li>\n<li>2024: Dona Euz\u00e9bia.<\/li>\n<\/ul>\n","protected":false},"excerpt":{"rendered":"<p>Um dos clubes mais tradicionais do futebol regional, o Ideal, estreia no dia 4 de maio na XI Copa dos Campe\u00f5es da Liga Esportiva de Cataguases, no Est\u00e1dio Alcides Campos (Vila), contra o Volta Grande.<\/p>\n","protected":false},"author":3,"featured_media":0,"comment_status":"open","ping_status":"open","sticky":false,"template":"","format":"standard","meta":[],"categories":[4],"tags":[],"yoast_head":"<!-- This site is optimized with the Yoast SEO plugin v15.6.2 - https:\/\/yoast.com\/wordpress\/plugins\/seo\/ -->\n<meta name=\"robots\" content=\"index, follow, max-snippet:-1, max-image-preview:large, max-video-preview:-1\" \/>\n<link rel=\"canonical\" href=\"http:\/\/www.polisrecreio.com.br\/site\/2025\/03\/28\/ideal-estreia-em-maio-na-copa-dos-campeoes-da-lec\/\" \/>\n<meta property=\"og:locale\" content=\"pt_BR\" \/>\n<meta property=\"og:type\" content=\"article\" \/>\n<meta property=\"og:title\" content=\"Ideal estreia em maio na Copa dos Campe\u00f5es da LEC - P\u00f3lis Recreio\" \/>\n<meta property=\"og:description\" content=\"Um dos clubes mais tradicionais do futebol regional, o Ideal, estreia no dia 4 de maio na XI Copa dos Campe\u00f5es da Liga Esportiva de Cataguases, no Est\u00e1dio Alcides Campos (Vila), contra o Volta Grande.\" \/>\n<meta property=\"og:url\" content=\"http:\/\/www.polisrecreio.com.br\/site\/2025\/03\/28\/ideal-estreia-em-maio-na-copa-dos-campeoes-da-lec\/\" \/>\n<meta property=\"og:site_name\" content=\"P\u00f3lis Recreio\" \/>\n<meta property=\"article:publisher\" content=\"https:\/\/www.facebook.com\/Site-P%c3%b3lis-Recreio-MG-181941708571019\/\" \/>\n<meta property=\"article:published_time\" content=\"2025-03-28T10:53:10+00:00\" \/>\n<meta property=\"og:image\" content=\"http:\/\/www.polisrecreio.com.br\/site\/wp-content\/uploads\/2022\/05\/ideal2.jpg\" \/>\n<meta name=\"twitter:card\" content=\"summary_large_image\" \/>\n<meta name=\"twitter:creator\" content=\"@PolisRecreio\" \/>\n<meta name=\"twitter:site\" content=\"@PolisRecreio\" \/>\n<meta name=\"twitter:label1\" content=\"Est. reading time\">\n\t<meta name=\"twitter:data1\" content=\"1 minuto\">\n<script type=\"application\/ld+json\" class=\"yoast-schema-graph\">{\"@context\":\"https:\/\/schema.org\",\"@graph\":[{\"@type\":\"WebSite\",\"@id\":\"https:\/\/www.polisrecreio.com.br\/site\/#website\",\"url\":\"https:\/\/www.polisrecreio.com.br\/site\/\",\"name\":\"P\\u00f3lis Recreio\",\"description\":\"\",\"potentialAction\":[{\"@type\":\"SearchAction\",\"target\":\"https:\/\/www.polisrecreio.com.br\/site\/?s={search_term_string}\",\"query-input\":\"required name=search_term_string\"}],\"inLanguage\":\"pt-BR\"},{\"@type\":\"ImageObject\",\"@id\":\"http:\/\/www.polisrecreio.com.br\/site\/2025\/03\/28\/ideal-estreia-em-maio-na-copa-dos-campeoes-da-lec\/#primaryimage\",\"inLanguage\":\"pt-BR\",\"url\":\"http:\/\/www.polisrecreio.com.br\/site\/wp-content\/uploads\/2022\/05\/ideal2.jpg\"},{\"@type\":\"WebPage\",\"@id\":\"http:\/\/www.polisrecreio.com.br\/site\/2025\/03\/28\/ideal-estreia-em-maio-na-copa-dos-campeoes-da-lec\/#webpage\",\"url\":\"http:\/\/www.polisrecreio.com.br\/site\/2025\/03\/28\/ideal-estreia-em-maio-na-copa-dos-campeoes-da-lec\/\",\"name\":\"Ideal estreia em maio na Copa dos Campe\\u00f5es da LEC - P\\u00f3lis Recreio\",\"isPartOf\":{\"@id\":\"https:\/\/www.polisrecreio.com.br\/site\/#website\"},\"primaryImageOfPage\":{\"@id\":\"http:\/\/www.polisrecreio.com.br\/site\/2025\/03\/28\/ideal-estreia-em-maio-na-copa-dos-campeoes-da-lec\/#primaryimage\"},\"datePublished\":\"2025-03-28T10:53:10+00:00\",\"dateModified\":\"2025-03-28T10:53:10+00:00\",\"author\":{\"@id\":\"https:\/\/www.polisrecreio.com.br\/site\/#\/schema\/person\/3363c1c78e1e28e1329d97adb387638e\"},\"inLanguage\":\"pt-BR\",\"potentialAction\":[{\"@type\":\"ReadAction\",\"target\":[\"http:\/\/www.polisrecreio.com.br\/site\/2025\/03\/28\/ideal-estreia-em-maio-na-copa-dos-campeoes-da-lec\/\"]}]},{\"@type\":\"Person\",\"@id\":\"https:\/\/www.polisrecreio.com.br\/site\/#\/schema\/person\/3363c1c78e1e28e1329d97adb387638e\",\"name\":\"Leonardo Ribeiro\",\"image\":{\"@type\":\"ImageObject\",\"@id\":\"https:\/\/www.polisrecreio.com.br\/site\/#personlogo\",\"inLanguage\":\"pt-BR\",\"url\":\"https:\/\/secure.gravatar.com\/avatar\/6ba92a37d621e1a83e23710251178a12?s=96&d=mm&r=g\",\"caption\":\"Leonardo Ribeiro\"},\"sameAs\":[\"http:\/\/www.polisrecreio.com.br\"]}]}<\/script>\n<!-- \/ Yoast SEO plugin. -->","_links":{"self":[{"href":"https:\/\/www.polisrecreio.com.br\/site\/wp-json\/wp\/v2\/posts\/27862"}],"collection":[{"href":"https:\/\/www.polisrecreio.com.br\/site\/wp-json\/wp\/v2\/posts"}],"about":[{"href":"https:\/\/www.polisrecreio.com.br\/site\/wp-json\/wp\/v2\/types\/post"}],"author":[{"embeddable":true,"href":"https:\/\/www.polisrecreio.com.br\/site\/wp-json\/wp\/v2\/users\/3"}],"replies":[{"embeddable":true,"href":"https:\/\/www.polisrecreio.com.br\/site\/wp-json\/wp\/v2\/comments?post=27862"}],"version-history":[{"count":1,"href":"https:\/\/www.polisrecreio.com.br\/site\/wp-json\/wp\/v2\/posts\/27862\/revisions"}],"predecessor-version":[{"id":27863,"href":"https:\/\/www.polisrecreio.com.br\/site\/wp-json\/wp\/v2\/posts\/27862\/revisions\/27863"}],"wp:attachment":[{"href":"https:\/\/www.polisrecreio.com.br\/site\/wp-json\/wp\/v2\/media?parent=27862"}],"wp:term":[{"taxonomy":"category","embeddable":true,"href":"https:\/\/www.polisrecreio.com.br\/site\/wp-json\/wp\/v2\/categories?post=27862"},{"taxonomy":"post_tag","embeddable":true,"href":"https:\/\/www.polisrecreio.com.br\/site\/wp-json\/wp\/v2\/tags?post=27862"}],"curies":[{"name":"wp","href":"https:\/\/api.w.org\/{rel}","templated":true}]}}