{"id":27865,"date":"2025-04-03T17:14:58","date_gmt":"2025-04-03T20:14:58","guid":{"rendered":"http:\/\/www.polisrecreio.com.br\/site\/?p=27865"},"modified":"2025-04-03T17:14:58","modified_gmt":"2025-04-03T20:14:58","slug":"perito-criminal-da-policia-civil-vai-fazer-palestra-na-e-e-olavo-bilac","status":"publish","type":"post","link":"https:\/\/www.polisrecreio.com.br\/site\/2025\/04\/03\/perito-criminal-da-policia-civil-vai-fazer-palestra-na-e-e-olavo-bilac\/","title":{"rendered":"Perito criminal da Pol\u00edcia Civil vai fazer palestra na E.E. Olavo Bilac"},"content":{"rendered":"<p style=\"text-align: justify;\">O perito criminal da Pol\u00edcia Civil de Minas Gerais, Bruno de Ara\u00fajo Faria, vai fazer uma palestra na E.E. Olavo Bilac, em Recreio, na pr\u00f3xima quarta-feira (9), com o tema \u201cAfinal, o que \u00e9 um perito criminal faz?\u201d.<\/p>\n<p><!--more--><\/p>\n<p><a href=\"http:\/\/www.polisrecreio.com.br\/site\/wp-content\/uploads\/2025\/04\/Acompanhado.jpg\"><img loading=\"lazy\" class=\"aligncenter size-full wp-image-27866\" src=\"http:\/\/www.polisrecreio.com.br\/site\/wp-content\/uploads\/2025\/04\/Acompanhado.jpg\" alt=\"\" width=\"750\" height=\"500\" srcset=\"https:\/\/www.polisrecreio.com.br\/site\/wp-content\/uploads\/2025\/04\/Acompanhado.jpg 750w, https:\/\/www.polisrecreio.com.br\/site\/wp-content\/uploads\/2025\/04\/Acompanhado-300x200.jpg 300w\" sizes=\"(max-width: 750px) 100vw, 750px\" \/><\/a><\/p>\n<p style=\"text-align: justify;\">Bruno \u00e9 recreiense, ex-aluno da E.E. Olavo Bilac. Ele mora em Juiz de Fora e trabalha naquele Munic\u00edpio h\u00e1 16 anos.<\/p>\n<p style=\"text-align: justify;\">A palestra acontecer\u00e1 em dois hor\u00e1rios: 10:30h e 16h.<\/p>\n<p><a href=\"http:\/\/www.polisrecreio.com.br\/site\/wp-content\/uploads\/2025\/04\/WhatsApp-Image-2025-03-25-at-13.47.22.jpeg\"><img loading=\"lazy\" class=\"aligncenter size-full wp-image-27867\" src=\"http:\/\/www.polisrecreio.com.br\/site\/wp-content\/uploads\/2025\/04\/WhatsApp-Image-2025-03-25-at-13.47.22.jpeg\" alt=\"\" width=\"1600\" height=\"1600\" srcset=\"https:\/\/www.polisrecreio.com.br\/site\/wp-content\/uploads\/2025\/04\/WhatsApp-Image-2025-03-25-at-13.47.22.jpeg 1600w, https:\/\/www.polisrecreio.com.br\/site\/wp-content\/uploads\/2025\/04\/WhatsApp-Image-2025-03-25-at-13.47.22-300x300.jpeg 300w, https:\/\/www.polisrecreio.com.br\/site\/wp-content\/uploads\/2025\/04\/WhatsApp-Image-2025-03-25-at-13.47.22-1024x1024.jpeg 1024w, https:\/\/www.polisrecreio.com.br\/site\/wp-content\/uploads\/2025\/04\/WhatsApp-Image-2025-03-25-at-13.47.22-150x150.jpeg 150w, https:\/\/www.polisrecreio.com.br\/site\/wp-content\/uploads\/2025\/04\/WhatsApp-Image-2025-03-25-at-13.47.22-768x768.jpeg 768w, https:\/\/www.polisrecreio.com.br\/site\/wp-content\/uploads\/2025\/04\/WhatsApp-Image-2025-03-25-at-13.47.22-1536x1536.jpeg 1536w\" sizes=\"(max-width: 1600px) 100vw, 1600px\" \/><\/a><\/p>\n","protected":false},"excerpt":{"rendered":"<p>O perito criminal da Pol\u00edcia Civil de Minas Gerais, Bruno de Ara\u00fajo Faria, vai fazer uma palestra na E.E. Olavo Bilac, em Recreio, na pr\u00f3xima quarta-feira (9), com o tema \u201cAfinal, o que \u00e9 um perito criminal faz?\u201d.<\/p>\n","protected":false},"author":3,"featured_media":0,"comment_status":"open","ping_status":"open","sticky":false,"template":"","format":"standard","meta":[],"categories":[9],"tags":[],"yoast_head":"<!-- This site is optimized with the Yoast SEO plugin v15.6.2 - https:\/\/yoast.com\/wordpress\/plugins\/seo\/ -->\n<meta name=\"robots\" content=\"index, follow, max-snippet:-1, max-image-preview:large, max-video-preview:-1\" \/>\n<link rel=\"canonical\" href=\"http:\/\/www.polisrecreio.com.br\/site\/2025\/04\/03\/perito-criminal-da-policia-civil-vai-fazer-palestra-na-e-e-olavo-bilac\/\" \/>\n<meta property=\"og:locale\" content=\"pt_BR\" \/>\n<meta property=\"og:type\" content=\"article\" \/>\n<meta property=\"og:title\" content=\"Perito criminal da Pol\u00edcia Civil vai fazer palestra na E.E. Olavo Bilac - P\u00f3lis Recreio\" \/>\n<meta property=\"og:description\" content=\"O perito criminal da Pol\u00edcia Civil de Minas Gerais, Bruno de Ara\u00fajo Faria, vai fazer uma palestra na E.E. Olavo Bilac, em Recreio, na pr\u00f3xima quarta-feira (9), com o tema \u201cAfinal, o que \u00e9 um perito criminal faz?\u201d.\" \/>\n<meta property=\"og:url\" content=\"http:\/\/www.polisrecreio.com.br\/site\/2025\/04\/03\/perito-criminal-da-policia-civil-vai-fazer-palestra-na-e-e-olavo-bilac\/\" \/>\n<meta property=\"og:site_name\" content=\"P\u00f3lis Recreio\" \/>\n<meta property=\"article:publisher\" content=\"https:\/\/www.facebook.com\/Site-P%c3%b3lis-Recreio-MG-181941708571019\/\" \/>\n<meta property=\"article:published_time\" content=\"2025-04-03T20:14:58+00:00\" \/>\n<meta property=\"og:image\" content=\"http:\/\/www.polisrecreio.com.br\/site\/wp-content\/uploads\/2025\/04\/Acompanhado.jpg\" \/>\n<meta name=\"twitter:card\" content=\"summary_large_image\" \/>\n<meta name=\"twitter:creator\" content=\"@PolisRecreio\" \/>\n<meta name=\"twitter:site\" content=\"@PolisRecreio\" \/>\n<meta name=\"twitter:label1\" content=\"Est. reading time\">\n\t<meta name=\"twitter:data1\" content=\"1 minuto\">\n<script type=\"application\/ld+json\" class=\"yoast-schema-graph\">{\"@context\":\"https:\/\/schema.org\",\"@graph\":[{\"@type\":\"WebSite\",\"@id\":\"https:\/\/www.polisrecreio.com.br\/site\/#website\",\"url\":\"https:\/\/www.polisrecreio.com.br\/site\/\",\"name\":\"P\\u00f3lis Recreio\",\"description\":\"\",\"potentialAction\":[{\"@type\":\"SearchAction\",\"target\":\"https:\/\/www.polisrecreio.com.br\/site\/?s={search_term_string}\",\"query-input\":\"required name=search_term_string\"}],\"inLanguage\":\"pt-BR\"},{\"@type\":\"ImageObject\",\"@id\":\"http:\/\/www.polisrecreio.com.br\/site\/2025\/04\/03\/perito-criminal-da-policia-civil-vai-fazer-palestra-na-e-e-olavo-bilac\/#primaryimage\",\"inLanguage\":\"pt-BR\",\"url\":\"http:\/\/www.polisrecreio.com.br\/site\/wp-content\/uploads\/2025\/04\/Acompanhado.jpg\"},{\"@type\":\"WebPage\",\"@id\":\"http:\/\/www.polisrecreio.com.br\/site\/2025\/04\/03\/perito-criminal-da-policia-civil-vai-fazer-palestra-na-e-e-olavo-bilac\/#webpage\",\"url\":\"http:\/\/www.polisrecreio.com.br\/site\/2025\/04\/03\/perito-criminal-da-policia-civil-vai-fazer-palestra-na-e-e-olavo-bilac\/\",\"name\":\"Perito criminal da Pol\\u00edcia Civil vai fazer palestra na E.E. Olavo Bilac - P\\u00f3lis Recreio\",\"isPartOf\":{\"@id\":\"https:\/\/www.polisrecreio.com.br\/site\/#website\"},\"primaryImageOfPage\":{\"@id\":\"http:\/\/www.polisrecreio.com.br\/site\/2025\/04\/03\/perito-criminal-da-policia-civil-vai-fazer-palestra-na-e-e-olavo-bilac\/#primaryimage\"},\"datePublished\":\"2025-04-03T20:14:58+00:00\",\"dateModified\":\"2025-04-03T20:14:58+00:00\",\"author\":{\"@id\":\"https:\/\/www.polisrecreio.com.br\/site\/#\/schema\/person\/3363c1c78e1e28e1329d97adb387638e\"},\"inLanguage\":\"pt-BR\",\"potentialAction\":[{\"@type\":\"ReadAction\",\"target\":[\"http:\/\/www.polisrecreio.com.br\/site\/2025\/04\/03\/perito-criminal-da-policia-civil-vai-fazer-palestra-na-e-e-olavo-bilac\/\"]}]},{\"@type\":\"Person\",\"@id\":\"https:\/\/www.polisrecreio.com.br\/site\/#\/schema\/person\/3363c1c78e1e28e1329d97adb387638e\",\"name\":\"Leonardo Ribeiro\",\"image\":{\"@type\":\"ImageObject\",\"@id\":\"https:\/\/www.polisrecreio.com.br\/site\/#personlogo\",\"inLanguage\":\"pt-BR\",\"url\":\"https:\/\/secure.gravatar.com\/avatar\/6ba92a37d621e1a83e23710251178a12?s=96&d=mm&r=g\",\"caption\":\"Leonardo Ribeiro\"},\"sameAs\":[\"http:\/\/www.polisrecreio.com.br\"]}]}<\/script>\n<!-- \/ Yoast SEO plugin. -->","_links":{"self":[{"href":"https:\/\/www.polisrecreio.com.br\/site\/wp-json\/wp\/v2\/posts\/27865"}],"collection":[{"href":"https:\/\/www.polisrecreio.com.br\/site\/wp-json\/wp\/v2\/posts"}],"about":[{"href":"https:\/\/www.polisrecreio.com.br\/site\/wp-json\/wp\/v2\/types\/post"}],"author":[{"embeddable":true,"href":"https:\/\/www.polisrecreio.com.br\/site\/wp-json\/wp\/v2\/users\/3"}],"replies":[{"embeddable":true,"href":"https:\/\/www.polisrecreio.com.br\/site\/wp-json\/wp\/v2\/comments?post=27865"}],"version-history":[{"count":1,"href":"https:\/\/www.polisrecreio.com.br\/site\/wp-json\/wp\/v2\/posts\/27865\/revisions"}],"predecessor-version":[{"id":27870,"href":"https:\/\/www.polisrecreio.com.br\/site\/wp-json\/wp\/v2\/posts\/27865\/revisions\/27870"}],"wp:attachment":[{"href":"https:\/\/www.polisrecreio.com.br\/site\/wp-json\/wp\/v2\/media?parent=27865"}],"wp:term":[{"taxonomy":"category","embeddable":true,"href":"https:\/\/www.polisrecreio.com.br\/site\/wp-json\/wp\/v2\/categories?post=27865"},{"taxonomy":"post_tag","embeddable":true,"href":"https:\/\/www.polisrecreio.com.br\/site\/wp-json\/wp\/v2\/tags?post=27865"}],"curies":[{"name":"wp","href":"https:\/\/api.w.org\/{rel}","templated":true}]}}