{"id":27871,"date":"2025-04-08T08:26:19","date_gmt":"2025-04-08T11:26:19","guid":{"rendered":"http:\/\/www.polisrecreio.com.br\/site\/?p=27871"},"modified":"2025-04-08T08:26:19","modified_gmt":"2025-04-08T11:26:19","slug":"daniel-goncalves-de-recreio-pai-atipico-e-tambem-autista-se-veste-de-super-heroi-para-aumentar-a-conscientizacao-sobre-o-autismo-ele-foi-destaque-no-g1","status":"publish","type":"post","link":"https:\/\/www.polisrecreio.com.br\/site\/2025\/04\/08\/daniel-goncalves-de-recreio-pai-atipico-e-tambem-autista-se-veste-de-super-heroi-para-aumentar-a-conscientizacao-sobre-o-autismo-ele-foi-destaque-no-g1\/","title":{"rendered":"Daniel Gon\u00e7alves, de Recreio, pai at\u00edpico e tamb\u00e9m autista, se veste de super-her\u00f3i para aumentar a conscientiza\u00e7\u00e3o sobre o autismo; ele foi destaque no g1"},"content":{"rendered":"<p style=\"text-align: justify;\">Nas hist\u00f3rias em quadrinhos, o Capit\u00e3o Am\u00e9rica enfrenta vil\u00f5es para salvar o mundo. Na vida real, Daniel Gon\u00e7alves, de 45 anos, de Recreio, veste a mesma fantasia, por\u00e9m, com um prop\u00f3sito diferente:\u00a0levar informa\u00e7\u00e3o e empatia sobre o Transtorno do Espectro Autista (TEA). A motiva\u00e7\u00e3o veio com o diagn\u00f3stico do filho, que tem TEA grau 3 &#8211; quando se tem maior necessidade de apoio &#8211; e o dele pr\u00f3prio, que ao se ver cada vez mais no menino, descobriu que tamb\u00e9m \u00e9 autista. A hist\u00f3ria foi destaque no g1 neste m\u00eas de Conscientiza\u00e7\u00e3o sobre o Autismo.<\/p>\n<p><!--more--><\/p>\n<p><a href=\"http:\/\/www.polisrecreio.com.br\/site\/wp-content\/uploads\/2025\/04\/Acompanhado-1.jpg\"><img loading=\"lazy\" class=\"aligncenter size-full wp-image-27872\" src=\"http:\/\/www.polisrecreio.com.br\/site\/wp-content\/uploads\/2025\/04\/Acompanhado-1.jpg\" alt=\"\" width=\"750\" height=\"500\" srcset=\"https:\/\/www.polisrecreio.com.br\/site\/wp-content\/uploads\/2025\/04\/Acompanhado-1.jpg 750w, https:\/\/www.polisrecreio.com.br\/site\/wp-content\/uploads\/2025\/04\/Acompanhado-1-300x200.jpg 300w\" sizes=\"(max-width: 750px) 100vw, 750px\" \/><\/a><\/p>\n<p style=\"text-align: justify;\">Ben\u00edcio Faria Moreira Gon\u00e7alves, hoje com 8 anos, foi diagnosticado com autismo aos 5 anos. Desde ent\u00e3o, Daniel decidiu vestir a fantasia de Capit\u00e3o Am\u00e9rica, para visitar escolas, hospitais e pra\u00e7as p\u00fablicas, sempre promovendo a inclus\u00e3o.<\/p>\n<p style=\"text-align: justify;\">O trabalho volunt\u00e1rio se transformou em uma verdadeira hist\u00f3ria de super-her\u00f3i para as crian\u00e7as, m\u00e3es, pais e para a sociedade. Ele tamb\u00e9m destaca a liga\u00e7\u00e3o especial que compartilha com as crian\u00e7as.<\/p>\n<p style=\"text-align: justify;\">A fam\u00edlia (Daniel, Isabela e Ben\u00edcio) mora em Juiz de Fora e rotineiramente vem a Recreio.<\/p>\n<p><a href=\"http:\/\/www.polisrecreio.com.br\/site\/wp-content\/uploads\/2025\/04\/Acompanhado-1-1.jpg\"><img loading=\"lazy\" class=\"aligncenter size-full wp-image-27873\" src=\"http:\/\/www.polisrecreio.com.br\/site\/wp-content\/uploads\/2025\/04\/Acompanhado-1-1.jpg\" alt=\"\" width=\"750\" height=\"500\" srcset=\"https:\/\/www.polisrecreio.com.br\/site\/wp-content\/uploads\/2025\/04\/Acompanhado-1-1.jpg 750w, https:\/\/www.polisrecreio.com.br\/site\/wp-content\/uploads\/2025\/04\/Acompanhado-1-1-300x200.jpg 300w\" sizes=\"(max-width: 750px) 100vw, 750px\" \/><\/a><\/p>\n<p><strong>Sinais e a busca do diagn\u00f3stico<\/strong><\/p>\n<p style=\"text-align: justify;\">Segundo Daniel, a fam\u00edlia ficou em alerta quando percebeu que Ben\u00edcio\u00a0n\u00e3o fazia contato visual\u00a0e come\u00e7ou a\u00a0perder habilidades que j\u00e1 tinha desenvolvido\u00a0at\u00e9 os dois anos.<\/p>\n<p style=\"text-align: justify;\">A m\u00e3e de Ben\u00edcio, Isabela Faria, advogada de 42 anos, tamb\u00e9m notou outros sinais, como o\u00a0desinteresse em brincar com outras crian\u00e7as, sensibilidade auditiva e movimentos repetitivos\u00a0com as m\u00e3os, conhecidos como &#8216;flapping&#8217; \u2014 uma forma de autoestimula\u00e7\u00e3o usada para regular emo\u00e7\u00f5es ou sensa\u00e7\u00f5es como excita\u00e7\u00e3o ou ansiedade<\/p>\n<p style=\"text-align: justify;\">Em busca do diagn\u00f3stico, a fam\u00edlia teve conhecimento de uma m\u00e9dica especializada que atendia em\u00a0Itaipava (RJ)\u00a0e ap\u00f3s 6 meses de espera pela consulta, tiveram a confirma\u00e7\u00e3o.<\/p>\n<p style=\"text-align: justify;\">&#8220;Tivemos um certo al\u00edvio, pois nos deu um certo caminho. Mas \u00e9 claro que tamb\u00e9m foi assustador, j\u00e1 que o mundo do TEA \u00e9 complexo e surgiram d\u00favidas sobre o que fazer dali em diante. O que nos preocupa at\u00e9 hoje n\u00e3o \u00e9 o autismo em si, mas sim as estrat\u00e9gias de tratamento, considerando os comportamentos e habilidades que ele tem e os que ainda precisa desenvolver.&#8221;<\/p>\n<p style=\"text-align: justify;\">Em casa, os pais refor\u00e7am que\u00a0paci\u00eancia, tranquilidade e amor\u00a0s\u00e3o essenciais para lidar com os desafios di\u00e1rios.<\/p>\n<p><strong>O autismo no pai<\/strong><\/p>\n<p style=\"text-align: justify;\">J\u00e1 o diagn\u00f3stico de Daniel, que \u00e9 autista grau 1, veio na idade adulta. De acordo com ele, desde mais novo lida com\u00a0mudan\u00e7as de humor, seletividade alimentar e dificuldades de estudo. Com o tempo, come\u00e7ou a perceber que alguns dos comportamentos do filho eram parecidos com os dele.<\/p>\n<p style=\"text-align: justify;\">A busca pelo diagn\u00f3stico, no entanto, n\u00e3o foi f\u00e1cil. Ele tamb\u00e9m teve que sair de Juiz de Fora e procurar especialistas em outra cidade, j\u00e1 que o atendimento para adultos com autismo \u00e9 escasso.<\/p>\n<p style=\"text-align: justify;\"><strong>&#8216;A inclus\u00e3o precisa ser o ano inteiro&#8217;<\/strong><\/p>\n<p style=\"text-align: justify;\">Durante a entrevista, a fam\u00edlia ressaltou que a rotina \u00e9 desafiadora e n\u00e3o deve ser romantizada, da\u00ed a import\u00e2ncia de falar sobre inclus\u00e3o e coloc\u00e1-la em pr\u00e1tica diariamente.<\/p>\n<p style=\"text-align: justify;\">Ele tamb\u00e9m destaca a falta de recursos essenciais, como centros de terapia, campanhas de conscientiza\u00e7\u00e3o e escolas inclusivas.<\/p>\n<p><em>Com informa\u00e7\u00f5es:<a href=\"https:\/\/g1.globo.com\/mg\/zona-da-mata\/noticia\/2025\/04\/08\/apos-diagnostico-do-filho-pai-descobre-que-tambem-e-autista-e-se-veste-de-super-heroi-para-aumentar-a-conscientizacao-sobre-o-autismo.ghtml\" target=\"_blank\" rel=\"noopener noreferrer\"> g1 Zona da Mata.<\/a><\/em><\/p>\n<p>&nbsp;<\/p>\n","protected":false},"excerpt":{"rendered":"<p>Nas hist\u00f3rias em quadrinhos, o Capit\u00e3o Am\u00e9rica enfrenta vil\u00f5es para salvar o mundo. Na vida real, Daniel Gon\u00e7alves, de 45 anos, de Recreio, veste a mesma fantasia, por\u00e9m, com um prop\u00f3sito diferente:\u00a0levar informa\u00e7\u00e3o e empatia sobre o Transtorno do Espectro Autista (TEA). A motiva\u00e7\u00e3o veio com o diagn\u00f3stico do filho, que tem TEA grau 3 [&hellip;]<\/p>\n","protected":false},"author":3,"featured_media":0,"comment_status":"open","ping_status":"open","sticky":false,"template":"","format":"standard","meta":[],"categories":[5],"tags":[],"yoast_head":"<!-- This site is optimized with the Yoast SEO plugin v15.6.2 - https:\/\/yoast.com\/wordpress\/plugins\/seo\/ -->\n<meta name=\"robots\" content=\"index, follow, max-snippet:-1, max-image-preview:large, max-video-preview:-1\" \/>\n<link rel=\"canonical\" href=\"http:\/\/www.polisrecreio.com.br\/site\/2025\/04\/08\/daniel-goncalves-de-recreio-pai-atipico-e-tambem-autista-se-veste-de-super-heroi-para-aumentar-a-conscientizacao-sobre-o-autismo-ele-foi-destaque-no-g1\/\" \/>\n<meta property=\"og:locale\" content=\"pt_BR\" \/>\n<meta property=\"og:type\" content=\"article\" \/>\n<meta property=\"og:title\" content=\"Daniel Gon\u00e7alves, de Recreio, pai at\u00edpico e tamb\u00e9m autista, se veste de super-her\u00f3i para aumentar a conscientiza\u00e7\u00e3o sobre o autismo; ele foi destaque no g1 - P\u00f3lis Recreio\" \/>\n<meta property=\"og:description\" content=\"Nas hist\u00f3rias em quadrinhos, o Capit\u00e3o Am\u00e9rica enfrenta vil\u00f5es para salvar o mundo. Na vida real, Daniel Gon\u00e7alves, de 45 anos, de Recreio, veste a mesma fantasia, por\u00e9m, com um prop\u00f3sito diferente:\u00a0levar informa\u00e7\u00e3o e empatia sobre o Transtorno do Espectro Autista (TEA). A motiva\u00e7\u00e3o veio com o diagn\u00f3stico do filho, que tem TEA grau 3 [&hellip;]\" \/>\n<meta property=\"og:url\" content=\"http:\/\/www.polisrecreio.com.br\/site\/2025\/04\/08\/daniel-goncalves-de-recreio-pai-atipico-e-tambem-autista-se-veste-de-super-heroi-para-aumentar-a-conscientizacao-sobre-o-autismo-ele-foi-destaque-no-g1\/\" \/>\n<meta property=\"og:site_name\" content=\"P\u00f3lis Recreio\" \/>\n<meta property=\"article:publisher\" content=\"https:\/\/www.facebook.com\/Site-P%c3%b3lis-Recreio-MG-181941708571019\/\" \/>\n<meta property=\"article:published_time\" content=\"2025-04-08T11:26:19+00:00\" \/>\n<meta property=\"og:image\" content=\"http:\/\/www.polisrecreio.com.br\/site\/wp-content\/uploads\/2025\/04\/Acompanhado-1.jpg\" \/>\n<meta name=\"twitter:card\" content=\"summary_large_image\" \/>\n<meta name=\"twitter:creator\" content=\"@PolisRecreio\" \/>\n<meta name=\"twitter:site\" content=\"@PolisRecreio\" \/>\n<meta name=\"twitter:label1\" content=\"Est. reading time\">\n\t<meta name=\"twitter:data1\" content=\"3 minutos\">\n<script type=\"application\/ld+json\" class=\"yoast-schema-graph\">{\"@context\":\"https:\/\/schema.org\",\"@graph\":[{\"@type\":\"WebSite\",\"@id\":\"https:\/\/www.polisrecreio.com.br\/site\/#website\",\"url\":\"https:\/\/www.polisrecreio.com.br\/site\/\",\"name\":\"P\\u00f3lis Recreio\",\"description\":\"\",\"potentialAction\":[{\"@type\":\"SearchAction\",\"target\":\"https:\/\/www.polisrecreio.com.br\/site\/?s={search_term_string}\",\"query-input\":\"required name=search_term_string\"}],\"inLanguage\":\"pt-BR\"},{\"@type\":\"ImageObject\",\"@id\":\"http:\/\/www.polisrecreio.com.br\/site\/2025\/04\/08\/daniel-goncalves-de-recreio-pai-atipico-e-tambem-autista-se-veste-de-super-heroi-para-aumentar-a-conscientizacao-sobre-o-autismo-ele-foi-destaque-no-g1\/#primaryimage\",\"inLanguage\":\"pt-BR\",\"url\":\"http:\/\/www.polisrecreio.com.br\/site\/wp-content\/uploads\/2025\/04\/Acompanhado-1.jpg\"},{\"@type\":\"WebPage\",\"@id\":\"http:\/\/www.polisrecreio.com.br\/site\/2025\/04\/08\/daniel-goncalves-de-recreio-pai-atipico-e-tambem-autista-se-veste-de-super-heroi-para-aumentar-a-conscientizacao-sobre-o-autismo-ele-foi-destaque-no-g1\/#webpage\",\"url\":\"http:\/\/www.polisrecreio.com.br\/site\/2025\/04\/08\/daniel-goncalves-de-recreio-pai-atipico-e-tambem-autista-se-veste-de-super-heroi-para-aumentar-a-conscientizacao-sobre-o-autismo-ele-foi-destaque-no-g1\/\",\"name\":\"Daniel Gon\\u00e7alves, de Recreio, pai at\\u00edpico e tamb\\u00e9m autista, se veste de super-her\\u00f3i para aumentar a conscientiza\\u00e7\\u00e3o sobre o autismo; ele foi destaque no g1 - P\\u00f3lis Recreio\",\"isPartOf\":{\"@id\":\"https:\/\/www.polisrecreio.com.br\/site\/#website\"},\"primaryImageOfPage\":{\"@id\":\"http:\/\/www.polisrecreio.com.br\/site\/2025\/04\/08\/daniel-goncalves-de-recreio-pai-atipico-e-tambem-autista-se-veste-de-super-heroi-para-aumentar-a-conscientizacao-sobre-o-autismo-ele-foi-destaque-no-g1\/#primaryimage\"},\"datePublished\":\"2025-04-08T11:26:19+00:00\",\"dateModified\":\"2025-04-08T11:26:19+00:00\",\"author\":{\"@id\":\"https:\/\/www.polisrecreio.com.br\/site\/#\/schema\/person\/3363c1c78e1e28e1329d97adb387638e\"},\"inLanguage\":\"pt-BR\",\"potentialAction\":[{\"@type\":\"ReadAction\",\"target\":[\"http:\/\/www.polisrecreio.com.br\/site\/2025\/04\/08\/daniel-goncalves-de-recreio-pai-atipico-e-tambem-autista-se-veste-de-super-heroi-para-aumentar-a-conscientizacao-sobre-o-autismo-ele-foi-destaque-no-g1\/\"]}]},{\"@type\":\"Person\",\"@id\":\"https:\/\/www.polisrecreio.com.br\/site\/#\/schema\/person\/3363c1c78e1e28e1329d97adb387638e\",\"name\":\"Leonardo Ribeiro\",\"image\":{\"@type\":\"ImageObject\",\"@id\":\"https:\/\/www.polisrecreio.com.br\/site\/#personlogo\",\"inLanguage\":\"pt-BR\",\"url\":\"https:\/\/secure.gravatar.com\/avatar\/6ba92a37d621e1a83e23710251178a12?s=96&d=mm&r=g\",\"caption\":\"Leonardo Ribeiro\"},\"sameAs\":[\"http:\/\/www.polisrecreio.com.br\"]}]}<\/script>\n<!-- \/ Yoast SEO plugin. -->","_links":{"self":[{"href":"https:\/\/www.polisrecreio.com.br\/site\/wp-json\/wp\/v2\/posts\/27871"}],"collection":[{"href":"https:\/\/www.polisrecreio.com.br\/site\/wp-json\/wp\/v2\/posts"}],"about":[{"href":"https:\/\/www.polisrecreio.com.br\/site\/wp-json\/wp\/v2\/types\/post"}],"author":[{"embeddable":true,"href":"https:\/\/www.polisrecreio.com.br\/site\/wp-json\/wp\/v2\/users\/3"}],"replies":[{"embeddable":true,"href":"https:\/\/www.polisrecreio.com.br\/site\/wp-json\/wp\/v2\/comments?post=27871"}],"version-history":[{"count":1,"href":"https:\/\/www.polisrecreio.com.br\/site\/wp-json\/wp\/v2\/posts\/27871\/revisions"}],"predecessor-version":[{"id":27874,"href":"https:\/\/www.polisrecreio.com.br\/site\/wp-json\/wp\/v2\/posts\/27871\/revisions\/27874"}],"wp:attachment":[{"href":"https:\/\/www.polisrecreio.com.br\/site\/wp-json\/wp\/v2\/media?parent=27871"}],"wp:term":[{"taxonomy":"category","embeddable":true,"href":"https:\/\/www.polisrecreio.com.br\/site\/wp-json\/wp\/v2\/categories?post=27871"},{"taxonomy":"post_tag","embeddable":true,"href":"https:\/\/www.polisrecreio.com.br\/site\/wp-json\/wp\/v2\/tags?post=27871"}],"curies":[{"name":"wp","href":"https:\/\/api.w.org\/{rel}","templated":true}]}}