{"id":27891,"date":"2025-04-22T08:05:22","date_gmt":"2025-04-22T11:05:22","guid":{"rendered":"http:\/\/www.polisrecreio.com.br\/site\/?p=27891"},"modified":"2025-04-22T08:12:46","modified_gmt":"2025-04-22T11:12:46","slug":"vem-ai-o-4o-encontro-de-violeiros-e-exposicao-de-ceramicas-de-recreio","status":"publish","type":"post","link":"https:\/\/www.polisrecreio.com.br\/site\/2025\/04\/22\/vem-ai-o-4o-encontro-de-violeiros-e-exposicao-de-ceramicas-de-recreio\/","title":{"rendered":"Vem a\u00ed o 4\u00ba Encontro de Violeiros e Exposi\u00e7\u00e3o de Cer\u00e2micas de Recreio"},"content":{"rendered":"<p style=\"text-align: justify;\">Nos dias 2 e 3 de maio, ser\u00e1 realizado o 4\u00ba Encontro de Violeiros e Exposi\u00e7\u00e3o de Cer\u00e2micas de Recreio, em frente ao Centro Cultural Aristides Dorigo.<\/p>\n<p><!--more--><\/p>\n<p><a href=\"http:\/\/www.polisrecreio.com.br\/site\/wp-content\/uploads\/2025\/04\/476206999_940300901540950_3151556128479906864_n.jpg\"><img loading=\"lazy\" class=\"aligncenter size-full wp-image-27894\" src=\"http:\/\/www.polisrecreio.com.br\/site\/wp-content\/uploads\/2025\/04\/476206999_940300901540950_3151556128479906864_n.jpg\" alt=\"\" width=\"1600\" height=\"1059\" srcset=\"https:\/\/www.polisrecreio.com.br\/site\/wp-content\/uploads\/2025\/04\/476206999_940300901540950_3151556128479906864_n.jpg 1600w, https:\/\/www.polisrecreio.com.br\/site\/wp-content\/uploads\/2025\/04\/476206999_940300901540950_3151556128479906864_n-300x199.jpg 300w, https:\/\/www.polisrecreio.com.br\/site\/wp-content\/uploads\/2025\/04\/476206999_940300901540950_3151556128479906864_n-1024x678.jpg 1024w, https:\/\/www.polisrecreio.com.br\/site\/wp-content\/uploads\/2025\/04\/476206999_940300901540950_3151556128479906864_n-768x508.jpg 768w, https:\/\/www.polisrecreio.com.br\/site\/wp-content\/uploads\/2025\/04\/476206999_940300901540950_3151556128479906864_n-1536x1017.jpg 1536w\" sizes=\"(max-width: 1600px) 100vw, 1600px\" \/><\/a><\/p>\n<p style=\"text-align: justify;\">A programa\u00e7\u00e3o:<\/p>\n<p>Sexta-feira (2)<\/p>\n<ul>\n<li style=\"text-align: justify;\">20h \u2013 Lula Cavalcanti &amp; Pedro Pelaggi<\/li>\n<li style=\"text-align: justify;\">21h \u2013 Luan Severo<\/li>\n<\/ul>\n<p>S\u00e1bado (3)<\/p>\n<ul>\n<li style=\"text-align: justify;\">16h \u2013 Amigos da Viola, Fernando Borges<\/li>\n<li style=\"text-align: justify;\">17h \u2013 Jota Ferreira (P\u00e9 de Samba)<\/li>\n<li style=\"text-align: justify;\">18h \u2013 Chico Bonoto<\/li>\n<li style=\"text-align: justify;\">21h \u2013 Hugo e Alex<\/li>\n<\/ul>\n<p style=\"text-align: justify;\">O evento \u00e9 realizado pela Prefeitura Municipal, atrav\u00e9s da Secretaria de Cultura e Turismo, e o Conselho Municipal do Patrim\u00f4nio Cultural.<\/p>\n<p><a href=\"http:\/\/www.polisrecreio.com.br\/site\/wp-content\/uploads\/2025\/04\/WhatsApp-Image-2025-04-19-at-18.18.38-1.jpeg\"><img loading=\"lazy\" class=\"aligncenter size-full wp-image-27893\" src=\"http:\/\/www.polisrecreio.com.br\/site\/wp-content\/uploads\/2025\/04\/WhatsApp-Image-2025-04-19-at-18.18.38-1.jpeg\" alt=\"\" width=\"899\" height=\"1599\" srcset=\"https:\/\/www.polisrecreio.com.br\/site\/wp-content\/uploads\/2025\/04\/WhatsApp-Image-2025-04-19-at-18.18.38-1.jpeg 899w, https:\/\/www.polisrecreio.com.br\/site\/wp-content\/uploads\/2025\/04\/WhatsApp-Image-2025-04-19-at-18.18.38-1-169x300.jpeg 169w, https:\/\/www.polisrecreio.com.br\/site\/wp-content\/uploads\/2025\/04\/WhatsApp-Image-2025-04-19-at-18.18.38-1-576x1024.jpeg 576w, https:\/\/www.polisrecreio.com.br\/site\/wp-content\/uploads\/2025\/04\/WhatsApp-Image-2025-04-19-at-18.18.38-1-768x1366.jpeg 768w, https:\/\/www.polisrecreio.com.br\/site\/wp-content\/uploads\/2025\/04\/WhatsApp-Image-2025-04-19-at-18.18.38-1-864x1536.jpeg 864w\" sizes=\"(max-width: 899px) 100vw, 899px\" \/><\/a><\/p>\n<p><a href=\"http:\/\/www.polisrecreio.com.br\/site\/wp-content\/uploads\/2025\/04\/WhatsApp-Image-2025-04-19-at-18.18.38.jpeg\"><img loading=\"lazy\" class=\"aligncenter size-full wp-image-27892\" src=\"http:\/\/www.polisrecreio.com.br\/site\/wp-content\/uploads\/2025\/04\/WhatsApp-Image-2025-04-19-at-18.18.38.jpeg\" alt=\"\" width=\"899\" height=\"1599\" srcset=\"https:\/\/www.polisrecreio.com.br\/site\/wp-content\/uploads\/2025\/04\/WhatsApp-Image-2025-04-19-at-18.18.38.jpeg 899w, https:\/\/www.polisrecreio.com.br\/site\/wp-content\/uploads\/2025\/04\/WhatsApp-Image-2025-04-19-at-18.18.38-169x300.jpeg 169w, https:\/\/www.polisrecreio.com.br\/site\/wp-content\/uploads\/2025\/04\/WhatsApp-Image-2025-04-19-at-18.18.38-576x1024.jpeg 576w, https:\/\/www.polisrecreio.com.br\/site\/wp-content\/uploads\/2025\/04\/WhatsApp-Image-2025-04-19-at-18.18.38-768x1366.jpeg 768w, https:\/\/www.polisrecreio.com.br\/site\/wp-content\/uploads\/2025\/04\/WhatsApp-Image-2025-04-19-at-18.18.38-864x1536.jpeg 864w\" sizes=\"(max-width: 899px) 100vw, 899px\" \/><\/a><\/p>\n","protected":false},"excerpt":{"rendered":"<p>Nos dias 2 e 3 de maio, ser\u00e1 realizado o 4\u00ba Encontro de Violeiros e Exposi\u00e7\u00e3o de Cer\u00e2micas de Recreio, em frente ao Centro Cultural Aristides Dorigo.<\/p>\n","protected":false},"author":3,"featured_media":0,"comment_status":"open","ping_status":"open","sticky":false,"template":"","format":"standard","meta":[],"categories":[2],"tags":[],"yoast_head":"<!-- This site is optimized with the Yoast SEO plugin v15.6.2 - https:\/\/yoast.com\/wordpress\/plugins\/seo\/ -->\n<meta name=\"robots\" content=\"index, follow, max-snippet:-1, max-image-preview:large, max-video-preview:-1\" \/>\n<link rel=\"canonical\" href=\"http:\/\/www.polisrecreio.com.br\/site\/2025\/04\/22\/vem-ai-o-4o-encontro-de-violeiros-e-exposicao-de-ceramicas-de-recreio\/\" \/>\n<meta property=\"og:locale\" content=\"pt_BR\" \/>\n<meta property=\"og:type\" content=\"article\" \/>\n<meta property=\"og:title\" content=\"Vem a\u00ed o 4\u00ba Encontro de Violeiros e Exposi\u00e7\u00e3o de Cer\u00e2micas de Recreio - P\u00f3lis Recreio\" \/>\n<meta property=\"og:description\" content=\"Nos dias 2 e 3 de maio, ser\u00e1 realizado o 4\u00ba Encontro de Violeiros e Exposi\u00e7\u00e3o de Cer\u00e2micas de Recreio, em frente ao Centro Cultural Aristides Dorigo.\" \/>\n<meta property=\"og:url\" content=\"http:\/\/www.polisrecreio.com.br\/site\/2025\/04\/22\/vem-ai-o-4o-encontro-de-violeiros-e-exposicao-de-ceramicas-de-recreio\/\" \/>\n<meta property=\"og:site_name\" content=\"P\u00f3lis Recreio\" \/>\n<meta property=\"article:publisher\" content=\"https:\/\/www.facebook.com\/Site-P%c3%b3lis-Recreio-MG-181941708571019\/\" \/>\n<meta property=\"article:published_time\" content=\"2025-04-22T11:05:22+00:00\" \/>\n<meta property=\"article:modified_time\" content=\"2025-04-22T11:12:46+00:00\" \/>\n<meta property=\"og:image\" content=\"http:\/\/www.polisrecreio.com.br\/site\/wp-content\/uploads\/2025\/04\/476206999_940300901540950_3151556128479906864_n.jpg\" \/>\n<meta name=\"twitter:card\" content=\"summary_large_image\" \/>\n<meta name=\"twitter:creator\" content=\"@PolisRecreio\" \/>\n<meta name=\"twitter:site\" content=\"@PolisRecreio\" \/>\n<meta name=\"twitter:label1\" content=\"Est. reading time\">\n\t<meta name=\"twitter:data1\" content=\"1 minuto\">\n<script type=\"application\/ld+json\" class=\"yoast-schema-graph\">{\"@context\":\"https:\/\/schema.org\",\"@graph\":[{\"@type\":\"WebSite\",\"@id\":\"https:\/\/www.polisrecreio.com.br\/site\/#website\",\"url\":\"https:\/\/www.polisrecreio.com.br\/site\/\",\"name\":\"P\\u00f3lis Recreio\",\"description\":\"\",\"potentialAction\":[{\"@type\":\"SearchAction\",\"target\":\"https:\/\/www.polisrecreio.com.br\/site\/?s={search_term_string}\",\"query-input\":\"required name=search_term_string\"}],\"inLanguage\":\"pt-BR\"},{\"@type\":\"ImageObject\",\"@id\":\"http:\/\/www.polisrecreio.com.br\/site\/2025\/04\/22\/vem-ai-o-4o-encontro-de-violeiros-e-exposicao-de-ceramicas-de-recreio\/#primaryimage\",\"inLanguage\":\"pt-BR\",\"url\":\"http:\/\/www.polisrecreio.com.br\/site\/wp-content\/uploads\/2025\/04\/476206999_940300901540950_3151556128479906864_n.jpg\"},{\"@type\":\"WebPage\",\"@id\":\"http:\/\/www.polisrecreio.com.br\/site\/2025\/04\/22\/vem-ai-o-4o-encontro-de-violeiros-e-exposicao-de-ceramicas-de-recreio\/#webpage\",\"url\":\"http:\/\/www.polisrecreio.com.br\/site\/2025\/04\/22\/vem-ai-o-4o-encontro-de-violeiros-e-exposicao-de-ceramicas-de-recreio\/\",\"name\":\"Vem a\\u00ed o 4\\u00ba Encontro de Violeiros e Exposi\\u00e7\\u00e3o de Cer\\u00e2micas de Recreio - P\\u00f3lis Recreio\",\"isPartOf\":{\"@id\":\"https:\/\/www.polisrecreio.com.br\/site\/#website\"},\"primaryImageOfPage\":{\"@id\":\"http:\/\/www.polisrecreio.com.br\/site\/2025\/04\/22\/vem-ai-o-4o-encontro-de-violeiros-e-exposicao-de-ceramicas-de-recreio\/#primaryimage\"},\"datePublished\":\"2025-04-22T11:05:22+00:00\",\"dateModified\":\"2025-04-22T11:12:46+00:00\",\"author\":{\"@id\":\"https:\/\/www.polisrecreio.com.br\/site\/#\/schema\/person\/3363c1c78e1e28e1329d97adb387638e\"},\"inLanguage\":\"pt-BR\",\"potentialAction\":[{\"@type\":\"ReadAction\",\"target\":[\"http:\/\/www.polisrecreio.com.br\/site\/2025\/04\/22\/vem-ai-o-4o-encontro-de-violeiros-e-exposicao-de-ceramicas-de-recreio\/\"]}]},{\"@type\":\"Person\",\"@id\":\"https:\/\/www.polisrecreio.com.br\/site\/#\/schema\/person\/3363c1c78e1e28e1329d97adb387638e\",\"name\":\"Leonardo Ribeiro\",\"image\":{\"@type\":\"ImageObject\",\"@id\":\"https:\/\/www.polisrecreio.com.br\/site\/#personlogo\",\"inLanguage\":\"pt-BR\",\"url\":\"https:\/\/secure.gravatar.com\/avatar\/6ba92a37d621e1a83e23710251178a12?s=96&d=mm&r=g\",\"caption\":\"Leonardo Ribeiro\"},\"sameAs\":[\"http:\/\/www.polisrecreio.com.br\"]}]}<\/script>\n<!-- \/ Yoast SEO plugin. -->","_links":{"self":[{"href":"https:\/\/www.polisrecreio.com.br\/site\/wp-json\/wp\/v2\/posts\/27891"}],"collection":[{"href":"https:\/\/www.polisrecreio.com.br\/site\/wp-json\/wp\/v2\/posts"}],"about":[{"href":"https:\/\/www.polisrecreio.com.br\/site\/wp-json\/wp\/v2\/types\/post"}],"author":[{"embeddable":true,"href":"https:\/\/www.polisrecreio.com.br\/site\/wp-json\/wp\/v2\/users\/3"}],"replies":[{"embeddable":true,"href":"https:\/\/www.polisrecreio.com.br\/site\/wp-json\/wp\/v2\/comments?post=27891"}],"version-history":[{"count":2,"href":"https:\/\/www.polisrecreio.com.br\/site\/wp-json\/wp\/v2\/posts\/27891\/revisions"}],"predecessor-version":[{"id":27896,"href":"https:\/\/www.polisrecreio.com.br\/site\/wp-json\/wp\/v2\/posts\/27891\/revisions\/27896"}],"wp:attachment":[{"href":"https:\/\/www.polisrecreio.com.br\/site\/wp-json\/wp\/v2\/media?parent=27891"}],"wp:term":[{"taxonomy":"category","embeddable":true,"href":"https:\/\/www.polisrecreio.com.br\/site\/wp-json\/wp\/v2\/categories?post=27891"},{"taxonomy":"post_tag","embeddable":true,"href":"https:\/\/www.polisrecreio.com.br\/site\/wp-json\/wp\/v2\/tags?post=27891"}],"curies":[{"name":"wp","href":"https:\/\/api.w.org\/{rel}","templated":true}]}}