{"id":27938,"date":"2025-05-06T20:53:00","date_gmt":"2025-05-06T23:53:00","guid":{"rendered":"http:\/\/www.polisrecreio.com.br\/site\/?p=27938"},"modified":"2025-05-06T20:53:00","modified_gmt":"2025-05-06T23:53:00","slug":"domingo-11-tem-3a-corrida-tiradentes-em-laranjal","status":"publish","type":"post","link":"https:\/\/www.polisrecreio.com.br\/site\/2025\/05\/06\/domingo-11-tem-3a-corrida-tiradentes-em-laranjal\/","title":{"rendered":"Domingo (11) tem 3\u00aa Corrida Tiradentes em Laranjal"},"content":{"rendered":"<p style=\"text-align: justify;\">No pr\u00f3ximo domingo (11), a partir das 8h, tem a 3\u00aa Corrida Alferes Tiradentes em Laranjal. A largada ser\u00e1 no Poliesportivo Municipal.<\/p>\n<p><!--more--><\/p>\n<p><a href=\"http:\/\/www.polisrecreio.com.br\/site\/wp-content\/uploads\/2025\/05\/Acompanhado-1.jpg\"><img loading=\"lazy\" class=\"aligncenter size-full wp-image-27940\" src=\"http:\/\/www.polisrecreio.com.br\/site\/wp-content\/uploads\/2025\/05\/Acompanhado-1.jpg\" alt=\"\" width=\"750\" height=\"500\" srcset=\"https:\/\/www.polisrecreio.com.br\/site\/wp-content\/uploads\/2025\/05\/Acompanhado-1.jpg 750w, https:\/\/www.polisrecreio.com.br\/site\/wp-content\/uploads\/2025\/05\/Acompanhado-1-300x200.jpg 300w\" sizes=\"(max-width: 750px) 100vw, 750px\" \/><\/a><\/p>\n<p style=\"text-align: justify;\">Conforme informa\u00e7\u00f5es da organiza\u00e7\u00e3o, as inscri\u00e7\u00f5es s\u00e3o realizadas pelo site <a href=\"http:\/\/www.multsportseventos.com\" target=\"_blank\" rel=\"noopener noreferrer\">www.multsportseventos.com<\/a>. O atleta receber\u00e1 um kit com n\u00famero no peito, chip, seguro e medalha de participa\u00e7\u00e3o. As premia\u00e7\u00f5es ser\u00e3o por faixa et\u00e1ria de 5 em 5 anos.<\/p>\n<p style=\"text-align: justify;\">Durante o evento esportivo ser\u00e1 recolhido 1 kg de alimento n\u00e3o perec\u00edvel ao Hospital Comunit\u00e1rio de Laranjal.<\/p>\n<p style=\"text-align: justify;\">A organiza\u00e7\u00e3o \u00e9 da Prefeitura de Laranjal, atrav\u00e9s da Secretaria de Esportes, Cultura, Lazer e Turismo.<\/p>\n<p style=\"text-align: justify;\">O percurso da Corrida ser\u00e1 de 7 km.<\/p>\n<p><strong>Corrida Kids no s\u00e1bado<\/strong><\/p>\n<p style=\"text-align: justify;\">No s\u00e1bado (10), ser\u00e1 a Corrida Kids, a partir das 16h, no Poliesportivo Municipal.<\/p>\n<p><a href=\"http:\/\/www.polisrecreio.com.br\/site\/wp-content\/uploads\/2025\/05\/Corrida-Tiradentes-Laranjal.jpg\"><img loading=\"lazy\" class=\"aligncenter size-full wp-image-27939\" src=\"http:\/\/www.polisrecreio.com.br\/site\/wp-content\/uploads\/2025\/05\/Corrida-Tiradentes-Laranjal.jpg\" alt=\"\" width=\"1080\" height=\"1350\" srcset=\"https:\/\/www.polisrecreio.com.br\/site\/wp-content\/uploads\/2025\/05\/Corrida-Tiradentes-Laranjal.jpg 1080w, https:\/\/www.polisrecreio.com.br\/site\/wp-content\/uploads\/2025\/05\/Corrida-Tiradentes-Laranjal-240x300.jpg 240w, https:\/\/www.polisrecreio.com.br\/site\/wp-content\/uploads\/2025\/05\/Corrida-Tiradentes-Laranjal-819x1024.jpg 819w, https:\/\/www.polisrecreio.com.br\/site\/wp-content\/uploads\/2025\/05\/Corrida-Tiradentes-Laranjal-768x960.jpg 768w\" sizes=\"(max-width: 1080px) 100vw, 1080px\" \/><\/a><\/p>\n","protected":false},"excerpt":{"rendered":"<p>No pr\u00f3ximo domingo (11), a partir das 8h, tem a 3\u00aa Corrida Alferes Tiradentes em Laranjal. A largada ser\u00e1 no Poliesportivo Municipal.<\/p>\n","protected":false},"author":3,"featured_media":0,"comment_status":"open","ping_status":"open","sticky":false,"template":"","format":"standard","meta":[],"categories":[4],"tags":[],"yoast_head":"<!-- This site is optimized with the Yoast SEO plugin v15.6.2 - https:\/\/yoast.com\/wordpress\/plugins\/seo\/ -->\n<meta name=\"robots\" content=\"index, follow, max-snippet:-1, max-image-preview:large, max-video-preview:-1\" \/>\n<link rel=\"canonical\" href=\"http:\/\/www.polisrecreio.com.br\/site\/2025\/05\/06\/domingo-11-tem-3a-corrida-tiradentes-em-laranjal\/\" \/>\n<meta property=\"og:locale\" content=\"pt_BR\" \/>\n<meta property=\"og:type\" content=\"article\" \/>\n<meta property=\"og:title\" content=\"Domingo (11) tem 3\u00aa Corrida Tiradentes em Laranjal - P\u00f3lis Recreio\" \/>\n<meta property=\"og:description\" content=\"No pr\u00f3ximo domingo (11), a partir das 8h, tem a 3\u00aa Corrida Alferes Tiradentes em Laranjal. A largada ser\u00e1 no Poliesportivo Municipal.\" \/>\n<meta property=\"og:url\" content=\"http:\/\/www.polisrecreio.com.br\/site\/2025\/05\/06\/domingo-11-tem-3a-corrida-tiradentes-em-laranjal\/\" \/>\n<meta property=\"og:site_name\" content=\"P\u00f3lis Recreio\" \/>\n<meta property=\"article:publisher\" content=\"https:\/\/www.facebook.com\/Site-P%c3%b3lis-Recreio-MG-181941708571019\/\" \/>\n<meta property=\"article:published_time\" content=\"2025-05-06T23:53:00+00:00\" \/>\n<meta property=\"og:image\" content=\"http:\/\/www.polisrecreio.com.br\/site\/wp-content\/uploads\/2025\/05\/Acompanhado-1.jpg\" \/>\n<meta name=\"twitter:card\" content=\"summary_large_image\" \/>\n<meta name=\"twitter:creator\" content=\"@PolisRecreio\" \/>\n<meta name=\"twitter:site\" content=\"@PolisRecreio\" \/>\n<meta name=\"twitter:label1\" content=\"Est. reading time\">\n\t<meta name=\"twitter:data1\" content=\"1 minuto\">\n<script type=\"application\/ld+json\" class=\"yoast-schema-graph\">{\"@context\":\"https:\/\/schema.org\",\"@graph\":[{\"@type\":\"WebSite\",\"@id\":\"https:\/\/www.polisrecreio.com.br\/site\/#website\",\"url\":\"https:\/\/www.polisrecreio.com.br\/site\/\",\"name\":\"P\\u00f3lis Recreio\",\"description\":\"\",\"potentialAction\":[{\"@type\":\"SearchAction\",\"target\":\"https:\/\/www.polisrecreio.com.br\/site\/?s={search_term_string}\",\"query-input\":\"required name=search_term_string\"}],\"inLanguage\":\"pt-BR\"},{\"@type\":\"ImageObject\",\"@id\":\"http:\/\/www.polisrecreio.com.br\/site\/2025\/05\/06\/domingo-11-tem-3a-corrida-tiradentes-em-laranjal\/#primaryimage\",\"inLanguage\":\"pt-BR\",\"url\":\"http:\/\/www.polisrecreio.com.br\/site\/wp-content\/uploads\/2025\/05\/Acompanhado-1.jpg\"},{\"@type\":\"WebPage\",\"@id\":\"http:\/\/www.polisrecreio.com.br\/site\/2025\/05\/06\/domingo-11-tem-3a-corrida-tiradentes-em-laranjal\/#webpage\",\"url\":\"http:\/\/www.polisrecreio.com.br\/site\/2025\/05\/06\/domingo-11-tem-3a-corrida-tiradentes-em-laranjal\/\",\"name\":\"Domingo (11) tem 3\\u00aa Corrida Tiradentes em Laranjal - P\\u00f3lis Recreio\",\"isPartOf\":{\"@id\":\"https:\/\/www.polisrecreio.com.br\/site\/#website\"},\"primaryImageOfPage\":{\"@id\":\"http:\/\/www.polisrecreio.com.br\/site\/2025\/05\/06\/domingo-11-tem-3a-corrida-tiradentes-em-laranjal\/#primaryimage\"},\"datePublished\":\"2025-05-06T23:53:00+00:00\",\"dateModified\":\"2025-05-06T23:53:00+00:00\",\"author\":{\"@id\":\"https:\/\/www.polisrecreio.com.br\/site\/#\/schema\/person\/3363c1c78e1e28e1329d97adb387638e\"},\"inLanguage\":\"pt-BR\",\"potentialAction\":[{\"@type\":\"ReadAction\",\"target\":[\"http:\/\/www.polisrecreio.com.br\/site\/2025\/05\/06\/domingo-11-tem-3a-corrida-tiradentes-em-laranjal\/\"]}]},{\"@type\":\"Person\",\"@id\":\"https:\/\/www.polisrecreio.com.br\/site\/#\/schema\/person\/3363c1c78e1e28e1329d97adb387638e\",\"name\":\"Leonardo Ribeiro\",\"image\":{\"@type\":\"ImageObject\",\"@id\":\"https:\/\/www.polisrecreio.com.br\/site\/#personlogo\",\"inLanguage\":\"pt-BR\",\"url\":\"https:\/\/secure.gravatar.com\/avatar\/6ba92a37d621e1a83e23710251178a12?s=96&d=mm&r=g\",\"caption\":\"Leonardo Ribeiro\"},\"sameAs\":[\"http:\/\/www.polisrecreio.com.br\"]}]}<\/script>\n<!-- \/ Yoast SEO plugin. -->","_links":{"self":[{"href":"https:\/\/www.polisrecreio.com.br\/site\/wp-json\/wp\/v2\/posts\/27938"}],"collection":[{"href":"https:\/\/www.polisrecreio.com.br\/site\/wp-json\/wp\/v2\/posts"}],"about":[{"href":"https:\/\/www.polisrecreio.com.br\/site\/wp-json\/wp\/v2\/types\/post"}],"author":[{"embeddable":true,"href":"https:\/\/www.polisrecreio.com.br\/site\/wp-json\/wp\/v2\/users\/3"}],"replies":[{"embeddable":true,"href":"https:\/\/www.polisrecreio.com.br\/site\/wp-json\/wp\/v2\/comments?post=27938"}],"version-history":[{"count":1,"href":"https:\/\/www.polisrecreio.com.br\/site\/wp-json\/wp\/v2\/posts\/27938\/revisions"}],"predecessor-version":[{"id":27941,"href":"https:\/\/www.polisrecreio.com.br\/site\/wp-json\/wp\/v2\/posts\/27938\/revisions\/27941"}],"wp:attachment":[{"href":"https:\/\/www.polisrecreio.com.br\/site\/wp-json\/wp\/v2\/media?parent=27938"}],"wp:term":[{"taxonomy":"category","embeddable":true,"href":"https:\/\/www.polisrecreio.com.br\/site\/wp-json\/wp\/v2\/categories?post=27938"},{"taxonomy":"post_tag","embeddable":true,"href":"https:\/\/www.polisrecreio.com.br\/site\/wp-json\/wp\/v2\/tags?post=27938"}],"curies":[{"name":"wp","href":"https:\/\/api.w.org\/{rel}","templated":true}]}}