{"id":27962,"date":"2025-05-14T08:55:35","date_gmt":"2025-05-14T11:55:35","guid":{"rendered":"http:\/\/www.polisrecreio.com.br\/site\/?p=27962"},"modified":"2025-05-14T08:55:35","modified_gmt":"2025-05-14T11:55:35","slug":"sabado-17-tem-evento-em-recreio-do-dia-nacional-do-combate-ao-abuso-e-a-exploracao-sexual-das-criancas-e-adolescentes","status":"publish","type":"post","link":"https:\/\/www.polisrecreio.com.br\/site\/2025\/05\/14\/sabado-17-tem-evento-em-recreio-do-dia-nacional-do-combate-ao-abuso-e-a-exploracao-sexual-das-criancas-e-adolescentes\/","title":{"rendered":"S\u00e1bado (17) tem evento em Recreio do \u201cDia Nacional do Combate ao Abuso e \u00e0 Explora\u00e7\u00e3o Sexual das Crian\u00e7as e Adolescentes\u201d"},"content":{"rendered":"<p style=\"text-align: justify;\">No pr\u00f3ximo s\u00e1bado (17), de 8h \u00e0s 11h, na Pra\u00e7a dos Ferrovi\u00e1rios, tem evento em Recreio do \u201cDia Nacional do Combate ao Abuso e \u00e0 Explora\u00e7\u00e3o Sexual das Crian\u00e7as e Adolescentes\u201d, promovido pelo Conselho Tutelar Municipal.<\/p>\n<p><!--more--><\/p>\n<p><a href=\"http:\/\/www.polisrecreio.com.br\/site\/wp-content\/uploads\/2022\/12\/DSC_0052.jpg\"><img loading=\"lazy\" class=\"aligncenter size-full wp-image-24732\" src=\"http:\/\/www.polisrecreio.com.br\/site\/wp-content\/uploads\/2022\/12\/DSC_0052.jpg\" alt=\"\" width=\"750\" height=\"500\" srcset=\"https:\/\/www.polisrecreio.com.br\/site\/wp-content\/uploads\/2022\/12\/DSC_0052.jpg 750w, https:\/\/www.polisrecreio.com.br\/site\/wp-content\/uploads\/2022\/12\/DSC_0052-300x200.jpg 300w\" sizes=\"(max-width: 750px) 100vw, 750px\" \/><\/a><\/p>\n<p style=\"text-align: justify;\">Haver\u00e1 distribui\u00e7\u00e3o de cartilhas, panfletos, semente de flor g\u00e9rbera e orienta\u00e7\u00f5es.<\/p>\n<p style=\"text-align: justify;\">A Lei Federal 9.970, de 2000, instituiu o 18 de maio como &#8220;Dia Nacional de Combate ao Abuso e \u00e0 Explora\u00e7\u00e3o Sexual de Crian\u00e7as e Adolescentes&#8221;.<\/p>\n","protected":false},"excerpt":{"rendered":"<p>No pr\u00f3ximo s\u00e1bado (17), de 8h \u00e0s 11h, na Pra\u00e7a dos Ferrovi\u00e1rios, tem evento em Recreio do \u201cDia Nacional do Combate ao Abuso e \u00e0 Explora\u00e7\u00e3o Sexual das Crian\u00e7as e Adolescentes\u201d, promovido pelo Conselho Tutelar Municipal.<\/p>\n","protected":false},"author":3,"featured_media":0,"comment_status":"open","ping_status":"open","sticky":false,"template":"","format":"standard","meta":[],"categories":[6],"tags":[],"yoast_head":"<!-- This site is optimized with the Yoast SEO plugin v15.6.2 - https:\/\/yoast.com\/wordpress\/plugins\/seo\/ -->\n<meta name=\"robots\" content=\"index, follow, max-snippet:-1, max-image-preview:large, max-video-preview:-1\" \/>\n<link rel=\"canonical\" href=\"http:\/\/www.polisrecreio.com.br\/site\/2025\/05\/14\/sabado-17-tem-evento-em-recreio-do-dia-nacional-do-combate-ao-abuso-e-a-exploracao-sexual-das-criancas-e-adolescentes\/\" \/>\n<meta property=\"og:locale\" content=\"pt_BR\" \/>\n<meta property=\"og:type\" content=\"article\" \/>\n<meta property=\"og:title\" content=\"S\u00e1bado (17) tem evento em Recreio do \u201cDia Nacional do Combate ao Abuso e \u00e0 Explora\u00e7\u00e3o Sexual das Crian\u00e7as e Adolescentes\u201d - P\u00f3lis Recreio\" \/>\n<meta property=\"og:description\" content=\"No pr\u00f3ximo s\u00e1bado (17), de 8h \u00e0s 11h, na Pra\u00e7a dos Ferrovi\u00e1rios, tem evento em Recreio do \u201cDia Nacional do Combate ao Abuso e \u00e0 Explora\u00e7\u00e3o Sexual das Crian\u00e7as e Adolescentes\u201d, promovido pelo Conselho Tutelar Municipal.\" \/>\n<meta property=\"og:url\" content=\"http:\/\/www.polisrecreio.com.br\/site\/2025\/05\/14\/sabado-17-tem-evento-em-recreio-do-dia-nacional-do-combate-ao-abuso-e-a-exploracao-sexual-das-criancas-e-adolescentes\/\" \/>\n<meta property=\"og:site_name\" content=\"P\u00f3lis Recreio\" \/>\n<meta property=\"article:publisher\" content=\"https:\/\/www.facebook.com\/Site-P%c3%b3lis-Recreio-MG-181941708571019\/\" \/>\n<meta property=\"article:published_time\" content=\"2025-05-14T11:55:35+00:00\" \/>\n<meta property=\"og:image\" content=\"http:\/\/www.polisrecreio.com.br\/site\/wp-content\/uploads\/2022\/12\/DSC_0052.jpg\" \/>\n<meta name=\"twitter:card\" content=\"summary_large_image\" \/>\n<meta name=\"twitter:creator\" content=\"@PolisRecreio\" \/>\n<meta name=\"twitter:site\" content=\"@PolisRecreio\" \/>\n<meta name=\"twitter:label1\" content=\"Est. reading time\">\n\t<meta name=\"twitter:data1\" content=\"1 minuto\">\n<script type=\"application\/ld+json\" class=\"yoast-schema-graph\">{\"@context\":\"https:\/\/schema.org\",\"@graph\":[{\"@type\":\"WebSite\",\"@id\":\"https:\/\/www.polisrecreio.com.br\/site\/#website\",\"url\":\"https:\/\/www.polisrecreio.com.br\/site\/\",\"name\":\"P\\u00f3lis Recreio\",\"description\":\"\",\"potentialAction\":[{\"@type\":\"SearchAction\",\"target\":\"https:\/\/www.polisrecreio.com.br\/site\/?s={search_term_string}\",\"query-input\":\"required name=search_term_string\"}],\"inLanguage\":\"pt-BR\"},{\"@type\":\"ImageObject\",\"@id\":\"http:\/\/www.polisrecreio.com.br\/site\/2025\/05\/14\/sabado-17-tem-evento-em-recreio-do-dia-nacional-do-combate-ao-abuso-e-a-exploracao-sexual-das-criancas-e-adolescentes\/#primaryimage\",\"inLanguage\":\"pt-BR\",\"url\":\"http:\/\/www.polisrecreio.com.br\/site\/wp-content\/uploads\/2022\/12\/DSC_0052.jpg\"},{\"@type\":\"WebPage\",\"@id\":\"http:\/\/www.polisrecreio.com.br\/site\/2025\/05\/14\/sabado-17-tem-evento-em-recreio-do-dia-nacional-do-combate-ao-abuso-e-a-exploracao-sexual-das-criancas-e-adolescentes\/#webpage\",\"url\":\"http:\/\/www.polisrecreio.com.br\/site\/2025\/05\/14\/sabado-17-tem-evento-em-recreio-do-dia-nacional-do-combate-ao-abuso-e-a-exploracao-sexual-das-criancas-e-adolescentes\/\",\"name\":\"S\\u00e1bado (17) tem evento em Recreio do \\u201cDia Nacional do Combate ao Abuso e \\u00e0 Explora\\u00e7\\u00e3o Sexual das Crian\\u00e7as e Adolescentes\\u201d - P\\u00f3lis Recreio\",\"isPartOf\":{\"@id\":\"https:\/\/www.polisrecreio.com.br\/site\/#website\"},\"primaryImageOfPage\":{\"@id\":\"http:\/\/www.polisrecreio.com.br\/site\/2025\/05\/14\/sabado-17-tem-evento-em-recreio-do-dia-nacional-do-combate-ao-abuso-e-a-exploracao-sexual-das-criancas-e-adolescentes\/#primaryimage\"},\"datePublished\":\"2025-05-14T11:55:35+00:00\",\"dateModified\":\"2025-05-14T11:55:35+00:00\",\"author\":{\"@id\":\"https:\/\/www.polisrecreio.com.br\/site\/#\/schema\/person\/3363c1c78e1e28e1329d97adb387638e\"},\"inLanguage\":\"pt-BR\",\"potentialAction\":[{\"@type\":\"ReadAction\",\"target\":[\"http:\/\/www.polisrecreio.com.br\/site\/2025\/05\/14\/sabado-17-tem-evento-em-recreio-do-dia-nacional-do-combate-ao-abuso-e-a-exploracao-sexual-das-criancas-e-adolescentes\/\"]}]},{\"@type\":\"Person\",\"@id\":\"https:\/\/www.polisrecreio.com.br\/site\/#\/schema\/person\/3363c1c78e1e28e1329d97adb387638e\",\"name\":\"Leonardo Ribeiro\",\"image\":{\"@type\":\"ImageObject\",\"@id\":\"https:\/\/www.polisrecreio.com.br\/site\/#personlogo\",\"inLanguage\":\"pt-BR\",\"url\":\"https:\/\/secure.gravatar.com\/avatar\/6ba92a37d621e1a83e23710251178a12?s=96&d=mm&r=g\",\"caption\":\"Leonardo Ribeiro\"},\"sameAs\":[\"http:\/\/www.polisrecreio.com.br\"]}]}<\/script>\n<!-- \/ Yoast SEO plugin. -->","_links":{"self":[{"href":"https:\/\/www.polisrecreio.com.br\/site\/wp-json\/wp\/v2\/posts\/27962"}],"collection":[{"href":"https:\/\/www.polisrecreio.com.br\/site\/wp-json\/wp\/v2\/posts"}],"about":[{"href":"https:\/\/www.polisrecreio.com.br\/site\/wp-json\/wp\/v2\/types\/post"}],"author":[{"embeddable":true,"href":"https:\/\/www.polisrecreio.com.br\/site\/wp-json\/wp\/v2\/users\/3"}],"replies":[{"embeddable":true,"href":"https:\/\/www.polisrecreio.com.br\/site\/wp-json\/wp\/v2\/comments?post=27962"}],"version-history":[{"count":1,"href":"https:\/\/www.polisrecreio.com.br\/site\/wp-json\/wp\/v2\/posts\/27962\/revisions"}],"predecessor-version":[{"id":27963,"href":"https:\/\/www.polisrecreio.com.br\/site\/wp-json\/wp\/v2\/posts\/27962\/revisions\/27963"}],"wp:attachment":[{"href":"https:\/\/www.polisrecreio.com.br\/site\/wp-json\/wp\/v2\/media?parent=27962"}],"wp:term":[{"taxonomy":"category","embeddable":true,"href":"https:\/\/www.polisrecreio.com.br\/site\/wp-json\/wp\/v2\/categories?post=27962"},{"taxonomy":"post_tag","embeddable":true,"href":"https:\/\/www.polisrecreio.com.br\/site\/wp-json\/wp\/v2\/tags?post=27962"}],"curies":[{"name":"wp","href":"https:\/\/api.w.org\/{rel}","templated":true}]}}