{"id":27964,"date":"2025-05-14T13:22:42","date_gmt":"2025-05-14T16:22:42","guid":{"rendered":"http:\/\/www.polisrecreio.com.br\/site\/?p=27964"},"modified":"2025-05-14T13:27:54","modified_gmt":"2025-05-14T16:27:54","slug":"inscricoes-abertas-para-curso-do-senar-de-producao-de-doce-de-leite-em-recreio","status":"publish","type":"post","link":"https:\/\/www.polisrecreio.com.br\/site\/2025\/05\/14\/inscricoes-abertas-para-curso-do-senar-de-producao-de-doce-de-leite-em-recreio\/","title":{"rendered":"Inscri\u00e7\u00f5es abertas para curso do Senar de Produ\u00e7\u00e3o de Doce de Leite em Recreio"},"content":{"rendered":"<p style=\"text-align: justify;\">Est\u00e3o abertas as inscri\u00e7\u00f5es para o curso do Senar de Produ\u00e7\u00e3o de Doce de Leite em barra e compota que acontecer\u00e1 em Recreio. Os interessados devem entrar em contato com a Simone Rios pelo telefone (32) 9.9997-4332.<\/p>\n<p><!--more--><\/p>\n<p><a href=\"http:\/\/www.polisrecreio.com.br\/site\/wp-content\/uploads\/2025\/05\/Acompanhado.jpg\"><img loading=\"lazy\" class=\"aligncenter size-full wp-image-27965\" src=\"http:\/\/www.polisrecreio.com.br\/site\/wp-content\/uploads\/2025\/05\/Acompanhado.jpg\" alt=\"\" width=\"750\" height=\"500\" srcset=\"https:\/\/www.polisrecreio.com.br\/site\/wp-content\/uploads\/2025\/05\/Acompanhado.jpg 750w, https:\/\/www.polisrecreio.com.br\/site\/wp-content\/uploads\/2025\/05\/Acompanhado-300x200.jpg 300w\" sizes=\"(max-width: 750px) 100vw, 750px\" \/><\/a><\/p>\n<p style=\"text-align: justify;\">A capacita\u00e7\u00e3o est\u00e1 programada para os dias 20, 21 e 22 de maio, no hor\u00e1rio de 8h \u00e0s 17h, em local a ser definido.<\/p>\n<p style=\"text-align: justify;\">O curso \u00e9 uma parceria entre Sindicato Rural de Recreio e de Argirita, Senar e Prefeitura Municipal.<\/p>\n","protected":false},"excerpt":{"rendered":"<p>Est\u00e3o abertas as inscri\u00e7\u00f5es para o curso do Senar de Produ\u00e7\u00e3o de Doce de Leite em barra e compota que acontecer\u00e1 em Recreio. Os interessados devem entrar em contato com a Simone Rios pelo telefone (32) 9.9997-4332.<\/p>\n","protected":false},"author":3,"featured_media":0,"comment_status":"open","ping_status":"open","sticky":false,"template":"","format":"standard","meta":[],"categories":[6],"tags":[],"yoast_head":"<!-- This site is optimized with the Yoast SEO plugin v15.6.2 - https:\/\/yoast.com\/wordpress\/plugins\/seo\/ -->\n<meta name=\"robots\" content=\"index, follow, max-snippet:-1, max-image-preview:large, max-video-preview:-1\" \/>\n<link rel=\"canonical\" href=\"http:\/\/www.polisrecreio.com.br\/site\/2025\/05\/14\/inscricoes-abertas-para-curso-do-senar-de-producao-de-doce-de-leite-em-recreio\/\" \/>\n<meta property=\"og:locale\" content=\"pt_BR\" \/>\n<meta property=\"og:type\" content=\"article\" \/>\n<meta property=\"og:title\" content=\"Inscri\u00e7\u00f5es abertas para curso do Senar de Produ\u00e7\u00e3o de Doce de Leite em Recreio - P\u00f3lis Recreio\" \/>\n<meta property=\"og:description\" content=\"Est\u00e3o abertas as inscri\u00e7\u00f5es para o curso do Senar de Produ\u00e7\u00e3o de Doce de Leite em barra e compota que acontecer\u00e1 em Recreio. Os interessados devem entrar em contato com a Simone Rios pelo telefone (32) 9.9997-4332.\" \/>\n<meta property=\"og:url\" content=\"http:\/\/www.polisrecreio.com.br\/site\/2025\/05\/14\/inscricoes-abertas-para-curso-do-senar-de-producao-de-doce-de-leite-em-recreio\/\" \/>\n<meta property=\"og:site_name\" content=\"P\u00f3lis Recreio\" \/>\n<meta property=\"article:publisher\" content=\"https:\/\/www.facebook.com\/Site-P%c3%b3lis-Recreio-MG-181941708571019\/\" \/>\n<meta property=\"article:published_time\" content=\"2025-05-14T16:22:42+00:00\" \/>\n<meta property=\"article:modified_time\" content=\"2025-05-14T16:27:54+00:00\" \/>\n<meta property=\"og:image\" content=\"http:\/\/www.polisrecreio.com.br\/site\/wp-content\/uploads\/2025\/05\/Acompanhado.jpg\" \/>\n<meta name=\"twitter:card\" content=\"summary_large_image\" \/>\n<meta name=\"twitter:creator\" content=\"@PolisRecreio\" \/>\n<meta name=\"twitter:site\" content=\"@PolisRecreio\" \/>\n<meta name=\"twitter:label1\" content=\"Est. reading time\">\n\t<meta name=\"twitter:data1\" content=\"1 minuto\">\n<script type=\"application\/ld+json\" class=\"yoast-schema-graph\">{\"@context\":\"https:\/\/schema.org\",\"@graph\":[{\"@type\":\"WebSite\",\"@id\":\"https:\/\/www.polisrecreio.com.br\/site\/#website\",\"url\":\"https:\/\/www.polisrecreio.com.br\/site\/\",\"name\":\"P\\u00f3lis Recreio\",\"description\":\"\",\"potentialAction\":[{\"@type\":\"SearchAction\",\"target\":\"https:\/\/www.polisrecreio.com.br\/site\/?s={search_term_string}\",\"query-input\":\"required name=search_term_string\"}],\"inLanguage\":\"pt-BR\"},{\"@type\":\"ImageObject\",\"@id\":\"http:\/\/www.polisrecreio.com.br\/site\/2025\/05\/14\/inscricoes-abertas-para-curso-do-senar-de-producao-de-doce-de-leite-em-recreio\/#primaryimage\",\"inLanguage\":\"pt-BR\",\"url\":\"http:\/\/www.polisrecreio.com.br\/site\/wp-content\/uploads\/2025\/05\/Acompanhado.jpg\"},{\"@type\":\"WebPage\",\"@id\":\"http:\/\/www.polisrecreio.com.br\/site\/2025\/05\/14\/inscricoes-abertas-para-curso-do-senar-de-producao-de-doce-de-leite-em-recreio\/#webpage\",\"url\":\"http:\/\/www.polisrecreio.com.br\/site\/2025\/05\/14\/inscricoes-abertas-para-curso-do-senar-de-producao-de-doce-de-leite-em-recreio\/\",\"name\":\"Inscri\\u00e7\\u00f5es abertas para curso do Senar de Produ\\u00e7\\u00e3o de Doce de Leite em Recreio - P\\u00f3lis Recreio\",\"isPartOf\":{\"@id\":\"https:\/\/www.polisrecreio.com.br\/site\/#website\"},\"primaryImageOfPage\":{\"@id\":\"http:\/\/www.polisrecreio.com.br\/site\/2025\/05\/14\/inscricoes-abertas-para-curso-do-senar-de-producao-de-doce-de-leite-em-recreio\/#primaryimage\"},\"datePublished\":\"2025-05-14T16:22:42+00:00\",\"dateModified\":\"2025-05-14T16:27:54+00:00\",\"author\":{\"@id\":\"https:\/\/www.polisrecreio.com.br\/site\/#\/schema\/person\/3363c1c78e1e28e1329d97adb387638e\"},\"inLanguage\":\"pt-BR\",\"potentialAction\":[{\"@type\":\"ReadAction\",\"target\":[\"http:\/\/www.polisrecreio.com.br\/site\/2025\/05\/14\/inscricoes-abertas-para-curso-do-senar-de-producao-de-doce-de-leite-em-recreio\/\"]}]},{\"@type\":\"Person\",\"@id\":\"https:\/\/www.polisrecreio.com.br\/site\/#\/schema\/person\/3363c1c78e1e28e1329d97adb387638e\",\"name\":\"Leonardo Ribeiro\",\"image\":{\"@type\":\"ImageObject\",\"@id\":\"https:\/\/www.polisrecreio.com.br\/site\/#personlogo\",\"inLanguage\":\"pt-BR\",\"url\":\"https:\/\/secure.gravatar.com\/avatar\/6ba92a37d621e1a83e23710251178a12?s=96&d=mm&r=g\",\"caption\":\"Leonardo Ribeiro\"},\"sameAs\":[\"http:\/\/www.polisrecreio.com.br\"]}]}<\/script>\n<!-- \/ Yoast SEO plugin. -->","_links":{"self":[{"href":"https:\/\/www.polisrecreio.com.br\/site\/wp-json\/wp\/v2\/posts\/27964"}],"collection":[{"href":"https:\/\/www.polisrecreio.com.br\/site\/wp-json\/wp\/v2\/posts"}],"about":[{"href":"https:\/\/www.polisrecreio.com.br\/site\/wp-json\/wp\/v2\/types\/post"}],"author":[{"embeddable":true,"href":"https:\/\/www.polisrecreio.com.br\/site\/wp-json\/wp\/v2\/users\/3"}],"replies":[{"embeddable":true,"href":"https:\/\/www.polisrecreio.com.br\/site\/wp-json\/wp\/v2\/comments?post=27964"}],"version-history":[{"count":4,"href":"https:\/\/www.polisrecreio.com.br\/site\/wp-json\/wp\/v2\/posts\/27964\/revisions"}],"predecessor-version":[{"id":27969,"href":"https:\/\/www.polisrecreio.com.br\/site\/wp-json\/wp\/v2\/posts\/27964\/revisions\/27969"}],"wp:attachment":[{"href":"https:\/\/www.polisrecreio.com.br\/site\/wp-json\/wp\/v2\/media?parent=27964"}],"wp:term":[{"taxonomy":"category","embeddable":true,"href":"https:\/\/www.polisrecreio.com.br\/site\/wp-json\/wp\/v2\/categories?post=27964"},{"taxonomy":"post_tag","embeddable":true,"href":"https:\/\/www.polisrecreio.com.br\/site\/wp-json\/wp\/v2\/tags?post=27964"}],"curies":[{"name":"wp","href":"https:\/\/api.w.org\/{rel}","templated":true}]}}