{"id":27978,"date":"2025-05-19T19:35:14","date_gmt":"2025-05-19T22:35:14","guid":{"rendered":"http:\/\/www.polisrecreio.com.br\/site\/?p=27978"},"modified":"2025-05-19T19:35:14","modified_gmt":"2025-05-19T22:35:14","slug":"1o-congresso-de-jovens-da-igreja-ad-mutirao-de-recreio-dias-23-e-24-de-maio","status":"publish","type":"post","link":"https:\/\/www.polisrecreio.com.br\/site\/2025\/05\/19\/1o-congresso-de-jovens-da-igreja-ad-mutirao-de-recreio-dias-23-e-24-de-maio\/","title":{"rendered":"1\u00ba Congresso de Jovens da Igreja AD Mutir\u00e3o de Recreio: dias 23 e 24 de maio"},"content":{"rendered":"<p style=\"text-align: justify;\">Nos dias 23 (sexta-feira) e 24 (s\u00e1bado) de maio, a partir das 18:30h, a Assembleia de Deus Mutir\u00e3o de Recreio promove o 1\u00ba Congresso de Jovens com o tema \u201cResist\u00eancia\u201d. O templo fica localizado \u00e0 Rua Guimar\u00e3es Ferreira, no bairro Canto dos Ferreira.<\/p>\n<p><!--more--><\/p>\n<p><a href=\"http:\/\/www.polisrecreio.com.br\/site\/wp-content\/uploads\/2025\/05\/WhatsApp-Image-2025-05-09-at-10.42.51.jpeg\"><img loading=\"lazy\" class=\"aligncenter size-full wp-image-27980\" src=\"http:\/\/www.polisrecreio.com.br\/site\/wp-content\/uploads\/2025\/05\/WhatsApp-Image-2025-05-09-at-10.42.51.jpeg\" alt=\"\" width=\"1024\" height=\"1280\" srcset=\"https:\/\/www.polisrecreio.com.br\/site\/wp-content\/uploads\/2025\/05\/WhatsApp-Image-2025-05-09-at-10.42.51.jpeg 1024w, https:\/\/www.polisrecreio.com.br\/site\/wp-content\/uploads\/2025\/05\/WhatsApp-Image-2025-05-09-at-10.42.51-240x300.jpeg 240w, https:\/\/www.polisrecreio.com.br\/site\/wp-content\/uploads\/2025\/05\/WhatsApp-Image-2025-05-09-at-10.42.51-819x1024.jpeg 819w, https:\/\/www.polisrecreio.com.br\/site\/wp-content\/uploads\/2025\/05\/WhatsApp-Image-2025-05-09-at-10.42.51-768x960.jpeg 768w\" sizes=\"(max-width: 1024px) 100vw, 1024px\" \/><\/a><\/p>\n<p style=\"text-align: justify;\">Est\u00e3o confirmadas as participa\u00e7\u00f5es dos preletores Vin\u00edcius e Lucas, Miss Andreza e irm\u00e3 Ver\u00f4nica e tamb\u00e9m os cantores Mateus Leonel e Banda e Ant\u00f4nio Jorge e Roberta.<\/p>\n<p style=\"text-align: justify;\">A Assembleia de Deus Mutir\u00e3o \u00e9 presidida pelo pastor Evandro Souza e a pastora Margarida Souza. O pastor local \u00e9 Jos\u00e9 Eny.<\/p>\n<p><a href=\"http:\/\/www.polisrecreio.com.br\/site\/wp-content\/uploads\/2025\/05\/WhatsApp-Image-2025-05-09-at-11.39.57.jpeg\"><img loading=\"lazy\" class=\"aligncenter size-full wp-image-27979\" src=\"http:\/\/www.polisrecreio.com.br\/site\/wp-content\/uploads\/2025\/05\/WhatsApp-Image-2025-05-09-at-11.39.57.jpeg\" alt=\"\" width=\"1600\" height=\"1200\" srcset=\"https:\/\/www.polisrecreio.com.br\/site\/wp-content\/uploads\/2025\/05\/WhatsApp-Image-2025-05-09-at-11.39.57.jpeg 1600w, https:\/\/www.polisrecreio.com.br\/site\/wp-content\/uploads\/2025\/05\/WhatsApp-Image-2025-05-09-at-11.39.57-300x225.jpeg 300w, https:\/\/www.polisrecreio.com.br\/site\/wp-content\/uploads\/2025\/05\/WhatsApp-Image-2025-05-09-at-11.39.57-1024x768.jpeg 1024w, https:\/\/www.polisrecreio.com.br\/site\/wp-content\/uploads\/2025\/05\/WhatsApp-Image-2025-05-09-at-11.39.57-768x576.jpeg 768w, https:\/\/www.polisrecreio.com.br\/site\/wp-content\/uploads\/2025\/05\/WhatsApp-Image-2025-05-09-at-11.39.57-1536x1152.jpeg 1536w\" sizes=\"(max-width: 1600px) 100vw, 1600px\" \/><\/a><\/p>\n","protected":false},"excerpt":{"rendered":"<p>Nos dias 23 (sexta-feira) e 24 (s\u00e1bado) de maio, a partir das 18:30h, a Assembleia de Deus Mutir\u00e3o de Recreio promove o 1\u00ba Congresso de Jovens com o tema \u201cResist\u00eancia\u201d. O templo fica localizado \u00e0 Rua Guimar\u00e3es Ferreira, no bairro Canto dos Ferreira.<\/p>\n","protected":false},"author":3,"featured_media":0,"comment_status":"open","ping_status":"open","sticky":false,"template":"","format":"standard","meta":[],"categories":[6],"tags":[],"yoast_head":"<!-- This site is optimized with the Yoast SEO plugin v15.6.2 - https:\/\/yoast.com\/wordpress\/plugins\/seo\/ -->\n<meta name=\"robots\" content=\"index, follow, max-snippet:-1, max-image-preview:large, max-video-preview:-1\" \/>\n<link rel=\"canonical\" href=\"http:\/\/www.polisrecreio.com.br\/site\/2025\/05\/19\/1o-congresso-de-jovens-da-igreja-ad-mutirao-de-recreio-dias-23-e-24-de-maio\/\" \/>\n<meta property=\"og:locale\" content=\"pt_BR\" \/>\n<meta property=\"og:type\" content=\"article\" \/>\n<meta property=\"og:title\" content=\"1\u00ba Congresso de Jovens da Igreja AD Mutir\u00e3o de Recreio: dias 23 e 24 de maio - P\u00f3lis Recreio\" \/>\n<meta property=\"og:description\" content=\"Nos dias 23 (sexta-feira) e 24 (s\u00e1bado) de maio, a partir das 18:30h, a Assembleia de Deus Mutir\u00e3o de Recreio promove o 1\u00ba Congresso de Jovens com o tema \u201cResist\u00eancia\u201d. O templo fica localizado \u00e0 Rua Guimar\u00e3es Ferreira, no bairro Canto dos Ferreira.\" \/>\n<meta property=\"og:url\" content=\"http:\/\/www.polisrecreio.com.br\/site\/2025\/05\/19\/1o-congresso-de-jovens-da-igreja-ad-mutirao-de-recreio-dias-23-e-24-de-maio\/\" \/>\n<meta property=\"og:site_name\" content=\"P\u00f3lis Recreio\" \/>\n<meta property=\"article:publisher\" content=\"https:\/\/www.facebook.com\/Site-P%c3%b3lis-Recreio-MG-181941708571019\/\" \/>\n<meta property=\"article:published_time\" content=\"2025-05-19T22:35:14+00:00\" \/>\n<meta property=\"og:image\" content=\"http:\/\/www.polisrecreio.com.br\/site\/wp-content\/uploads\/2025\/05\/WhatsApp-Image-2025-05-09-at-10.42.51.jpeg\" \/>\n<meta name=\"twitter:card\" content=\"summary_large_image\" \/>\n<meta name=\"twitter:creator\" content=\"@PolisRecreio\" \/>\n<meta name=\"twitter:site\" content=\"@PolisRecreio\" \/>\n<meta name=\"twitter:label1\" content=\"Est. reading time\">\n\t<meta name=\"twitter:data1\" content=\"1 minuto\">\n<script type=\"application\/ld+json\" class=\"yoast-schema-graph\">{\"@context\":\"https:\/\/schema.org\",\"@graph\":[{\"@type\":\"WebSite\",\"@id\":\"https:\/\/www.polisrecreio.com.br\/site\/#website\",\"url\":\"https:\/\/www.polisrecreio.com.br\/site\/\",\"name\":\"P\\u00f3lis Recreio\",\"description\":\"\",\"potentialAction\":[{\"@type\":\"SearchAction\",\"target\":\"https:\/\/www.polisrecreio.com.br\/site\/?s={search_term_string}\",\"query-input\":\"required name=search_term_string\"}],\"inLanguage\":\"pt-BR\"},{\"@type\":\"ImageObject\",\"@id\":\"http:\/\/www.polisrecreio.com.br\/site\/2025\/05\/19\/1o-congresso-de-jovens-da-igreja-ad-mutirao-de-recreio-dias-23-e-24-de-maio\/#primaryimage\",\"inLanguage\":\"pt-BR\",\"url\":\"http:\/\/www.polisrecreio.com.br\/site\/wp-content\/uploads\/2025\/05\/WhatsApp-Image-2025-05-09-at-10.42.51.jpeg\"},{\"@type\":\"WebPage\",\"@id\":\"http:\/\/www.polisrecreio.com.br\/site\/2025\/05\/19\/1o-congresso-de-jovens-da-igreja-ad-mutirao-de-recreio-dias-23-e-24-de-maio\/#webpage\",\"url\":\"http:\/\/www.polisrecreio.com.br\/site\/2025\/05\/19\/1o-congresso-de-jovens-da-igreja-ad-mutirao-de-recreio-dias-23-e-24-de-maio\/\",\"name\":\"1\\u00ba Congresso de Jovens da Igreja AD Mutir\\u00e3o de Recreio: dias 23 e 24 de maio - P\\u00f3lis Recreio\",\"isPartOf\":{\"@id\":\"https:\/\/www.polisrecreio.com.br\/site\/#website\"},\"primaryImageOfPage\":{\"@id\":\"http:\/\/www.polisrecreio.com.br\/site\/2025\/05\/19\/1o-congresso-de-jovens-da-igreja-ad-mutirao-de-recreio-dias-23-e-24-de-maio\/#primaryimage\"},\"datePublished\":\"2025-05-19T22:35:14+00:00\",\"dateModified\":\"2025-05-19T22:35:14+00:00\",\"author\":{\"@id\":\"https:\/\/www.polisrecreio.com.br\/site\/#\/schema\/person\/3363c1c78e1e28e1329d97adb387638e\"},\"inLanguage\":\"pt-BR\",\"potentialAction\":[{\"@type\":\"ReadAction\",\"target\":[\"http:\/\/www.polisrecreio.com.br\/site\/2025\/05\/19\/1o-congresso-de-jovens-da-igreja-ad-mutirao-de-recreio-dias-23-e-24-de-maio\/\"]}]},{\"@type\":\"Person\",\"@id\":\"https:\/\/www.polisrecreio.com.br\/site\/#\/schema\/person\/3363c1c78e1e28e1329d97adb387638e\",\"name\":\"Leonardo Ribeiro\",\"image\":{\"@type\":\"ImageObject\",\"@id\":\"https:\/\/www.polisrecreio.com.br\/site\/#personlogo\",\"inLanguage\":\"pt-BR\",\"url\":\"https:\/\/secure.gravatar.com\/avatar\/6ba92a37d621e1a83e23710251178a12?s=96&d=mm&r=g\",\"caption\":\"Leonardo Ribeiro\"},\"sameAs\":[\"http:\/\/www.polisrecreio.com.br\"]}]}<\/script>\n<!-- \/ Yoast SEO plugin. -->","_links":{"self":[{"href":"https:\/\/www.polisrecreio.com.br\/site\/wp-json\/wp\/v2\/posts\/27978"}],"collection":[{"href":"https:\/\/www.polisrecreio.com.br\/site\/wp-json\/wp\/v2\/posts"}],"about":[{"href":"https:\/\/www.polisrecreio.com.br\/site\/wp-json\/wp\/v2\/types\/post"}],"author":[{"embeddable":true,"href":"https:\/\/www.polisrecreio.com.br\/site\/wp-json\/wp\/v2\/users\/3"}],"replies":[{"embeddable":true,"href":"https:\/\/www.polisrecreio.com.br\/site\/wp-json\/wp\/v2\/comments?post=27978"}],"version-history":[{"count":1,"href":"https:\/\/www.polisrecreio.com.br\/site\/wp-json\/wp\/v2\/posts\/27978\/revisions"}],"predecessor-version":[{"id":27981,"href":"https:\/\/www.polisrecreio.com.br\/site\/wp-json\/wp\/v2\/posts\/27978\/revisions\/27981"}],"wp:attachment":[{"href":"https:\/\/www.polisrecreio.com.br\/site\/wp-json\/wp\/v2\/media?parent=27978"}],"wp:term":[{"taxonomy":"category","embeddable":true,"href":"https:\/\/www.polisrecreio.com.br\/site\/wp-json\/wp\/v2\/categories?post=27978"},{"taxonomy":"post_tag","embeddable":true,"href":"https:\/\/www.polisrecreio.com.br\/site\/wp-json\/wp\/v2\/tags?post=27978"}],"curies":[{"name":"wp","href":"https:\/\/api.w.org\/{rel}","templated":true}]}}