{"id":27999,"date":"2025-05-29T08:35:04","date_gmt":"2025-05-29T11:35:04","guid":{"rendered":"http:\/\/www.polisrecreio.com.br\/site\/?p=27999"},"modified":"2025-05-29T08:35:46","modified_gmt":"2025-05-29T11:35:46","slug":"ad-fonte-de-aguas-cristalinas-de-recreio-promove-culto-de-jovens","status":"publish","type":"post","link":"https:\/\/www.polisrecreio.com.br\/site\/2025\/05\/29\/ad-fonte-de-aguas-cristalinas-de-recreio-promove-culto-de-jovens\/","title":{"rendered":"AD Fonte de \u00c1guas Cristalinas de Recreio promove \u201cCulto de Jovens\u201d"},"content":{"rendered":"<p style=\"text-align: justify;\">A Assembleia de Deus Fonte de \u00c1guas Cristalinas de Recreio, localizada \u00e0 Rua Augusto Lacerda, no bairro Caxias, promove de sexta a domingo (1) o \u201cCulto de Jovens\u201d.<\/p>\n<p><!--more--><\/p>\n<p><a href=\"http:\/\/www.polisrecreio.com.br\/site\/wp-content\/uploads\/2025\/05\/Acompanhado-1-1.jpg\"><img loading=\"lazy\" class=\"aligncenter size-full wp-image-28000\" src=\"http:\/\/www.polisrecreio.com.br\/site\/wp-content\/uploads\/2025\/05\/Acompanhado-1-1.jpg\" alt=\"\" width=\"750\" height=\"500\" srcset=\"https:\/\/www.polisrecreio.com.br\/site\/wp-content\/uploads\/2025\/05\/Acompanhado-1-1.jpg 750w, https:\/\/www.polisrecreio.com.br\/site\/wp-content\/uploads\/2025\/05\/Acompanhado-1-1-300x200.jpg 300w\" sizes=\"(max-width: 750px) 100vw, 750px\" \/><\/a><\/p>\n<p style=\"text-align: justify;\">O tema ser\u00e1 \u201cCom quem purificar\u00e1 o jovem o seu caminho?\u201d (salmo 119:9).<\/p>\n<p style=\"text-align: justify;\">Todos os dias, o in\u00edcio ser\u00e1 \u00e0s 19h.<\/p>\n<p><a href=\"http:\/\/www.polisrecreio.com.br\/site\/wp-content\/uploads\/2025\/05\/Acompanhado-2.jpg\"><img loading=\"lazy\" class=\"size-full wp-image-28001\" src=\"http:\/\/www.polisrecreio.com.br\/site\/wp-content\/uploads\/2025\/05\/Acompanhado-2.jpg\" alt=\"\" width=\"285\" height=\"500\" srcset=\"https:\/\/www.polisrecreio.com.br\/site\/wp-content\/uploads\/2025\/05\/Acompanhado-2.jpg 285w, https:\/\/www.polisrecreio.com.br\/site\/wp-content\/uploads\/2025\/05\/Acompanhado-2-171x300.jpg 171w\" sizes=\"(max-width: 285px) 100vw, 285px\" \/><\/a><\/p>\n<p>&nbsp;<\/p>\n","protected":false},"excerpt":{"rendered":"<p>A Assembleia de Deus Fonte de \u00c1guas Cristalinas de Recreio, localizada \u00e0 Rua Augusto Lacerda, no bairro Caxias, promove de sexta a domingo (1) o \u201cCulto de Jovens\u201d.<\/p>\n","protected":false},"author":3,"featured_media":0,"comment_status":"open","ping_status":"open","sticky":false,"template":"","format":"standard","meta":[],"categories":[6],"tags":[],"yoast_head":"<!-- This site is optimized with the Yoast SEO plugin v15.6.2 - https:\/\/yoast.com\/wordpress\/plugins\/seo\/ -->\n<meta name=\"robots\" content=\"index, follow, max-snippet:-1, max-image-preview:large, max-video-preview:-1\" \/>\n<link rel=\"canonical\" href=\"http:\/\/www.polisrecreio.com.br\/site\/2025\/05\/29\/ad-fonte-de-aguas-cristalinas-de-recreio-promove-culto-de-jovens\/\" \/>\n<meta property=\"og:locale\" content=\"pt_BR\" \/>\n<meta property=\"og:type\" content=\"article\" \/>\n<meta property=\"og:title\" content=\"AD Fonte de \u00c1guas Cristalinas de Recreio promove \u201cCulto de Jovens\u201d - P\u00f3lis Recreio\" \/>\n<meta property=\"og:description\" content=\"A Assembleia de Deus Fonte de \u00c1guas Cristalinas de Recreio, localizada \u00e0 Rua Augusto Lacerda, no bairro Caxias, promove de sexta a domingo (1) o \u201cCulto de Jovens\u201d.\" \/>\n<meta property=\"og:url\" content=\"http:\/\/www.polisrecreio.com.br\/site\/2025\/05\/29\/ad-fonte-de-aguas-cristalinas-de-recreio-promove-culto-de-jovens\/\" \/>\n<meta property=\"og:site_name\" content=\"P\u00f3lis Recreio\" \/>\n<meta property=\"article:publisher\" content=\"https:\/\/www.facebook.com\/Site-P%c3%b3lis-Recreio-MG-181941708571019\/\" \/>\n<meta property=\"article:published_time\" content=\"2025-05-29T11:35:04+00:00\" \/>\n<meta property=\"article:modified_time\" content=\"2025-05-29T11:35:46+00:00\" \/>\n<meta property=\"og:image\" content=\"http:\/\/www.polisrecreio.com.br\/site\/wp-content\/uploads\/2025\/05\/Acompanhado-1-1.jpg\" \/>\n<meta name=\"twitter:card\" content=\"summary_large_image\" \/>\n<meta name=\"twitter:creator\" content=\"@PolisRecreio\" \/>\n<meta name=\"twitter:site\" content=\"@PolisRecreio\" \/>\n<meta name=\"twitter:label1\" content=\"Est. reading time\">\n\t<meta name=\"twitter:data1\" content=\"1 minuto\">\n<script type=\"application\/ld+json\" class=\"yoast-schema-graph\">{\"@context\":\"https:\/\/schema.org\",\"@graph\":[{\"@type\":\"WebSite\",\"@id\":\"https:\/\/www.polisrecreio.com.br\/site\/#website\",\"url\":\"https:\/\/www.polisrecreio.com.br\/site\/\",\"name\":\"P\\u00f3lis Recreio\",\"description\":\"\",\"potentialAction\":[{\"@type\":\"SearchAction\",\"target\":\"https:\/\/www.polisrecreio.com.br\/site\/?s={search_term_string}\",\"query-input\":\"required name=search_term_string\"}],\"inLanguage\":\"pt-BR\"},{\"@type\":\"ImageObject\",\"@id\":\"http:\/\/www.polisrecreio.com.br\/site\/2025\/05\/29\/ad-fonte-de-aguas-cristalinas-de-recreio-promove-culto-de-jovens\/#primaryimage\",\"inLanguage\":\"pt-BR\",\"url\":\"http:\/\/www.polisrecreio.com.br\/site\/wp-content\/uploads\/2025\/05\/Acompanhado-1-1.jpg\"},{\"@type\":\"WebPage\",\"@id\":\"http:\/\/www.polisrecreio.com.br\/site\/2025\/05\/29\/ad-fonte-de-aguas-cristalinas-de-recreio-promove-culto-de-jovens\/#webpage\",\"url\":\"http:\/\/www.polisrecreio.com.br\/site\/2025\/05\/29\/ad-fonte-de-aguas-cristalinas-de-recreio-promove-culto-de-jovens\/\",\"name\":\"AD Fonte de \\u00c1guas Cristalinas de Recreio promove \\u201cCulto de Jovens\\u201d - P\\u00f3lis Recreio\",\"isPartOf\":{\"@id\":\"https:\/\/www.polisrecreio.com.br\/site\/#website\"},\"primaryImageOfPage\":{\"@id\":\"http:\/\/www.polisrecreio.com.br\/site\/2025\/05\/29\/ad-fonte-de-aguas-cristalinas-de-recreio-promove-culto-de-jovens\/#primaryimage\"},\"datePublished\":\"2025-05-29T11:35:04+00:00\",\"dateModified\":\"2025-05-29T11:35:46+00:00\",\"author\":{\"@id\":\"https:\/\/www.polisrecreio.com.br\/site\/#\/schema\/person\/3363c1c78e1e28e1329d97adb387638e\"},\"inLanguage\":\"pt-BR\",\"potentialAction\":[{\"@type\":\"ReadAction\",\"target\":[\"http:\/\/www.polisrecreio.com.br\/site\/2025\/05\/29\/ad-fonte-de-aguas-cristalinas-de-recreio-promove-culto-de-jovens\/\"]}]},{\"@type\":\"Person\",\"@id\":\"https:\/\/www.polisrecreio.com.br\/site\/#\/schema\/person\/3363c1c78e1e28e1329d97adb387638e\",\"name\":\"Leonardo Ribeiro\",\"image\":{\"@type\":\"ImageObject\",\"@id\":\"https:\/\/www.polisrecreio.com.br\/site\/#personlogo\",\"inLanguage\":\"pt-BR\",\"url\":\"https:\/\/secure.gravatar.com\/avatar\/6ba92a37d621e1a83e23710251178a12?s=96&d=mm&r=g\",\"caption\":\"Leonardo Ribeiro\"},\"sameAs\":[\"http:\/\/www.polisrecreio.com.br\"]}]}<\/script>\n<!-- \/ Yoast SEO plugin. -->","_links":{"self":[{"href":"https:\/\/www.polisrecreio.com.br\/site\/wp-json\/wp\/v2\/posts\/27999"}],"collection":[{"href":"https:\/\/www.polisrecreio.com.br\/site\/wp-json\/wp\/v2\/posts"}],"about":[{"href":"https:\/\/www.polisrecreio.com.br\/site\/wp-json\/wp\/v2\/types\/post"}],"author":[{"embeddable":true,"href":"https:\/\/www.polisrecreio.com.br\/site\/wp-json\/wp\/v2\/users\/3"}],"replies":[{"embeddable":true,"href":"https:\/\/www.polisrecreio.com.br\/site\/wp-json\/wp\/v2\/comments?post=27999"}],"version-history":[{"count":2,"href":"https:\/\/www.polisrecreio.com.br\/site\/wp-json\/wp\/v2\/posts\/27999\/revisions"}],"predecessor-version":[{"id":28003,"href":"https:\/\/www.polisrecreio.com.br\/site\/wp-json\/wp\/v2\/posts\/27999\/revisions\/28003"}],"wp:attachment":[{"href":"https:\/\/www.polisrecreio.com.br\/site\/wp-json\/wp\/v2\/media?parent=27999"}],"wp:term":[{"taxonomy":"category","embeddable":true,"href":"https:\/\/www.polisrecreio.com.br\/site\/wp-json\/wp\/v2\/categories?post=27999"},{"taxonomy":"post_tag","embeddable":true,"href":"https:\/\/www.polisrecreio.com.br\/site\/wp-json\/wp\/v2\/tags?post=27999"}],"curies":[{"name":"wp","href":"https:\/\/api.w.org\/{rel}","templated":true}]}}