{"id":2801,"date":"2016-08-30T23:42:04","date_gmt":"2016-08-31T02:42:04","guid":{"rendered":"http:\/\/www.polisrecreio.com.br\/site\/?p=2801"},"modified":"2016-08-30T23:43:25","modified_gmt":"2016-08-31T02:43:25","slug":"saae-realiza-obra-emergencial-por-causa-da-estiagem","status":"publish","type":"post","link":"https:\/\/www.polisrecreio.com.br\/site\/2016\/08\/30\/saae-realiza-obra-emergencial-por-causa-da-estiagem\/","title":{"rendered":"SAAE realiza obra emergencial por causa da estiagem"},"content":{"rendered":"<p style=\"text-align: justify;\">H\u00e1 3 meses que Recreio n\u00e3o recebe um acumulo de chuvas necess\u00e1rio para normalizar o fluxo de \u00e1gua do principal recurso h\u00eddrico da cidade, o Ribeir\u00e3o dos Monos. Por causa da estiagem o Servi\u00e7o Aut\u00f4nomo de \u00c1gua e Esgoto \u201cSAAE\u201d come\u00e7ou uma obra emergencial na regi\u00e3o do Ribeir\u00e3o, pr\u00f3ximo a Esta\u00e7\u00e3o de Tratamento de Esgoto do Alto do Asilo.<\/p>\n<p style=\"text-align: justify;\"><!--more--><\/p>\n<figure id=\"attachment_2802\" aria-describedby=\"caption-attachment-2802\" style=\"width: 800px\" class=\"wp-caption aligncenter\"><a href=\"http:\/\/www.polisrecreio.com.br\/site\/wp-content\/uploads\/2016\/08\/IMG-20160830-WA0007.jpg\"><img loading=\"lazy\" class=\"wp-image-2802 size-full\" src=\"http:\/\/www.polisrecreio.com.br\/site\/wp-content\/uploads\/2016\/08\/IMG-20160830-WA0007.jpg\" alt=\"IMG-20160830-WA0007\" width=\"800\" height=\"310\" srcset=\"https:\/\/www.polisrecreio.com.br\/site\/wp-content\/uploads\/2016\/08\/IMG-20160830-WA0007.jpg 800w, https:\/\/www.polisrecreio.com.br\/site\/wp-content\/uploads\/2016\/08\/IMG-20160830-WA0007-300x116.jpg 300w\" sizes=\"(max-width: 800px) 100vw, 800px\" \/><\/a><figcaption id=\"caption-attachment-2802\" class=\"wp-caption-text\">M\u00e1quina trabalhando no Ribeir\u00e3o dos Monos.<\/figcaption><\/figure>\n<p style=\"text-align: justify;\">De acordo com o engenheiro civil do SAAE, Ant\u00f4nio Edilso Lima do Bem, \u201co objetivo da obra \u00e9 limpar, dessassorear e ampliar a capacidade de \u00e1gua na regi\u00e3o onde \u00e9 feita a capta\u00e7\u00e3o do recurso em \u00e9pocas de escassez de chuvas. Com isso, esperamos melhorar o abastecimento da cidade e o volume de \u00e1gua no curso do Ribeir\u00e3o\u201d, completou.<\/p>\n<figure id=\"attachment_2804\" aria-describedby=\"caption-attachment-2804\" style=\"width: 300px\" class=\"wp-caption alignleft\"><a href=\"http:\/\/www.polisrecreio.com.br\/site\/wp-content\/uploads\/2016\/08\/IMG-20160830-WA0003.jpg\"><img loading=\"lazy\" class=\"wp-image-2804 size-medium\" src=\"http:\/\/www.polisrecreio.com.br\/site\/wp-content\/uploads\/2016\/08\/IMG-20160830-WA0003-300x251.jpg\" alt=\"IMG-20160830-WA0003\" width=\"300\" height=\"251\" srcset=\"https:\/\/www.polisrecreio.com.br\/site\/wp-content\/uploads\/2016\/08\/IMG-20160830-WA0003-300x251.jpg 300w, https:\/\/www.polisrecreio.com.br\/site\/wp-content\/uploads\/2016\/08\/IMG-20160830-WA0003.jpg 800w\" sizes=\"(max-width: 300px) 100vw, 300px\" \/><\/a><figcaption id=\"caption-attachment-2804\" class=\"wp-caption-text\">Diretor do SAAE, Ronaldo.<\/figcaption><\/figure>\n<p style=\"text-align: justify;\">Desde 2014, Recreio sofre com uma crise h\u00eddrica considerada pela popula\u00e7\u00e3o como a mais grave da hist\u00f3ria do Munic\u00edpio. \u201cEm 2015, a Prefeitura Municipal em parceria com o SAAE investiu na amplia\u00e7\u00e3o do manancial, localizado na Serra das Virgens, h\u00e1 2 km da \u00e1rea urbana, mas, a falta de chuvas constantes est\u00e1 dificultando a normaliza\u00e7\u00e3o no fornecimento\u201d, disse o diretor do SAAE, Ronaldo Lu\u00eds Machado Silva. Segundo Ronaldo, \u201cos servi\u00e7os no Ribeir\u00e3o est\u00e3o sendo custeados com recursos do SAAE\u201d.<\/p>\n<p style=\"text-align: justify;\">Este ano, pela segunda vez, o abastecimento de \u00e1gua na cidade est\u00e1 sendo por meio de rotatividade. Maiores informa\u00e7\u00f5es sobre o rod\u00edzio pelo telefone 3444-1202.<\/p>\n","protected":false},"excerpt":{"rendered":"<p>H\u00e1 3 meses que Recreio n\u00e3o recebe um acumulo de chuvas necess\u00e1rio para normalizar o fluxo de \u00e1gua do principal recurso h\u00eddrico da cidade, o Ribeir\u00e3o dos Monos. Por causa da estiagem o Servi\u00e7o Aut\u00f4nomo de \u00c1gua e Esgoto \u201cSAAE\u201d come\u00e7ou uma obra emergencial na regi\u00e3o do Ribeir\u00e3o, pr\u00f3ximo a Esta\u00e7\u00e3o de Tratamento de Esgoto [&hellip;]<\/p>\n","protected":false},"author":3,"featured_media":2802,"comment_status":"open","ping_status":"open","sticky":false,"template":"","format":"standard","meta":[],"categories":[6],"tags":[],"yoast_head":"<!-- This site is optimized with the Yoast SEO plugin v15.6.2 - https:\/\/yoast.com\/wordpress\/plugins\/seo\/ -->\n<meta name=\"robots\" content=\"index, follow, max-snippet:-1, max-image-preview:large, max-video-preview:-1\" \/>\n<link rel=\"canonical\" href=\"https:\/\/www.polisrecreio.com.br\/site\/2016\/08\/30\/saae-realiza-obra-emergencial-por-causa-da-estiagem\/\" \/>\n<meta property=\"og:locale\" content=\"pt_BR\" \/>\n<meta property=\"og:type\" content=\"article\" \/>\n<meta property=\"og:title\" content=\"SAAE realiza obra emergencial por causa da estiagem - P\u00f3lis Recreio\" \/>\n<meta property=\"og:description\" content=\"H\u00e1 3 meses que Recreio n\u00e3o recebe um acumulo de chuvas necess\u00e1rio para normalizar o fluxo de \u00e1gua do principal recurso h\u00eddrico da cidade, o Ribeir\u00e3o dos Monos. Por causa da estiagem o Servi\u00e7o Aut\u00f4nomo de \u00c1gua e Esgoto \u201cSAAE\u201d come\u00e7ou uma obra emergencial na regi\u00e3o do Ribeir\u00e3o, pr\u00f3ximo a Esta\u00e7\u00e3o de Tratamento de Esgoto [&hellip;]\" \/>\n<meta property=\"og:url\" content=\"https:\/\/www.polisrecreio.com.br\/site\/2016\/08\/30\/saae-realiza-obra-emergencial-por-causa-da-estiagem\/\" \/>\n<meta property=\"og:site_name\" content=\"P\u00f3lis Recreio\" \/>\n<meta property=\"article:publisher\" content=\"https:\/\/www.facebook.com\/Site-P%c3%b3lis-Recreio-MG-181941708571019\/\" \/>\n<meta property=\"article:published_time\" content=\"2016-08-31T02:42:04+00:00\" \/>\n<meta property=\"article:modified_time\" content=\"2016-08-31T02:43:25+00:00\" \/>\n<meta property=\"og:image\" content=\"https:\/\/www.polisrecreio.com.br\/site\/wp-content\/uploads\/2016\/08\/IMG-20160830-WA0007.jpg\" \/>\n\t<meta property=\"og:image:width\" content=\"800\" \/>\n\t<meta property=\"og:image:height\" content=\"310\" \/>\n<meta name=\"twitter:card\" content=\"summary_large_image\" \/>\n<meta name=\"twitter:creator\" content=\"@PolisRecreio\" \/>\n<meta name=\"twitter:site\" content=\"@PolisRecreio\" \/>\n<meta name=\"twitter:label1\" content=\"Est. reading time\">\n\t<meta name=\"twitter:data1\" content=\"1 minuto\">\n<script type=\"application\/ld+json\" class=\"yoast-schema-graph\">{\"@context\":\"https:\/\/schema.org\",\"@graph\":[{\"@type\":\"WebSite\",\"@id\":\"https:\/\/www.polisrecreio.com.br\/site\/#website\",\"url\":\"https:\/\/www.polisrecreio.com.br\/site\/\",\"name\":\"P\\u00f3lis Recreio\",\"description\":\"\",\"potentialAction\":[{\"@type\":\"SearchAction\",\"target\":\"https:\/\/www.polisrecreio.com.br\/site\/?s={search_term_string}\",\"query-input\":\"required name=search_term_string\"}],\"inLanguage\":\"pt-BR\"},{\"@type\":\"ImageObject\",\"@id\":\"https:\/\/www.polisrecreio.com.br\/site\/2016\/08\/30\/saae-realiza-obra-emergencial-por-causa-da-estiagem\/#primaryimage\",\"inLanguage\":\"pt-BR\",\"url\":\"https:\/\/www.polisrecreio.com.br\/site\/wp-content\/uploads\/2016\/08\/IMG-20160830-WA0007.jpg\",\"width\":800,\"height\":310},{\"@type\":\"WebPage\",\"@id\":\"https:\/\/www.polisrecreio.com.br\/site\/2016\/08\/30\/saae-realiza-obra-emergencial-por-causa-da-estiagem\/#webpage\",\"url\":\"https:\/\/www.polisrecreio.com.br\/site\/2016\/08\/30\/saae-realiza-obra-emergencial-por-causa-da-estiagem\/\",\"name\":\"SAAE realiza obra emergencial por causa da estiagem - P\\u00f3lis Recreio\",\"isPartOf\":{\"@id\":\"https:\/\/www.polisrecreio.com.br\/site\/#website\"},\"primaryImageOfPage\":{\"@id\":\"https:\/\/www.polisrecreio.com.br\/site\/2016\/08\/30\/saae-realiza-obra-emergencial-por-causa-da-estiagem\/#primaryimage\"},\"datePublished\":\"2016-08-31T02:42:04+00:00\",\"dateModified\":\"2016-08-31T02:43:25+00:00\",\"author\":{\"@id\":\"https:\/\/www.polisrecreio.com.br\/site\/#\/schema\/person\/3363c1c78e1e28e1329d97adb387638e\"},\"inLanguage\":\"pt-BR\",\"potentialAction\":[{\"@type\":\"ReadAction\",\"target\":[\"https:\/\/www.polisrecreio.com.br\/site\/2016\/08\/30\/saae-realiza-obra-emergencial-por-causa-da-estiagem\/\"]}]},{\"@type\":\"Person\",\"@id\":\"https:\/\/www.polisrecreio.com.br\/site\/#\/schema\/person\/3363c1c78e1e28e1329d97adb387638e\",\"name\":\"Leonardo Ribeiro\",\"image\":{\"@type\":\"ImageObject\",\"@id\":\"https:\/\/www.polisrecreio.com.br\/site\/#personlogo\",\"inLanguage\":\"pt-BR\",\"url\":\"https:\/\/secure.gravatar.com\/avatar\/6ba92a37d621e1a83e23710251178a12?s=96&d=mm&r=g\",\"caption\":\"Leonardo Ribeiro\"},\"sameAs\":[\"http:\/\/www.polisrecreio.com.br\"]}]}<\/script>\n<!-- \/ Yoast SEO plugin. -->","_links":{"self":[{"href":"https:\/\/www.polisrecreio.com.br\/site\/wp-json\/wp\/v2\/posts\/2801"}],"collection":[{"href":"https:\/\/www.polisrecreio.com.br\/site\/wp-json\/wp\/v2\/posts"}],"about":[{"href":"https:\/\/www.polisrecreio.com.br\/site\/wp-json\/wp\/v2\/types\/post"}],"author":[{"embeddable":true,"href":"https:\/\/www.polisrecreio.com.br\/site\/wp-json\/wp\/v2\/users\/3"}],"replies":[{"embeddable":true,"href":"https:\/\/www.polisrecreio.com.br\/site\/wp-json\/wp\/v2\/comments?post=2801"}],"version-history":[{"count":2,"href":"https:\/\/www.polisrecreio.com.br\/site\/wp-json\/wp\/v2\/posts\/2801\/revisions"}],"predecessor-version":[{"id":2806,"href":"https:\/\/www.polisrecreio.com.br\/site\/wp-json\/wp\/v2\/posts\/2801\/revisions\/2806"}],"wp:featuredmedia":[{"embeddable":true,"href":"https:\/\/www.polisrecreio.com.br\/site\/wp-json\/wp\/v2\/media\/2802"}],"wp:attachment":[{"href":"https:\/\/www.polisrecreio.com.br\/site\/wp-json\/wp\/v2\/media?parent=2801"}],"wp:term":[{"taxonomy":"category","embeddable":true,"href":"https:\/\/www.polisrecreio.com.br\/site\/wp-json\/wp\/v2\/categories?post=2801"},{"taxonomy":"post_tag","embeddable":true,"href":"https:\/\/www.polisrecreio.com.br\/site\/wp-json\/wp\/v2\/tags?post=2801"}],"curies":[{"name":"wp","href":"https:\/\/api.w.org\/{rel}","templated":true}]}}