{"id":28010,"date":"2025-06-02T14:28:33","date_gmt":"2025-06-02T17:28:33","guid":{"rendered":"http:\/\/www.polisrecreio.com.br\/site\/?p=28010"},"modified":"2025-06-02T14:29:31","modified_gmt":"2025-06-02T17:29:31","slug":"ciclistas-de-recreio-e-regiao-participaram-do-2o-pedal-entre-amigos","status":"publish","type":"post","link":"https:\/\/www.polisrecreio.com.br\/site\/2025\/06\/02\/ciclistas-de-recreio-e-regiao-participaram-do-2o-pedal-entre-amigos\/","title":{"rendered":"Ciclistas de Recreio e regi\u00e3o participaram do \u201c2\u00ba Pedal entre Amigos\u201d"},"content":{"rendered":"<p style=\"text-align: justify;\">Na manh\u00e3 do \u00faltimo domingo (1), aconteceu em Recreio o \u201c2\u00ba Pedal entre Amigos\u201d com participa\u00e7\u00e3o de ciclistas de Recreio, Cataguases, Leopoldina, Juiz de Fora, Laranjal, Raul Soares e Barbacena.<\/p>\n<p><!--more--><\/p>\n<p><a href=\"http:\/\/www.polisrecreio.com.br\/site\/wp-content\/uploads\/2025\/06\/10.jpg\"><img loading=\"lazy\" class=\"aligncenter size-full wp-image-28019\" src=\"http:\/\/www.polisrecreio.com.br\/site\/wp-content\/uploads\/2025\/06\/10.jpg\" alt=\"\" width=\"750\" height=\"500\" srcset=\"https:\/\/www.polisrecreio.com.br\/site\/wp-content\/uploads\/2025\/06\/10.jpg 750w, https:\/\/www.polisrecreio.com.br\/site\/wp-content\/uploads\/2025\/06\/10-300x200.jpg 300w\" sizes=\"(max-width: 750px) 100vw, 750px\" \/><\/a><\/p>\n<p style=\"text-align: justify;\">A turma da bike passou pelas estradas e trilhas do ABC Recreiense. Foram duas categorias: intermedi\u00e1ria com 25 km e elite com 45 km.<\/p>\n<p style=\"text-align: justify;\">O evento esportivo \u00e9 organizado pelo grupo \u00c1guias do Pedal de Recreio e conta com apoio da Prefeitura de Recreio, atrav\u00e9s das Secretarias de Esportes e de Cultura\/Turismo.<\/p>\n<p><em>Fotos: Marcelo Andrade.<\/em><\/p>\n<p><a href=\"http:\/\/www.polisrecreio.com.br\/site\/wp-content\/uploads\/2025\/06\/2-2.jpg\"><img loading=\"lazy\" class=\"aligncenter size-full wp-image-28021\" src=\"http:\/\/www.polisrecreio.com.br\/site\/wp-content\/uploads\/2025\/06\/2-2.jpg\" alt=\"\" width=\"750\" height=\"500\" srcset=\"https:\/\/www.polisrecreio.com.br\/site\/wp-content\/uploads\/2025\/06\/2-2.jpg 750w, https:\/\/www.polisrecreio.com.br\/site\/wp-content\/uploads\/2025\/06\/2-2-300x200.jpg 300w\" sizes=\"(max-width: 750px) 100vw, 750px\" \/><\/a><\/p>\n<p><a href=\"http:\/\/www.polisrecreio.com.br\/site\/wp-content\/uploads\/2025\/06\/5.jpg\"><img loading=\"lazy\" class=\"aligncenter size-full wp-image-28014\" src=\"http:\/\/www.polisrecreio.com.br\/site\/wp-content\/uploads\/2025\/06\/5.jpg\" alt=\"\" width=\"750\" height=\"500\" srcset=\"https:\/\/www.polisrecreio.com.br\/site\/wp-content\/uploads\/2025\/06\/5.jpg 750w, https:\/\/www.polisrecreio.com.br\/site\/wp-content\/uploads\/2025\/06\/5-300x200.jpg 300w\" sizes=\"(max-width: 750px) 100vw, 750px\" \/><\/a><\/p>\n<p><a href=\"http:\/\/www.polisrecreio.com.br\/site\/wp-content\/uploads\/2025\/06\/4.jpg\"><img loading=\"lazy\" class=\"aligncenter size-full wp-image-28013\" src=\"http:\/\/www.polisrecreio.com.br\/site\/wp-content\/uploads\/2025\/06\/4.jpg\" alt=\"\" width=\"750\" height=\"500\" srcset=\"https:\/\/www.polisrecreio.com.br\/site\/wp-content\/uploads\/2025\/06\/4.jpg 750w, https:\/\/www.polisrecreio.com.br\/site\/wp-content\/uploads\/2025\/06\/4-300x200.jpg 300w\" sizes=\"(max-width: 750px) 100vw, 750px\" \/><\/a><\/p>\n<p>&nbsp;<\/p>\n<figure id=\"attachment_28011\" aria-describedby=\"caption-attachment-28011\" style=\"width: 750px\" class=\"wp-caption aligncenter\"><a href=\"http:\/\/www.polisrecreio.com.br\/site\/wp-content\/uploads\/2025\/06\/Acompanhado-1.jpg\"><img loading=\"lazy\" class=\"wp-image-28011 size-full\" src=\"http:\/\/www.polisrecreio.com.br\/site\/wp-content\/uploads\/2025\/06\/Acompanhado-1.jpg\" alt=\"\" width=\"750\" height=\"500\" srcset=\"https:\/\/www.polisrecreio.com.br\/site\/wp-content\/uploads\/2025\/06\/Acompanhado-1.jpg 750w, https:\/\/www.polisrecreio.com.br\/site\/wp-content\/uploads\/2025\/06\/Acompanhado-1-300x200.jpg 300w\" sizes=\"(max-width: 750px) 100vw, 750px\" \/><\/a><figcaption id=\"caption-attachment-28011\" class=\"wp-caption-text\">Jovens ciclistas.<\/figcaption><\/figure>\n<p><a href=\"http:\/\/www.polisrecreio.com.br\/site\/wp-content\/uploads\/2025\/06\/3.jpg\"><img loading=\"lazy\" class=\"aligncenter size-full wp-image-28012\" src=\"http:\/\/www.polisrecreio.com.br\/site\/wp-content\/uploads\/2025\/06\/3.jpg\" alt=\"\" width=\"750\" height=\"500\" srcset=\"https:\/\/www.polisrecreio.com.br\/site\/wp-content\/uploads\/2025\/06\/3.jpg 750w, https:\/\/www.polisrecreio.com.br\/site\/wp-content\/uploads\/2025\/06\/3-300x200.jpg 300w\" sizes=\"(max-width: 750px) 100vw, 750px\" \/><\/a><a href=\"http:\/\/www.polisrecreio.com.br\/site\/wp-content\/uploads\/2025\/06\/1-2.jpg\"><img loading=\"lazy\" class=\"aligncenter size-full wp-image-28020\" src=\"http:\/\/www.polisrecreio.com.br\/site\/wp-content\/uploads\/2025\/06\/1-2.jpg\" alt=\"\" width=\"750\" height=\"500\" srcset=\"https:\/\/www.polisrecreio.com.br\/site\/wp-content\/uploads\/2025\/06\/1-2.jpg 750w, https:\/\/www.polisrecreio.com.br\/site\/wp-content\/uploads\/2025\/06\/1-2-300x200.jpg 300w\" sizes=\"(max-width: 750px) 100vw, 750px\" \/><\/a><\/p>\n<p><a href=\"http:\/\/www.polisrecreio.com.br\/site\/wp-content\/uploads\/2025\/06\/2-2.jpg\"><img loading=\"lazy\" class=\"aligncenter size-full wp-image-28021\" src=\"http:\/\/www.polisrecreio.com.br\/site\/wp-content\/uploads\/2025\/06\/2-2.jpg\" alt=\"\" width=\"750\" height=\"500\" srcset=\"https:\/\/www.polisrecreio.com.br\/site\/wp-content\/uploads\/2025\/06\/2-2.jpg 750w, https:\/\/www.polisrecreio.com.br\/site\/wp-content\/uploads\/2025\/06\/2-2-300x200.jpg 300w\" sizes=\"(max-width: 750px) 100vw, 750px\" \/><\/a><\/p>\n<figure id=\"attachment_28017\" aria-describedby=\"caption-attachment-28017\" style=\"width: 750px\" class=\"wp-caption aligncenter\"><a href=\"http:\/\/www.polisrecreio.com.br\/site\/wp-content\/uploads\/2025\/06\/8.jpg\"><img loading=\"lazy\" class=\"size-full wp-image-28017\" src=\"http:\/\/www.polisrecreio.com.br\/site\/wp-content\/uploads\/2025\/06\/8.jpg\" alt=\"\" width=\"750\" height=\"500\" srcset=\"https:\/\/www.polisrecreio.com.br\/site\/wp-content\/uploads\/2025\/06\/8.jpg 750w, https:\/\/www.polisrecreio.com.br\/site\/wp-content\/uploads\/2025\/06\/8-300x200.jpg 300w\" sizes=\"(max-width: 750px) 100vw, 750px\" \/><\/a><figcaption id=\"caption-attachment-28017\" class=\"wp-caption-text\">Ganhadoras da categoria intermedi\u00e1rio.<\/figcaption><\/figure>\n<figure id=\"attachment_28015\" aria-describedby=\"caption-attachment-28015\" style=\"width: 750px\" class=\"wp-caption aligncenter\"><a href=\"http:\/\/www.polisrecreio.com.br\/site\/wp-content\/uploads\/2025\/06\/6.jpg\"><img loading=\"lazy\" class=\"wp-image-28015 size-full\" src=\"http:\/\/www.polisrecreio.com.br\/site\/wp-content\/uploads\/2025\/06\/6.jpg\" alt=\"\" width=\"750\" height=\"500\" srcset=\"https:\/\/www.polisrecreio.com.br\/site\/wp-content\/uploads\/2025\/06\/6.jpg 750w, https:\/\/www.polisrecreio.com.br\/site\/wp-content\/uploads\/2025\/06\/6-300x200.jpg 300w\" sizes=\"(max-width: 750px) 100vw, 750px\" \/><\/a><figcaption id=\"caption-attachment-28015\" class=\"wp-caption-text\">Ganhadores categoria intermedi\u00e1rio.<\/figcaption><\/figure>\n<figure id=\"attachment_28018\" aria-describedby=\"caption-attachment-28018\" style=\"width: 750px\" class=\"wp-caption aligncenter\"><a href=\"http:\/\/www.polisrecreio.com.br\/site\/wp-content\/uploads\/2025\/06\/9.jpg\"><img loading=\"lazy\" class=\"size-full wp-image-28018\" src=\"http:\/\/www.polisrecreio.com.br\/site\/wp-content\/uploads\/2025\/06\/9.jpg\" alt=\"\" width=\"750\" height=\"500\" srcset=\"https:\/\/www.polisrecreio.com.br\/site\/wp-content\/uploads\/2025\/06\/9.jpg 750w, https:\/\/www.polisrecreio.com.br\/site\/wp-content\/uploads\/2025\/06\/9-300x200.jpg 300w\" sizes=\"(max-width: 750px) 100vw, 750px\" \/><\/a><figcaption id=\"caption-attachment-28018\" class=\"wp-caption-text\">Ganhadoras categoria elite.<\/figcaption><\/figure>\n<figure id=\"attachment_28016\" aria-describedby=\"caption-attachment-28016\" style=\"width: 750px\" class=\"wp-caption aligncenter\"><a href=\"http:\/\/www.polisrecreio.com.br\/site\/wp-content\/uploads\/2025\/06\/7.jpg\"><img loading=\"lazy\" class=\"size-full wp-image-28016\" src=\"http:\/\/www.polisrecreio.com.br\/site\/wp-content\/uploads\/2025\/06\/7.jpg\" alt=\"\" width=\"750\" height=\"500\" srcset=\"https:\/\/www.polisrecreio.com.br\/site\/wp-content\/uploads\/2025\/06\/7.jpg 750w, https:\/\/www.polisrecreio.com.br\/site\/wp-content\/uploads\/2025\/06\/7-300x200.jpg 300w\" sizes=\"(max-width: 750px) 100vw, 750px\" \/><\/a><figcaption id=\"caption-attachment-28016\" class=\"wp-caption-text\">Ganhadores da categoria elite.<\/figcaption><\/figure>\n","protected":false},"excerpt":{"rendered":"<p>Na manh\u00e3 do \u00faltimo domingo (1), aconteceu em Recreio o \u201c2\u00ba Pedal entre Amigos\u201d com participa\u00e7\u00e3o de ciclistas de Recreio, Cataguases, Leopoldina, Juiz de Fora, Laranjal, Raul Soares e Barbacena.<\/p>\n","protected":false},"author":3,"featured_media":0,"comment_status":"open","ping_status":"open","sticky":false,"template":"","format":"standard","meta":[],"categories":[4],"tags":[],"yoast_head":"<!-- This site is optimized with the Yoast SEO plugin v15.6.2 - https:\/\/yoast.com\/wordpress\/plugins\/seo\/ -->\n<meta name=\"robots\" content=\"index, follow, max-snippet:-1, max-image-preview:large, max-video-preview:-1\" \/>\n<link rel=\"canonical\" href=\"http:\/\/www.polisrecreio.com.br\/site\/2025\/06\/02\/ciclistas-de-recreio-e-regiao-participaram-do-2o-pedal-entre-amigos\/\" \/>\n<meta property=\"og:locale\" content=\"pt_BR\" \/>\n<meta property=\"og:type\" content=\"article\" \/>\n<meta property=\"og:title\" content=\"Ciclistas de Recreio e regi\u00e3o participaram do \u201c2\u00ba Pedal entre Amigos\u201d - P\u00f3lis Recreio\" \/>\n<meta property=\"og:description\" content=\"Na manh\u00e3 do \u00faltimo domingo (1), aconteceu em Recreio o \u201c2\u00ba Pedal entre Amigos\u201d com participa\u00e7\u00e3o de ciclistas de Recreio, Cataguases, Leopoldina, Juiz de Fora, Laranjal, Raul Soares e Barbacena.\" \/>\n<meta property=\"og:url\" content=\"http:\/\/www.polisrecreio.com.br\/site\/2025\/06\/02\/ciclistas-de-recreio-e-regiao-participaram-do-2o-pedal-entre-amigos\/\" \/>\n<meta property=\"og:site_name\" content=\"P\u00f3lis Recreio\" \/>\n<meta property=\"article:publisher\" content=\"https:\/\/www.facebook.com\/Site-P%c3%b3lis-Recreio-MG-181941708571019\/\" \/>\n<meta property=\"article:published_time\" content=\"2025-06-02T17:28:33+00:00\" \/>\n<meta property=\"article:modified_time\" content=\"2025-06-02T17:29:31+00:00\" \/>\n<meta property=\"og:image\" content=\"http:\/\/www.polisrecreio.com.br\/site\/wp-content\/uploads\/2025\/06\/10.jpg\" \/>\n<meta name=\"twitter:card\" content=\"summary_large_image\" \/>\n<meta name=\"twitter:creator\" content=\"@PolisRecreio\" \/>\n<meta name=\"twitter:site\" content=\"@PolisRecreio\" \/>\n<meta name=\"twitter:label1\" content=\"Est. reading time\">\n\t<meta name=\"twitter:data1\" content=\"3 minutos\">\n<script type=\"application\/ld+json\" class=\"yoast-schema-graph\">{\"@context\":\"https:\/\/schema.org\",\"@graph\":[{\"@type\":\"WebSite\",\"@id\":\"https:\/\/www.polisrecreio.com.br\/site\/#website\",\"url\":\"https:\/\/www.polisrecreio.com.br\/site\/\",\"name\":\"P\\u00f3lis Recreio\",\"description\":\"\",\"potentialAction\":[{\"@type\":\"SearchAction\",\"target\":\"https:\/\/www.polisrecreio.com.br\/site\/?s={search_term_string}\",\"query-input\":\"required name=search_term_string\"}],\"inLanguage\":\"pt-BR\"},{\"@type\":\"ImageObject\",\"@id\":\"http:\/\/www.polisrecreio.com.br\/site\/2025\/06\/02\/ciclistas-de-recreio-e-regiao-participaram-do-2o-pedal-entre-amigos\/#primaryimage\",\"inLanguage\":\"pt-BR\",\"url\":\"http:\/\/www.polisrecreio.com.br\/site\/wp-content\/uploads\/2025\/06\/10.jpg\"},{\"@type\":\"WebPage\",\"@id\":\"http:\/\/www.polisrecreio.com.br\/site\/2025\/06\/02\/ciclistas-de-recreio-e-regiao-participaram-do-2o-pedal-entre-amigos\/#webpage\",\"url\":\"http:\/\/www.polisrecreio.com.br\/site\/2025\/06\/02\/ciclistas-de-recreio-e-regiao-participaram-do-2o-pedal-entre-amigos\/\",\"name\":\"Ciclistas de Recreio e regi\\u00e3o participaram do \\u201c2\\u00ba Pedal entre Amigos\\u201d - P\\u00f3lis Recreio\",\"isPartOf\":{\"@id\":\"https:\/\/www.polisrecreio.com.br\/site\/#website\"},\"primaryImageOfPage\":{\"@id\":\"http:\/\/www.polisrecreio.com.br\/site\/2025\/06\/02\/ciclistas-de-recreio-e-regiao-participaram-do-2o-pedal-entre-amigos\/#primaryimage\"},\"datePublished\":\"2025-06-02T17:28:33+00:00\",\"dateModified\":\"2025-06-02T17:29:31+00:00\",\"author\":{\"@id\":\"https:\/\/www.polisrecreio.com.br\/site\/#\/schema\/person\/3363c1c78e1e28e1329d97adb387638e\"},\"inLanguage\":\"pt-BR\",\"potentialAction\":[{\"@type\":\"ReadAction\",\"target\":[\"http:\/\/www.polisrecreio.com.br\/site\/2025\/06\/02\/ciclistas-de-recreio-e-regiao-participaram-do-2o-pedal-entre-amigos\/\"]}]},{\"@type\":\"Person\",\"@id\":\"https:\/\/www.polisrecreio.com.br\/site\/#\/schema\/person\/3363c1c78e1e28e1329d97adb387638e\",\"name\":\"Leonardo Ribeiro\",\"image\":{\"@type\":\"ImageObject\",\"@id\":\"https:\/\/www.polisrecreio.com.br\/site\/#personlogo\",\"inLanguage\":\"pt-BR\",\"url\":\"https:\/\/secure.gravatar.com\/avatar\/6ba92a37d621e1a83e23710251178a12?s=96&d=mm&r=g\",\"caption\":\"Leonardo Ribeiro\"},\"sameAs\":[\"http:\/\/www.polisrecreio.com.br\"]}]}<\/script>\n<!-- \/ Yoast SEO plugin. -->","_links":{"self":[{"href":"https:\/\/www.polisrecreio.com.br\/site\/wp-json\/wp\/v2\/posts\/28010"}],"collection":[{"href":"https:\/\/www.polisrecreio.com.br\/site\/wp-json\/wp\/v2\/posts"}],"about":[{"href":"https:\/\/www.polisrecreio.com.br\/site\/wp-json\/wp\/v2\/types\/post"}],"author":[{"embeddable":true,"href":"https:\/\/www.polisrecreio.com.br\/site\/wp-json\/wp\/v2\/users\/3"}],"replies":[{"embeddable":true,"href":"https:\/\/www.polisrecreio.com.br\/site\/wp-json\/wp\/v2\/comments?post=28010"}],"version-history":[{"count":2,"href":"https:\/\/www.polisrecreio.com.br\/site\/wp-json\/wp\/v2\/posts\/28010\/revisions"}],"predecessor-version":[{"id":28023,"href":"https:\/\/www.polisrecreio.com.br\/site\/wp-json\/wp\/v2\/posts\/28010\/revisions\/28023"}],"wp:attachment":[{"href":"https:\/\/www.polisrecreio.com.br\/site\/wp-json\/wp\/v2\/media?parent=28010"}],"wp:term":[{"taxonomy":"category","embeddable":true,"href":"https:\/\/www.polisrecreio.com.br\/site\/wp-json\/wp\/v2\/categories?post=28010"},{"taxonomy":"post_tag","embeddable":true,"href":"https:\/\/www.polisrecreio.com.br\/site\/wp-json\/wp\/v2\/tags?post=28010"}],"curies":[{"name":"wp","href":"https:\/\/api.w.org\/{rel}","templated":true}]}}