{"id":28042,"date":"2025-06-16T08:42:03","date_gmt":"2025-06-16T11:42:03","guid":{"rendered":"http:\/\/www.polisrecreio.com.br\/site\/?p=28042"},"modified":"2025-06-16T08:47:32","modified_gmt":"2025-06-16T11:47:32","slug":"livia-e-a-primeira-estudante-de-recreio-a-integrar-a-academia-jovem-de-letras-e-artes-de-leopoldina","status":"publish","type":"post","link":"https:\/\/www.polisrecreio.com.br\/site\/2025\/06\/16\/livia-e-a-primeira-estudante-de-recreio-a-integrar-a-academia-jovem-de-letras-e-artes-de-leopoldina\/","title":{"rendered":"L\u00edvia \u00e9 a primeira estudante de Recreio a integrar a Academia Jovem de Letras e Artes de Leopoldina"},"content":{"rendered":"<p style=\"text-align: justify;\">A estudante L\u00edvia Aparecida Fonseca Duarte, de 12 anos, natural do povoado do Barreiros, \u00e9 a primeira jovem de Recreio a integrar a Academia Jovem de Letras e Artes de Leopoldina (ALLA).<\/p>\n<p><!--more--><\/p>\n<figure id=\"attachment_28044\" aria-describedby=\"caption-attachment-28044\" style=\"width: 750px\" class=\"wp-caption aligncenter\"><a href=\"http:\/\/www.polisrecreio.com.br\/site\/wp-content\/uploads\/2025\/06\/1-2-1.jpg\"><img loading=\"lazy\" class=\"wp-image-28044 size-full\" src=\"http:\/\/www.polisrecreio.com.br\/site\/wp-content\/uploads\/2025\/06\/1-2-1.jpg\" alt=\"\" width=\"750\" height=\"500\" srcset=\"https:\/\/www.polisrecreio.com.br\/site\/wp-content\/uploads\/2025\/06\/1-2-1.jpg 750w, https:\/\/www.polisrecreio.com.br\/site\/wp-content\/uploads\/2025\/06\/1-2-1-300x200.jpg 300w\" sizes=\"(max-width: 750px) 100vw, 750px\" \/><\/a><figcaption id=\"caption-attachment-28044\" class=\"wp-caption-text\">L\u00edvia e fam\u00edlia.<\/figcaption><\/figure>\n<p style=\"text-align: justify;\">A nova acad\u00eamica da ALLA \u00e9 filha do produtor rural F\u00e1bio Luiz Bressoline Duarte e da professora Evania Aparecida Moreira da Fonseca Duarte e irm\u00e3 de J\u00fanior Fonseca Duarte.<\/p>\n<p style=\"text-align: justify;\">Durante o Ensino Fundamental I, L\u00edvia estudou na E.M. Maria Aparecida Lacerda de Freitas (Barreiros).\u00a0Atualmente, ela est\u00e1 no 7\u00ba ano do Col\u00e9gio Imaculada Concei\u00e7\u00e3o (Leopoldina). Em 2024, L\u00edvia venceu o IX Concurso Liter\u00e1rio da Academia Leopoldinense de Letras e Artes (ALLA) na categoria Conto.<\/p>\n<p style=\"text-align: justify;\">A jovem foi empossada para um mandato de 2 anos na primeira sexta-feira (6) de junho em Leopoldina. A patrona escolhida foi a professora Rosaide Maria Lacerda Lima (<em>i.m.<\/em>).<\/p>\n<figure id=\"attachment_28043\" aria-describedby=\"caption-attachment-28043\" style=\"width: 750px\" class=\"wp-caption aligncenter\"><a href=\"http:\/\/www.polisrecreio.com.br\/site\/wp-content\/uploads\/2025\/06\/3-1.jpg\"><img loading=\"lazy\" class=\"size-full wp-image-28043\" src=\"http:\/\/www.polisrecreio.com.br\/site\/wp-content\/uploads\/2025\/06\/3-1.jpg\" alt=\"\" width=\"750\" height=\"500\" srcset=\"https:\/\/www.polisrecreio.com.br\/site\/wp-content\/uploads\/2025\/06\/3-1.jpg 750w, https:\/\/www.polisrecreio.com.br\/site\/wp-content\/uploads\/2025\/06\/3-1-300x200.jpg 300w\" sizes=\"(max-width: 750px) 100vw, 750px\" \/><\/a><figcaption id=\"caption-attachment-28043\" class=\"wp-caption-text\">L\u00edvia e fam\u00edlia da professora Rosaide.<\/figcaption><\/figure>\n<figure id=\"attachment_28045\" aria-describedby=\"caption-attachment-28045\" style=\"width: 750px\" class=\"wp-caption aligncenter\"><a href=\"http:\/\/www.polisrecreio.com.br\/site\/wp-content\/uploads\/2025\/06\/2-2-1.jpg\"><img loading=\"lazy\" class=\"size-full wp-image-28045\" src=\"http:\/\/www.polisrecreio.com.br\/site\/wp-content\/uploads\/2025\/06\/2-2-1.jpg\" alt=\"\" width=\"750\" height=\"500\" srcset=\"https:\/\/www.polisrecreio.com.br\/site\/wp-content\/uploads\/2025\/06\/2-2-1.jpg 750w, https:\/\/www.polisrecreio.com.br\/site\/wp-content\/uploads\/2025\/06\/2-2-1-300x200.jpg 300w\" sizes=\"(max-width: 750px) 100vw, 750px\" \/><\/a><figcaption id=\"caption-attachment-28045\" class=\"wp-caption-text\">L\u00edvia e professora Gl\u00e1ucia.<\/figcaption><\/figure>\n","protected":false},"excerpt":{"rendered":"<p>A estudante L\u00edvia Aparecida Fonseca Duarte, de 12 anos, natural do povoado do Barreiros, \u00e9 a primeira jovem de Recreio a integrar a Academia Jovem de Letras e Artes de Leopoldina (ALLA).<\/p>\n","protected":false},"author":3,"featured_media":0,"comment_status":"open","ping_status":"open","sticky":false,"template":"","format":"standard","meta":[],"categories":[9],"tags":[],"yoast_head":"<!-- This site is optimized with the Yoast SEO plugin v15.6.2 - https:\/\/yoast.com\/wordpress\/plugins\/seo\/ -->\n<meta name=\"robots\" content=\"index, follow, max-snippet:-1, max-image-preview:large, max-video-preview:-1\" \/>\n<link rel=\"canonical\" href=\"http:\/\/www.polisrecreio.com.br\/site\/2025\/06\/16\/livia-e-a-primeira-estudante-de-recreio-a-integrar-a-academia-jovem-de-letras-e-artes-de-leopoldina\/\" \/>\n<meta property=\"og:locale\" content=\"pt_BR\" \/>\n<meta property=\"og:type\" content=\"article\" \/>\n<meta property=\"og:title\" content=\"L\u00edvia \u00e9 a primeira estudante de Recreio a integrar a Academia Jovem de Letras e Artes de Leopoldina - P\u00f3lis Recreio\" \/>\n<meta property=\"og:description\" content=\"A estudante L\u00edvia Aparecida Fonseca Duarte, de 12 anos, natural do povoado do Barreiros, \u00e9 a primeira jovem de Recreio a integrar a Academia Jovem de Letras e Artes de Leopoldina (ALLA).\" \/>\n<meta property=\"og:url\" content=\"http:\/\/www.polisrecreio.com.br\/site\/2025\/06\/16\/livia-e-a-primeira-estudante-de-recreio-a-integrar-a-academia-jovem-de-letras-e-artes-de-leopoldina\/\" \/>\n<meta property=\"og:site_name\" content=\"P\u00f3lis Recreio\" \/>\n<meta property=\"article:publisher\" content=\"https:\/\/www.facebook.com\/Site-P%c3%b3lis-Recreio-MG-181941708571019\/\" \/>\n<meta property=\"article:published_time\" content=\"2025-06-16T11:42:03+00:00\" \/>\n<meta property=\"article:modified_time\" content=\"2025-06-16T11:47:32+00:00\" \/>\n<meta property=\"og:image\" content=\"http:\/\/www.polisrecreio.com.br\/site\/wp-content\/uploads\/2025\/06\/1-2-1.jpg\" \/>\n<meta name=\"twitter:card\" content=\"summary_large_image\" \/>\n<meta name=\"twitter:creator\" content=\"@PolisRecreio\" \/>\n<meta name=\"twitter:site\" content=\"@PolisRecreio\" \/>\n<meta name=\"twitter:label1\" content=\"Est. reading time\">\n\t<meta name=\"twitter:data1\" content=\"2 minutos\">\n<script type=\"application\/ld+json\" class=\"yoast-schema-graph\">{\"@context\":\"https:\/\/schema.org\",\"@graph\":[{\"@type\":\"WebSite\",\"@id\":\"https:\/\/www.polisrecreio.com.br\/site\/#website\",\"url\":\"https:\/\/www.polisrecreio.com.br\/site\/\",\"name\":\"P\\u00f3lis Recreio\",\"description\":\"\",\"potentialAction\":[{\"@type\":\"SearchAction\",\"target\":\"https:\/\/www.polisrecreio.com.br\/site\/?s={search_term_string}\",\"query-input\":\"required name=search_term_string\"}],\"inLanguage\":\"pt-BR\"},{\"@type\":\"ImageObject\",\"@id\":\"http:\/\/www.polisrecreio.com.br\/site\/2025\/06\/16\/livia-e-a-primeira-estudante-de-recreio-a-integrar-a-academia-jovem-de-letras-e-artes-de-leopoldina\/#primaryimage\",\"inLanguage\":\"pt-BR\",\"url\":\"http:\/\/www.polisrecreio.com.br\/site\/wp-content\/uploads\/2025\/06\/1-2-1.jpg\"},{\"@type\":\"WebPage\",\"@id\":\"http:\/\/www.polisrecreio.com.br\/site\/2025\/06\/16\/livia-e-a-primeira-estudante-de-recreio-a-integrar-a-academia-jovem-de-letras-e-artes-de-leopoldina\/#webpage\",\"url\":\"http:\/\/www.polisrecreio.com.br\/site\/2025\/06\/16\/livia-e-a-primeira-estudante-de-recreio-a-integrar-a-academia-jovem-de-letras-e-artes-de-leopoldina\/\",\"name\":\"L\\u00edvia \\u00e9 a primeira estudante de Recreio a integrar a Academia Jovem de Letras e Artes de Leopoldina - P\\u00f3lis Recreio\",\"isPartOf\":{\"@id\":\"https:\/\/www.polisrecreio.com.br\/site\/#website\"},\"primaryImageOfPage\":{\"@id\":\"http:\/\/www.polisrecreio.com.br\/site\/2025\/06\/16\/livia-e-a-primeira-estudante-de-recreio-a-integrar-a-academia-jovem-de-letras-e-artes-de-leopoldina\/#primaryimage\"},\"datePublished\":\"2025-06-16T11:42:03+00:00\",\"dateModified\":\"2025-06-16T11:47:32+00:00\",\"author\":{\"@id\":\"https:\/\/www.polisrecreio.com.br\/site\/#\/schema\/person\/3363c1c78e1e28e1329d97adb387638e\"},\"inLanguage\":\"pt-BR\",\"potentialAction\":[{\"@type\":\"ReadAction\",\"target\":[\"http:\/\/www.polisrecreio.com.br\/site\/2025\/06\/16\/livia-e-a-primeira-estudante-de-recreio-a-integrar-a-academia-jovem-de-letras-e-artes-de-leopoldina\/\"]}]},{\"@type\":\"Person\",\"@id\":\"https:\/\/www.polisrecreio.com.br\/site\/#\/schema\/person\/3363c1c78e1e28e1329d97adb387638e\",\"name\":\"Leonardo Ribeiro\",\"image\":{\"@type\":\"ImageObject\",\"@id\":\"https:\/\/www.polisrecreio.com.br\/site\/#personlogo\",\"inLanguage\":\"pt-BR\",\"url\":\"https:\/\/secure.gravatar.com\/avatar\/6ba92a37d621e1a83e23710251178a12?s=96&d=mm&r=g\",\"caption\":\"Leonardo Ribeiro\"},\"sameAs\":[\"http:\/\/www.polisrecreio.com.br\"]}]}<\/script>\n<!-- \/ Yoast SEO plugin. -->","_links":{"self":[{"href":"https:\/\/www.polisrecreio.com.br\/site\/wp-json\/wp\/v2\/posts\/28042"}],"collection":[{"href":"https:\/\/www.polisrecreio.com.br\/site\/wp-json\/wp\/v2\/posts"}],"about":[{"href":"https:\/\/www.polisrecreio.com.br\/site\/wp-json\/wp\/v2\/types\/post"}],"author":[{"embeddable":true,"href":"https:\/\/www.polisrecreio.com.br\/site\/wp-json\/wp\/v2\/users\/3"}],"replies":[{"embeddable":true,"href":"https:\/\/www.polisrecreio.com.br\/site\/wp-json\/wp\/v2\/comments?post=28042"}],"version-history":[{"count":5,"href":"https:\/\/www.polisrecreio.com.br\/site\/wp-json\/wp\/v2\/posts\/28042\/revisions"}],"predecessor-version":[{"id":28055,"href":"https:\/\/www.polisrecreio.com.br\/site\/wp-json\/wp\/v2\/posts\/28042\/revisions\/28055"}],"wp:attachment":[{"href":"https:\/\/www.polisrecreio.com.br\/site\/wp-json\/wp\/v2\/media?parent=28042"}],"wp:term":[{"taxonomy":"category","embeddable":true,"href":"https:\/\/www.polisrecreio.com.br\/site\/wp-json\/wp\/v2\/categories?post=28042"},{"taxonomy":"post_tag","embeddable":true,"href":"https:\/\/www.polisrecreio.com.br\/site\/wp-json\/wp\/v2\/tags?post=28042"}],"curies":[{"name":"wp","href":"https:\/\/api.w.org\/{rel}","templated":true}]}}