{"id":28082,"date":"2025-06-30T07:32:21","date_gmt":"2025-06-30T10:32:21","guid":{"rendered":"http:\/\/www.polisrecreio.com.br\/site\/?p=28082"},"modified":"2025-06-30T07:32:21","modified_gmt":"2025-06-30T10:32:21","slug":"luxo-do-lixo-2025-da-e-e-olavo-bilac-sera-dia-9-de-julho","status":"publish","type":"post","link":"https:\/\/www.polisrecreio.com.br\/site\/2025\/06\/30\/luxo-do-lixo-2025-da-e-e-olavo-bilac-sera-dia-9-de-julho\/","title":{"rendered":"\u201cLuxo do Lixo 2025\u201d da E.E. Olavo Bilac ser\u00e1 dia 9 de julho"},"content":{"rendered":"<p style=\"text-align: justify;\">A edi\u00e7\u00e3o de 2025 do desfile \u201cLuxo do Lixo\u201d da E.E. Olavo Bilac j\u00e1 tem data marcada, ser\u00e1 dia 9 de julho no Social Country Clube de Recreio, a partir de 18:30h.<\/p>\n<p><!--more--><\/p>\n<figure id=\"attachment_27260\" aria-describedby=\"caption-attachment-27260\" style=\"width: 750px\" class=\"wp-caption aligncenter\"><a href=\"http:\/\/www.polisrecreio.com.br\/site\/wp-content\/uploads\/2024\/07\/campea1.jpg\"><img loading=\"lazy\" class=\"wp-image-27260 size-full\" src=\"http:\/\/www.polisrecreio.com.br\/site\/wp-content\/uploads\/2024\/07\/campea1.jpg\" alt=\"\" width=\"750\" height=\"493\" srcset=\"https:\/\/www.polisrecreio.com.br\/site\/wp-content\/uploads\/2024\/07\/campea1.jpg 750w, https:\/\/www.polisrecreio.com.br\/site\/wp-content\/uploads\/2024\/07\/campea1-300x197.jpg 300w\" sizes=\"(max-width: 750px) 100vw, 750px\" \/><\/a><figcaption id=\"caption-attachment-27260\" class=\"wp-caption-text\">Evely do Valle Silva, atual campe\u00e3.<\/figcaption><\/figure>\n<p style=\"text-align: justify;\">O desfile envolve criatividade, consci\u00eancia ambiental e beleza, com a participa\u00e7\u00e3o dos estudantes da escola.<\/p>\n<p style=\"text-align: justify;\">A atual campe\u00e3 do \u201cLuxo do Lixo\u201d \u00e9 Evely do Valle Silva.<\/p>\n<p><a href=\"http:\/\/www.polisrecreio.com.br\/site\/wp-content\/uploads\/2025\/06\/WhatsApp-Image-2025-06-24-at-19.07.47.jpeg\"><img loading=\"lazy\" class=\"aligncenter size-full wp-image-28083\" src=\"http:\/\/www.polisrecreio.com.br\/site\/wp-content\/uploads\/2025\/06\/WhatsApp-Image-2025-06-24-at-19.07.47.jpeg\" alt=\"\" width=\"1600\" height=\"1200\" srcset=\"https:\/\/www.polisrecreio.com.br\/site\/wp-content\/uploads\/2025\/06\/WhatsApp-Image-2025-06-24-at-19.07.47.jpeg 1600w, https:\/\/www.polisrecreio.com.br\/site\/wp-content\/uploads\/2025\/06\/WhatsApp-Image-2025-06-24-at-19.07.47-300x225.jpeg 300w, https:\/\/www.polisrecreio.com.br\/site\/wp-content\/uploads\/2025\/06\/WhatsApp-Image-2025-06-24-at-19.07.47-1024x768.jpeg 1024w, https:\/\/www.polisrecreio.com.br\/site\/wp-content\/uploads\/2025\/06\/WhatsApp-Image-2025-06-24-at-19.07.47-768x576.jpeg 768w, https:\/\/www.polisrecreio.com.br\/site\/wp-content\/uploads\/2025\/06\/WhatsApp-Image-2025-06-24-at-19.07.47-1536x1152.jpeg 1536w\" sizes=\"(max-width: 1600px) 100vw, 1600px\" \/><\/a><\/p>\n","protected":false},"excerpt":{"rendered":"<p>A edi\u00e7\u00e3o de 2025 do desfile \u201cLuxo do Lixo\u201d da E.E. Olavo Bilac j\u00e1 tem data marcada, ser\u00e1 dia 9 de julho no Social Country Clube de Recreio, a partir de 18:30h.<\/p>\n","protected":false},"author":3,"featured_media":0,"comment_status":"open","ping_status":"open","sticky":false,"template":"","format":"standard","meta":[],"categories":[9],"tags":[],"yoast_head":"<!-- This site is optimized with the Yoast SEO plugin v15.6.2 - https:\/\/yoast.com\/wordpress\/plugins\/seo\/ -->\n<meta name=\"robots\" content=\"index, follow, max-snippet:-1, max-image-preview:large, max-video-preview:-1\" \/>\n<link rel=\"canonical\" href=\"http:\/\/www.polisrecreio.com.br\/site\/2025\/06\/30\/luxo-do-lixo-2025-da-e-e-olavo-bilac-sera-dia-9-de-julho\/\" \/>\n<meta property=\"og:locale\" content=\"pt_BR\" \/>\n<meta property=\"og:type\" content=\"article\" \/>\n<meta property=\"og:title\" content=\"\u201cLuxo do Lixo 2025\u201d da E.E. Olavo Bilac ser\u00e1 dia 9 de julho - P\u00f3lis Recreio\" \/>\n<meta property=\"og:description\" content=\"A edi\u00e7\u00e3o de 2025 do desfile \u201cLuxo do Lixo\u201d da E.E. Olavo Bilac j\u00e1 tem data marcada, ser\u00e1 dia 9 de julho no Social Country Clube de Recreio, a partir de 18:30h.\" \/>\n<meta property=\"og:url\" content=\"http:\/\/www.polisrecreio.com.br\/site\/2025\/06\/30\/luxo-do-lixo-2025-da-e-e-olavo-bilac-sera-dia-9-de-julho\/\" \/>\n<meta property=\"og:site_name\" content=\"P\u00f3lis Recreio\" \/>\n<meta property=\"article:publisher\" content=\"https:\/\/www.facebook.com\/Site-P%c3%b3lis-Recreio-MG-181941708571019\/\" \/>\n<meta property=\"article:published_time\" content=\"2025-06-30T10:32:21+00:00\" \/>\n<meta property=\"og:image\" content=\"http:\/\/www.polisrecreio.com.br\/site\/wp-content\/uploads\/2024\/07\/campea1.jpg\" \/>\n<meta name=\"twitter:card\" content=\"summary_large_image\" \/>\n<meta name=\"twitter:creator\" content=\"@PolisRecreio\" \/>\n<meta name=\"twitter:site\" content=\"@PolisRecreio\" \/>\n<meta name=\"twitter:label1\" content=\"Est. reading time\">\n\t<meta name=\"twitter:data1\" content=\"1 minuto\">\n<script type=\"application\/ld+json\" class=\"yoast-schema-graph\">{\"@context\":\"https:\/\/schema.org\",\"@graph\":[{\"@type\":\"WebSite\",\"@id\":\"https:\/\/www.polisrecreio.com.br\/site\/#website\",\"url\":\"https:\/\/www.polisrecreio.com.br\/site\/\",\"name\":\"P\\u00f3lis Recreio\",\"description\":\"\",\"potentialAction\":[{\"@type\":\"SearchAction\",\"target\":\"https:\/\/www.polisrecreio.com.br\/site\/?s={search_term_string}\",\"query-input\":\"required name=search_term_string\"}],\"inLanguage\":\"pt-BR\"},{\"@type\":\"ImageObject\",\"@id\":\"http:\/\/www.polisrecreio.com.br\/site\/2025\/06\/30\/luxo-do-lixo-2025-da-e-e-olavo-bilac-sera-dia-9-de-julho\/#primaryimage\",\"inLanguage\":\"pt-BR\",\"url\":\"http:\/\/www.polisrecreio.com.br\/site\/wp-content\/uploads\/2024\/07\/campea1.jpg\"},{\"@type\":\"WebPage\",\"@id\":\"http:\/\/www.polisrecreio.com.br\/site\/2025\/06\/30\/luxo-do-lixo-2025-da-e-e-olavo-bilac-sera-dia-9-de-julho\/#webpage\",\"url\":\"http:\/\/www.polisrecreio.com.br\/site\/2025\/06\/30\/luxo-do-lixo-2025-da-e-e-olavo-bilac-sera-dia-9-de-julho\/\",\"name\":\"\\u201cLuxo do Lixo 2025\\u201d da E.E. Olavo Bilac ser\\u00e1 dia 9 de julho - P\\u00f3lis Recreio\",\"isPartOf\":{\"@id\":\"https:\/\/www.polisrecreio.com.br\/site\/#website\"},\"primaryImageOfPage\":{\"@id\":\"http:\/\/www.polisrecreio.com.br\/site\/2025\/06\/30\/luxo-do-lixo-2025-da-e-e-olavo-bilac-sera-dia-9-de-julho\/#primaryimage\"},\"datePublished\":\"2025-06-30T10:32:21+00:00\",\"dateModified\":\"2025-06-30T10:32:21+00:00\",\"author\":{\"@id\":\"https:\/\/www.polisrecreio.com.br\/site\/#\/schema\/person\/3363c1c78e1e28e1329d97adb387638e\"},\"inLanguage\":\"pt-BR\",\"potentialAction\":[{\"@type\":\"ReadAction\",\"target\":[\"http:\/\/www.polisrecreio.com.br\/site\/2025\/06\/30\/luxo-do-lixo-2025-da-e-e-olavo-bilac-sera-dia-9-de-julho\/\"]}]},{\"@type\":\"Person\",\"@id\":\"https:\/\/www.polisrecreio.com.br\/site\/#\/schema\/person\/3363c1c78e1e28e1329d97adb387638e\",\"name\":\"Leonardo Ribeiro\",\"image\":{\"@type\":\"ImageObject\",\"@id\":\"https:\/\/www.polisrecreio.com.br\/site\/#personlogo\",\"inLanguage\":\"pt-BR\",\"url\":\"https:\/\/secure.gravatar.com\/avatar\/6ba92a37d621e1a83e23710251178a12?s=96&d=mm&r=g\",\"caption\":\"Leonardo Ribeiro\"},\"sameAs\":[\"http:\/\/www.polisrecreio.com.br\"]}]}<\/script>\n<!-- \/ Yoast SEO plugin. -->","_links":{"self":[{"href":"https:\/\/www.polisrecreio.com.br\/site\/wp-json\/wp\/v2\/posts\/28082"}],"collection":[{"href":"https:\/\/www.polisrecreio.com.br\/site\/wp-json\/wp\/v2\/posts"}],"about":[{"href":"https:\/\/www.polisrecreio.com.br\/site\/wp-json\/wp\/v2\/types\/post"}],"author":[{"embeddable":true,"href":"https:\/\/www.polisrecreio.com.br\/site\/wp-json\/wp\/v2\/users\/3"}],"replies":[{"embeddable":true,"href":"https:\/\/www.polisrecreio.com.br\/site\/wp-json\/wp\/v2\/comments?post=28082"}],"version-history":[{"count":1,"href":"https:\/\/www.polisrecreio.com.br\/site\/wp-json\/wp\/v2\/posts\/28082\/revisions"}],"predecessor-version":[{"id":28084,"href":"https:\/\/www.polisrecreio.com.br\/site\/wp-json\/wp\/v2\/posts\/28082\/revisions\/28084"}],"wp:attachment":[{"href":"https:\/\/www.polisrecreio.com.br\/site\/wp-json\/wp\/v2\/media?parent=28082"}],"wp:term":[{"taxonomy":"category","embeddable":true,"href":"https:\/\/www.polisrecreio.com.br\/site\/wp-json\/wp\/v2\/categories?post=28082"},{"taxonomy":"post_tag","embeddable":true,"href":"https:\/\/www.polisrecreio.com.br\/site\/wp-json\/wp\/v2\/tags?post=28082"}],"curies":[{"name":"wp","href":"https:\/\/api.w.org\/{rel}","templated":true}]}}