{"id":2823,"date":"2016-09-01T13:07:18","date_gmt":"2016-09-01T16:07:18","guid":{"rendered":"http:\/\/www.polisrecreio.com.br\/site\/?p=2823"},"modified":"2016-09-01T13:07:18","modified_gmt":"2016-09-01T16:07:18","slug":"premiacoes-do-festival-de-viola-de-recreio-chegarao-a-r-3-mil","status":"publish","type":"post","link":"https:\/\/www.polisrecreio.com.br\/site\/2016\/09\/01\/premiacoes-do-festival-de-viola-de-recreio-chegarao-a-r-3-mil\/","title":{"rendered":"Premia\u00e7\u00f5es do Festival de Viola de Recreio chegar\u00e3o a R$ 3 mil"},"content":{"rendered":"<p style=\"text-align: justify;\">No pr\u00f3ximo dia 10 (s\u00e1bado), violeiros de v\u00e1rias cidades da regi\u00e3o estar\u00e3o concorrendo no 8\u00ba Festival de Viola de Recreio e as premia\u00e7\u00f5es chegar\u00e3o a um total de R$ 3 mil. O evento, promovido pela Prefeitura Municipal, est\u00e1 marcado para come\u00e7ar \u00e0s 19h, na Pra\u00e7a dos Ferrovi\u00e1rios.<\/p>\n<p style=\"text-align: justify;\"><!--more--><\/p>\n<p style=\"text-align: justify;\"><a href=\"http:\/\/www.polisrecreio.com.br\/site\/wp-content\/uploads\/2016\/09\/viola.jpg\"><img loading=\"lazy\" class=\"aligncenter size-full wp-image-2824\" src=\"http:\/\/www.polisrecreio.com.br\/site\/wp-content\/uploads\/2016\/09\/viola.jpg\" alt=\"viola\" width=\"800\" height=\"500\" srcset=\"https:\/\/www.polisrecreio.com.br\/site\/wp-content\/uploads\/2016\/09\/viola.jpg 800w, https:\/\/www.polisrecreio.com.br\/site\/wp-content\/uploads\/2016\/09\/viola-300x188.jpg 300w\" sizes=\"(max-width: 800px) 100vw, 800px\" \/><\/a><\/p>\n<p style=\"text-align: justify;\">\u201cA expectativa \u00e9 que aconte\u00e7am 10 apresenta\u00e7\u00f5es (dupla ou solo j\u00e1 inscritos) e os cinco melhores ser\u00e3o premiados\u201d, informou ao P\u00f3lis o apresentador Aristides Braz. O cartaz de divulga\u00e7\u00e3o n\u00e3o apresenta como os violeiros ser\u00e3o premiados, conforme a ordem de classifica\u00e7\u00e3o, apenas que os R$ 3 mil ser\u00e3o divididos entre os melhores.<\/p>\n<p style=\"text-align: justify;\">Ap\u00f3s o concurso haver\u00e1 show com o grupo que abriu as apresenta\u00e7\u00f5es do Festival de Viola e Gastronomia de Piacatuba de 2016, Hermes Viola e Luiz, de Leopoldina. Em 2013, o grupo participou do Festival de Recreio e venceu na etapa de m\u00fasica de interpreta\u00e7\u00e3o.<\/p>\n<p style=\"text-align: justify;\">Maiores informa\u00e7\u00f5es sobre o evento pelo 3444-1345.<\/p>\n<p style=\"text-align: justify;\"><a href=\"http:\/\/www.polisrecreio.com.br\/site\/wp-content\/uploads\/2016\/09\/festival-de-viola-de-recreio-2016-2.jpg\"><img loading=\"lazy\" class=\"size-full wp-image-2826 alignleft\" src=\"http:\/\/www.polisrecreio.com.br\/site\/wp-content\/uploads\/2016\/09\/festival-de-viola-de-recreio-2016-2.jpg\" alt=\"festival de viola de recreio 2016 2\" width=\"282\" height=\"400\" srcset=\"https:\/\/www.polisrecreio.com.br\/site\/wp-content\/uploads\/2016\/09\/festival-de-viola-de-recreio-2016-2.jpg 282w, https:\/\/www.polisrecreio.com.br\/site\/wp-content\/uploads\/2016\/09\/festival-de-viola-de-recreio-2016-2-212x300.jpg 212w\" sizes=\"(max-width: 282px) 100vw, 282px\" \/><\/a><\/p>\n<p style=\"text-align: justify;\">\n","protected":false},"excerpt":{"rendered":"<p>No pr\u00f3ximo dia 10 (s\u00e1bado), violeiros de v\u00e1rias cidades da regi\u00e3o estar\u00e3o concorrendo no 8\u00ba Festival de Viola de Recreio e as premia\u00e7\u00f5es chegar\u00e3o a um total de R$ 3 mil. O evento, promovido pela Prefeitura Municipal, est\u00e1 marcado para come\u00e7ar \u00e0s 19h, na Pra\u00e7a dos Ferrovi\u00e1rios.<\/p>\n","protected":false},"author":3,"featured_media":2824,"comment_status":"open","ping_status":"open","sticky":false,"template":"","format":"standard","meta":[],"categories":[2],"tags":[],"yoast_head":"<!-- This site is optimized with the Yoast SEO plugin v15.6.2 - https:\/\/yoast.com\/wordpress\/plugins\/seo\/ -->\n<meta name=\"robots\" content=\"index, follow, max-snippet:-1, max-image-preview:large, max-video-preview:-1\" \/>\n<link rel=\"canonical\" href=\"https:\/\/www.polisrecreio.com.br\/site\/2016\/09\/01\/premiacoes-do-festival-de-viola-de-recreio-chegarao-a-r-3-mil\/\" \/>\n<meta property=\"og:locale\" content=\"pt_BR\" \/>\n<meta property=\"og:type\" content=\"article\" \/>\n<meta property=\"og:title\" content=\"Premia\u00e7\u00f5es do Festival de Viola de Recreio chegar\u00e3o a R$ 3 mil - P\u00f3lis Recreio\" \/>\n<meta property=\"og:description\" content=\"No pr\u00f3ximo dia 10 (s\u00e1bado), violeiros de v\u00e1rias cidades da regi\u00e3o estar\u00e3o concorrendo no 8\u00ba Festival de Viola de Recreio e as premia\u00e7\u00f5es chegar\u00e3o a um total de R$ 3 mil. O evento, promovido pela Prefeitura Municipal, est\u00e1 marcado para come\u00e7ar \u00e0s 19h, na Pra\u00e7a dos Ferrovi\u00e1rios.\" \/>\n<meta property=\"og:url\" content=\"https:\/\/www.polisrecreio.com.br\/site\/2016\/09\/01\/premiacoes-do-festival-de-viola-de-recreio-chegarao-a-r-3-mil\/\" \/>\n<meta property=\"og:site_name\" content=\"P\u00f3lis Recreio\" \/>\n<meta property=\"article:publisher\" content=\"https:\/\/www.facebook.com\/Site-P%c3%b3lis-Recreio-MG-181941708571019\/\" \/>\n<meta property=\"article:published_time\" content=\"2016-09-01T16:07:18+00:00\" \/>\n<meta property=\"og:image\" content=\"https:\/\/www.polisrecreio.com.br\/site\/wp-content\/uploads\/2016\/09\/viola.jpg\" \/>\n\t<meta property=\"og:image:width\" content=\"800\" \/>\n\t<meta property=\"og:image:height\" content=\"500\" \/>\n<meta name=\"twitter:card\" content=\"summary_large_image\" \/>\n<meta name=\"twitter:creator\" content=\"@PolisRecreio\" \/>\n<meta name=\"twitter:site\" content=\"@PolisRecreio\" \/>\n<meta name=\"twitter:label1\" content=\"Est. reading time\">\n\t<meta name=\"twitter:data1\" content=\"1 minuto\">\n<script type=\"application\/ld+json\" class=\"yoast-schema-graph\">{\"@context\":\"https:\/\/schema.org\",\"@graph\":[{\"@type\":\"WebSite\",\"@id\":\"https:\/\/www.polisrecreio.com.br\/site\/#website\",\"url\":\"https:\/\/www.polisrecreio.com.br\/site\/\",\"name\":\"P\\u00f3lis Recreio\",\"description\":\"\",\"potentialAction\":[{\"@type\":\"SearchAction\",\"target\":\"https:\/\/www.polisrecreio.com.br\/site\/?s={search_term_string}\",\"query-input\":\"required name=search_term_string\"}],\"inLanguage\":\"pt-BR\"},{\"@type\":\"ImageObject\",\"@id\":\"https:\/\/www.polisrecreio.com.br\/site\/2016\/09\/01\/premiacoes-do-festival-de-viola-de-recreio-chegarao-a-r-3-mil\/#primaryimage\",\"inLanguage\":\"pt-BR\",\"url\":\"https:\/\/www.polisrecreio.com.br\/site\/wp-content\/uploads\/2016\/09\/viola.jpg\",\"width\":800,\"height\":500},{\"@type\":\"WebPage\",\"@id\":\"https:\/\/www.polisrecreio.com.br\/site\/2016\/09\/01\/premiacoes-do-festival-de-viola-de-recreio-chegarao-a-r-3-mil\/#webpage\",\"url\":\"https:\/\/www.polisrecreio.com.br\/site\/2016\/09\/01\/premiacoes-do-festival-de-viola-de-recreio-chegarao-a-r-3-mil\/\",\"name\":\"Premia\\u00e7\\u00f5es do Festival de Viola de Recreio chegar\\u00e3o a R$ 3 mil - P\\u00f3lis Recreio\",\"isPartOf\":{\"@id\":\"https:\/\/www.polisrecreio.com.br\/site\/#website\"},\"primaryImageOfPage\":{\"@id\":\"https:\/\/www.polisrecreio.com.br\/site\/2016\/09\/01\/premiacoes-do-festival-de-viola-de-recreio-chegarao-a-r-3-mil\/#primaryimage\"},\"datePublished\":\"2016-09-01T16:07:18+00:00\",\"dateModified\":\"2016-09-01T16:07:18+00:00\",\"author\":{\"@id\":\"https:\/\/www.polisrecreio.com.br\/site\/#\/schema\/person\/3363c1c78e1e28e1329d97adb387638e\"},\"inLanguage\":\"pt-BR\",\"potentialAction\":[{\"@type\":\"ReadAction\",\"target\":[\"https:\/\/www.polisrecreio.com.br\/site\/2016\/09\/01\/premiacoes-do-festival-de-viola-de-recreio-chegarao-a-r-3-mil\/\"]}]},{\"@type\":\"Person\",\"@id\":\"https:\/\/www.polisrecreio.com.br\/site\/#\/schema\/person\/3363c1c78e1e28e1329d97adb387638e\",\"name\":\"Leonardo Ribeiro\",\"image\":{\"@type\":\"ImageObject\",\"@id\":\"https:\/\/www.polisrecreio.com.br\/site\/#personlogo\",\"inLanguage\":\"pt-BR\",\"url\":\"https:\/\/secure.gravatar.com\/avatar\/6ba92a37d621e1a83e23710251178a12?s=96&d=mm&r=g\",\"caption\":\"Leonardo Ribeiro\"},\"sameAs\":[\"http:\/\/www.polisrecreio.com.br\"]}]}<\/script>\n<!-- \/ Yoast SEO plugin. -->","_links":{"self":[{"href":"https:\/\/www.polisrecreio.com.br\/site\/wp-json\/wp\/v2\/posts\/2823"}],"collection":[{"href":"https:\/\/www.polisrecreio.com.br\/site\/wp-json\/wp\/v2\/posts"}],"about":[{"href":"https:\/\/www.polisrecreio.com.br\/site\/wp-json\/wp\/v2\/types\/post"}],"author":[{"embeddable":true,"href":"https:\/\/www.polisrecreio.com.br\/site\/wp-json\/wp\/v2\/users\/3"}],"replies":[{"embeddable":true,"href":"https:\/\/www.polisrecreio.com.br\/site\/wp-json\/wp\/v2\/comments?post=2823"}],"version-history":[{"count":3,"href":"https:\/\/www.polisrecreio.com.br\/site\/wp-json\/wp\/v2\/posts\/2823\/revisions"}],"predecessor-version":[{"id":2829,"href":"https:\/\/www.polisrecreio.com.br\/site\/wp-json\/wp\/v2\/posts\/2823\/revisions\/2829"}],"wp:featuredmedia":[{"embeddable":true,"href":"https:\/\/www.polisrecreio.com.br\/site\/wp-json\/wp\/v2\/media\/2824"}],"wp:attachment":[{"href":"https:\/\/www.polisrecreio.com.br\/site\/wp-json\/wp\/v2\/media?parent=2823"}],"wp:term":[{"taxonomy":"category","embeddable":true,"href":"https:\/\/www.polisrecreio.com.br\/site\/wp-json\/wp\/v2\/categories?post=2823"},{"taxonomy":"post_tag","embeddable":true,"href":"https:\/\/www.polisrecreio.com.br\/site\/wp-json\/wp\/v2\/tags?post=2823"}],"curies":[{"name":"wp","href":"https:\/\/api.w.org\/{rel}","templated":true}]}}