{"id":2834,"date":"2016-09-03T11:19:12","date_gmt":"2016-09-03T14:19:12","guid":{"rendered":"http:\/\/www.polisrecreio.com.br\/site\/?p=2834"},"modified":"2016-09-03T11:19:12","modified_gmt":"2016-09-03T14:19:12","slug":"comeca-neste-domingo-mata-mata-do-regional-sub-17-para-o-recreio-e-c","status":"publish","type":"post","link":"https:\/\/www.polisrecreio.com.br\/site\/2016\/09\/03\/comeca-neste-domingo-mata-mata-do-regional-sub-17-para-o-recreio-e-c\/","title":{"rendered":"Come\u00e7a neste domingo, mata-mata do Regional sub-17 para o Recreio E.C"},"content":{"rendered":"<p style=\"text-align: justify;\">Neste domingo (4), a garotada do Recreio Esporte Clube come\u00e7ar\u00e1 a disputar o mata-mata das quartas de finais do Campeonato Regional da Liga Esportiva de Cataguases, categoria sub-17, contra o Democrata, em Santana de Cataguases, \u00e0s 10h.<\/p>\n<p style=\"text-align: justify;\"><!--more--><\/p>\n<figure id=\"attachment_2545\" aria-describedby=\"caption-attachment-2545\" style=\"width: 800px\" class=\"wp-caption aligncenter\"><a href=\"http:\/\/www.polisrecreio.com.br\/site\/wp-content\/uploads\/2016\/08\/rec.jpg\"><img loading=\"lazy\" class=\"size-full wp-image-2545\" src=\"http:\/\/www.polisrecreio.com.br\/site\/wp-content\/uploads\/2016\/08\/rec.jpg\" alt=\"Recreio Esporte Clube, sub-17.\" width=\"800\" height=\"475\" srcset=\"https:\/\/www.polisrecreio.com.br\/site\/wp-content\/uploads\/2016\/08\/rec.jpg 800w, https:\/\/www.polisrecreio.com.br\/site\/wp-content\/uploads\/2016\/08\/rec-300x178.jpg 300w\" sizes=\"(max-width: 800px) 100vw, 800px\" \/><\/a><figcaption id=\"caption-attachment-2545\" class=\"wp-caption-text\">Recreio Esporte Clube, sub-17.<\/figcaption><\/figure>\n<p style=\"text-align: justify;\">A equipe recreiense chega \u00e0 segunda fase da competi\u00e7\u00e3o com a segunda melhor campanha da fase de classifica\u00e7\u00e3o. Em 6 jogos, o Le\u00e3o da Zona da Mata, venceu 4, empatou e perdeu 1 vez.<\/p>\n<p style=\"text-align: justify;\">Veja os confrontos das quartas de finais.<\/p>\n<p>Jogos de ida:<\/p>\n<p style=\"text-align: justify;\">S\u00e1bado (3): Democrata X Manga Rosa \u2013 10h \u2013 Al\u00e9m Para\u00edba<\/p>\n<p style=\"text-align: justify;\">Domingo (4): Democrata X Recreio \u2013 10h \u2013 Santana de Cataguases<\/p>\n<p style=\"text-align: justify;\">Domingo (4): N\u00facleo SJN X Portuense \u2013 10h \u2013 S\u00e3o Jo\u00e3o Nepomuceno<\/p>\n<p style=\"text-align: justify;\">Domingo (4): Cruzeiro X Bonsucesso \u2013 10h \u2013 Guidoval<\/p>\n<p style=\"text-align: justify;\">Jogos de volta:<\/p>\n<p style=\"text-align: justify;\">S\u00e1bado (10): Manga Rosa X Democrata \u2013 15h \u2013 Itamarati de Minas<\/p>\n<p style=\"text-align: justify;\">S\u00e1bado (10): Recreio X Democrata \u2013 15h \u2013 Recreio<\/p>\n<p style=\"text-align: justify;\">S\u00e1bado (10): Portuense X N\u00facleo SJN \u2013 10h \u2013 Astolfo Dutra<\/p>\n<p style=\"text-align: justify;\">Domingo (11): Bonsucesso X Cruzeiro \u2013 10h &#8211; Ub\u00e1<\/p>\n","protected":false},"excerpt":{"rendered":"<p>Neste domingo (4), a garotada do Recreio Esporte Clube come\u00e7ar\u00e1 a disputar o mata-mata das quartas de finais do Campeonato Regional da Liga Esportiva de Cataguases, categoria sub-17, contra o Democrata, em Santana de Cataguases, \u00e0s 10h.<\/p>\n","protected":false},"author":3,"featured_media":2474,"comment_status":"open","ping_status":"open","sticky":false,"template":"","format":"standard","meta":[],"categories":[4],"tags":[],"yoast_head":"<!-- This site is optimized with the Yoast SEO plugin v15.6.2 - https:\/\/yoast.com\/wordpress\/plugins\/seo\/ -->\n<meta name=\"robots\" content=\"index, follow, max-snippet:-1, max-image-preview:large, max-video-preview:-1\" \/>\n<link rel=\"canonical\" href=\"http:\/\/www.polisrecreio.com.br\/site\/2016\/09\/03\/comeca-neste-domingo-mata-mata-do-regional-sub-17-para-o-recreio-e-c\/\" \/>\n<meta property=\"og:locale\" content=\"pt_BR\" \/>\n<meta property=\"og:type\" content=\"article\" \/>\n<meta property=\"og:title\" content=\"Come\u00e7a neste domingo, mata-mata do Regional sub-17 para o Recreio E.C - P\u00f3lis Recreio\" \/>\n<meta property=\"og:description\" content=\"Neste domingo (4), a garotada do Recreio Esporte Clube come\u00e7ar\u00e1 a disputar o mata-mata das quartas de finais do Campeonato Regional da Liga Esportiva de Cataguases, categoria sub-17, contra o Democrata, em Santana de Cataguases, \u00e0s 10h.\" \/>\n<meta property=\"og:url\" content=\"http:\/\/www.polisrecreio.com.br\/site\/2016\/09\/03\/comeca-neste-domingo-mata-mata-do-regional-sub-17-para-o-recreio-e-c\/\" \/>\n<meta property=\"og:site_name\" content=\"P\u00f3lis Recreio\" \/>\n<meta property=\"article:publisher\" content=\"https:\/\/www.facebook.com\/Site-P%c3%b3lis-Recreio-MG-181941708571019\/\" \/>\n<meta property=\"article:published_time\" content=\"2016-09-03T14:19:12+00:00\" \/>\n<meta property=\"og:image\" content=\"https:\/\/www.polisrecreio.com.br\/site\/wp-content\/uploads\/2016\/07\/100_4221.jpg\" \/>\n\t<meta property=\"og:image:width\" content=\"800\" \/>\n\t<meta property=\"og:image:height\" content=\"346\" \/>\n<meta name=\"twitter:card\" content=\"summary_large_image\" \/>\n<meta name=\"twitter:creator\" content=\"@PolisRecreio\" \/>\n<meta name=\"twitter:site\" content=\"@PolisRecreio\" \/>\n<meta name=\"twitter:label1\" content=\"Est. reading time\">\n\t<meta name=\"twitter:data1\" content=\"1 minuto\">\n<script type=\"application\/ld+json\" class=\"yoast-schema-graph\">{\"@context\":\"https:\/\/schema.org\",\"@graph\":[{\"@type\":\"WebSite\",\"@id\":\"https:\/\/www.polisrecreio.com.br\/site\/#website\",\"url\":\"https:\/\/www.polisrecreio.com.br\/site\/\",\"name\":\"P\\u00f3lis Recreio\",\"description\":\"\",\"potentialAction\":[{\"@type\":\"SearchAction\",\"target\":\"https:\/\/www.polisrecreio.com.br\/site\/?s={search_term_string}\",\"query-input\":\"required name=search_term_string\"}],\"inLanguage\":\"pt-BR\"},{\"@type\":\"ImageObject\",\"@id\":\"http:\/\/www.polisrecreio.com.br\/site\/2016\/09\/03\/comeca-neste-domingo-mata-mata-do-regional-sub-17-para-o-recreio-e-c\/#primaryimage\",\"inLanguage\":\"pt-BR\",\"url\":\"https:\/\/www.polisrecreio.com.br\/site\/wp-content\/uploads\/2016\/07\/100_4221.jpg\",\"width\":800,\"height\":346,\"caption\":\"Recreio Esporte Clube, sub-17.\"},{\"@type\":\"WebPage\",\"@id\":\"http:\/\/www.polisrecreio.com.br\/site\/2016\/09\/03\/comeca-neste-domingo-mata-mata-do-regional-sub-17-para-o-recreio-e-c\/#webpage\",\"url\":\"http:\/\/www.polisrecreio.com.br\/site\/2016\/09\/03\/comeca-neste-domingo-mata-mata-do-regional-sub-17-para-o-recreio-e-c\/\",\"name\":\"Come\\u00e7a neste domingo, mata-mata do Regional sub-17 para o Recreio E.C - P\\u00f3lis Recreio\",\"isPartOf\":{\"@id\":\"https:\/\/www.polisrecreio.com.br\/site\/#website\"},\"primaryImageOfPage\":{\"@id\":\"http:\/\/www.polisrecreio.com.br\/site\/2016\/09\/03\/comeca-neste-domingo-mata-mata-do-regional-sub-17-para-o-recreio-e-c\/#primaryimage\"},\"datePublished\":\"2016-09-03T14:19:12+00:00\",\"dateModified\":\"2016-09-03T14:19:12+00:00\",\"author\":{\"@id\":\"https:\/\/www.polisrecreio.com.br\/site\/#\/schema\/person\/3363c1c78e1e28e1329d97adb387638e\"},\"inLanguage\":\"pt-BR\",\"potentialAction\":[{\"@type\":\"ReadAction\",\"target\":[\"http:\/\/www.polisrecreio.com.br\/site\/2016\/09\/03\/comeca-neste-domingo-mata-mata-do-regional-sub-17-para-o-recreio-e-c\/\"]}]},{\"@type\":\"Person\",\"@id\":\"https:\/\/www.polisrecreio.com.br\/site\/#\/schema\/person\/3363c1c78e1e28e1329d97adb387638e\",\"name\":\"Leonardo Ribeiro\",\"image\":{\"@type\":\"ImageObject\",\"@id\":\"https:\/\/www.polisrecreio.com.br\/site\/#personlogo\",\"inLanguage\":\"pt-BR\",\"url\":\"https:\/\/secure.gravatar.com\/avatar\/6ba92a37d621e1a83e23710251178a12?s=96&d=mm&r=g\",\"caption\":\"Leonardo Ribeiro\"},\"sameAs\":[\"http:\/\/www.polisrecreio.com.br\"]}]}<\/script>\n<!-- \/ Yoast SEO plugin. -->","_links":{"self":[{"href":"https:\/\/www.polisrecreio.com.br\/site\/wp-json\/wp\/v2\/posts\/2834"}],"collection":[{"href":"https:\/\/www.polisrecreio.com.br\/site\/wp-json\/wp\/v2\/posts"}],"about":[{"href":"https:\/\/www.polisrecreio.com.br\/site\/wp-json\/wp\/v2\/types\/post"}],"author":[{"embeddable":true,"href":"https:\/\/www.polisrecreio.com.br\/site\/wp-json\/wp\/v2\/users\/3"}],"replies":[{"embeddable":true,"href":"https:\/\/www.polisrecreio.com.br\/site\/wp-json\/wp\/v2\/comments?post=2834"}],"version-history":[{"count":1,"href":"https:\/\/www.polisrecreio.com.br\/site\/wp-json\/wp\/v2\/posts\/2834\/revisions"}],"predecessor-version":[{"id":2835,"href":"https:\/\/www.polisrecreio.com.br\/site\/wp-json\/wp\/v2\/posts\/2834\/revisions\/2835"}],"wp:featuredmedia":[{"embeddable":true,"href":"https:\/\/www.polisrecreio.com.br\/site\/wp-json\/wp\/v2\/media\/2474"}],"wp:attachment":[{"href":"https:\/\/www.polisrecreio.com.br\/site\/wp-json\/wp\/v2\/media?parent=2834"}],"wp:term":[{"taxonomy":"category","embeddable":true,"href":"https:\/\/www.polisrecreio.com.br\/site\/wp-json\/wp\/v2\/categories?post=2834"},{"taxonomy":"post_tag","embeddable":true,"href":"https:\/\/www.polisrecreio.com.br\/site\/wp-json\/wp\/v2\/tags?post=2834"}],"curies":[{"name":"wp","href":"https:\/\/api.w.org\/{rel}","templated":true}]}}