{"id":2836,"date":"2016-09-03T14:38:33","date_gmt":"2016-09-03T17:38:33","guid":{"rendered":"http:\/\/www.polisrecreio.com.br\/site\/?p=2836"},"modified":"2016-09-03T14:45:50","modified_gmt":"2016-09-03T17:45:50","slug":"prefeitaveis-criticam-um-ao-outro-por-falta-de-fabrica-em-recreio","status":"publish","type":"post","link":"https:\/\/www.polisrecreio.com.br\/site\/2016\/09\/03\/prefeitaveis-criticam-um-ao-outro-por-falta-de-fabrica-em-recreio\/","title":{"rendered":"Prefeit\u00e1veis criticam um ao outro por falta de f\u00e1brica em Recreio"},"content":{"rendered":"<p style=\"text-align: justify;\">H\u00e1 anos, que o Munic\u00edpio de Recreio, passa por uma grave crise econ\u00f4mica, acarretada pela falta de gera\u00e7\u00e3o de emprego e renda, e, intensificada com o encerramento das atividades da Ferrovia Centro Atl\u00e2ntica, do Abatedouro Municipal e da Usina de Reciclagem. Atrav\u00e9s do programa de r\u00e1dio e por rede social, os prefeit\u00e1veis Z\u00e9 Maria Barros (PSB) e Oninho (PTB), v\u00eam criticando um ao outro pela falta de f\u00e1bricas na cidade.<\/p>\n<p style=\"text-align: justify;\"><!--more--><\/p>\n<figure id=\"attachment_2837\" aria-describedby=\"caption-attachment-2837\" style=\"width: 800px\" class=\"wp-caption aligncenter\"><a href=\"http:\/\/www.polisrecreio.com.br\/site\/wp-content\/uploads\/2016\/09\/oninho-e-z\u00e9-maria.jpg\"><img loading=\"lazy\" class=\"size-full wp-image-2837\" src=\"http:\/\/www.polisrecreio.com.br\/site\/wp-content\/uploads\/2016\/09\/oninho-e-z\u00e9-maria.jpg\" alt=\"Z\u00e9 Maria Barros e Oninho.\" width=\"800\" height=\"452\" srcset=\"https:\/\/www.polisrecreio.com.br\/site\/wp-content\/uploads\/2016\/09\/oninho-e-z\u00e9-maria.jpg 800w, https:\/\/www.polisrecreio.com.br\/site\/wp-content\/uploads\/2016\/09\/oninho-e-z\u00e9-maria-300x170.jpg 300w\" sizes=\"(max-width: 800px) 100vw, 800px\" \/><\/a><figcaption id=\"caption-attachment-2837\" class=\"wp-caption-text\">Z\u00e9 Maria Barros e Oninho.<\/figcaption><\/figure>\n<p style=\"text-align: justify;\">Pelo Facebook, o candidato da situa\u00e7\u00e3o, Oninho, disse que \u201cos seus advers\u00e1rios de hoje (Z\u00e9 Maria e D\u00f3lar) estiveram juntos entre 1993 e 1996 e n\u00e3o fizeram nada para trazer uma f\u00e1brica para Recreio\u201d. O atual prefeito ainda completa dizendo \u201cque se tivesse tido a honra de ser deputado estadual, assim como foi Z\u00e9 Maria Barros, iria se preocupar em trazer um investimento para gerar emprego\u201d.<\/p>\n<p style=\"text-align: justify;\">Tamb\u00e9m pela rede social e no programa eleitoral na R\u00e1dio Mundial FM 104,9, o opositor, Z\u00e9 Maria Barros, esclareceu que \u201ca instala\u00e7\u00e3o de ind\u00fastrias \u00e9 de compet\u00eancia do poder executivo municipal, o prefeito, que tem incumb\u00eancia de oferecer infraestrutura e incentivos fiscais. Ao final de 2016, o atual prefeito, ter\u00e1 cumprido 12 anos \u00e0 frente de Recreio e nada foi feito para incentivar a gera\u00e7\u00e3o de empregos na cidade\u201d, completou.<\/p>\n<p style=\"text-align: justify;\">Nos \u00faltimos anos, o Munic\u00edpio perdeu a Ferrovia Centro Atl\u00e2ntica, depois que a empresa optou por transportar a bauxita extra\u00edda na regi\u00e3o em caminh\u00f5es; foi encerrada as atividades do Abatedouro Municipal, por precariedade nas instala\u00e7\u00f5es; e houve mudan\u00e7a na forma de destina\u00e7\u00e3o do \u201clixo urbano\u201d, deixando de ser reciclado na Usina de Triagem e Compostagem \u2013 Concei\u00e7\u00e3o da Boa Vista e encaminhando os res\u00edduos para o aterro Uni\u00e3o Recicl\u00e1veis na BR-116. Todos os fechamentos ocasionaram desempregos.<\/p>\n<p style=\"text-align: justify;\">Apesar das cr\u00edticas, ambos n\u00e3o apresentaram nenhum ideia para trazer uma f\u00e1brica para Recreio, nem citaram a Lei Estadual n\u00ba 22.221\/2016, a qual concedeu um prazo de 15 anos para a Prefeitura instalar um polo industrial na regi\u00e3o da antiga escola Ilca Neto, localizada a 3 km da \u00e1rea urbana, na rodovia de acesso a BR-116.<\/p>\n<p style=\"text-align: justify;\">No plano de governo da situa\u00e7\u00e3o, existe uma proposta de cria\u00e7\u00e3o do distrito industrial. A oposi\u00e7\u00e3o, n\u00e3o apresentou nenhuma sugest\u00e3o sobre o assunto.<\/p>\n","protected":false},"excerpt":{"rendered":"<p>H\u00e1 anos, que o Munic\u00edpio de Recreio, passa por uma grave crise econ\u00f4mica, acarretada pela falta de gera\u00e7\u00e3o de emprego e renda, e, intensificada com o encerramento das atividades da Ferrovia Centro Atl\u00e2ntica, do Abatedouro Municipal e da Usina de Reciclagem. Atrav\u00e9s do programa de r\u00e1dio e por rede social, os prefeit\u00e1veis Z\u00e9 Maria Barros [&hellip;]<\/p>\n","protected":false},"author":3,"featured_media":2837,"comment_status":"open","ping_status":"open","sticky":false,"template":"","format":"standard","meta":[],"categories":[13],"tags":[],"yoast_head":"<!-- This site is optimized with the Yoast SEO plugin v15.6.2 - https:\/\/yoast.com\/wordpress\/plugins\/seo\/ -->\n<meta name=\"robots\" content=\"index, follow, max-snippet:-1, max-image-preview:large, max-video-preview:-1\" \/>\n<link rel=\"canonical\" href=\"http:\/\/www.polisrecreio.com.br\/site\/2016\/09\/03\/prefeitaveis-criticam-um-ao-outro-por-falta-de-fabrica-em-recreio\/\" \/>\n<meta property=\"og:locale\" content=\"pt_BR\" \/>\n<meta property=\"og:type\" content=\"article\" \/>\n<meta property=\"og:title\" content=\"Prefeit\u00e1veis criticam um ao outro por falta de f\u00e1brica em Recreio - P\u00f3lis Recreio\" \/>\n<meta property=\"og:description\" content=\"H\u00e1 anos, que o Munic\u00edpio de Recreio, passa por uma grave crise econ\u00f4mica, acarretada pela falta de gera\u00e7\u00e3o de emprego e renda, e, intensificada com o encerramento das atividades da Ferrovia Centro Atl\u00e2ntica, do Abatedouro Municipal e da Usina de Reciclagem. Atrav\u00e9s do programa de r\u00e1dio e por rede social, os prefeit\u00e1veis Z\u00e9 Maria Barros [&hellip;]\" \/>\n<meta property=\"og:url\" content=\"http:\/\/www.polisrecreio.com.br\/site\/2016\/09\/03\/prefeitaveis-criticam-um-ao-outro-por-falta-de-fabrica-em-recreio\/\" \/>\n<meta property=\"og:site_name\" content=\"P\u00f3lis Recreio\" \/>\n<meta property=\"article:publisher\" content=\"https:\/\/www.facebook.com\/Site-P%c3%b3lis-Recreio-MG-181941708571019\/\" \/>\n<meta property=\"article:published_time\" content=\"2016-09-03T17:38:33+00:00\" \/>\n<meta property=\"article:modified_time\" content=\"2016-09-03T17:45:50+00:00\" \/>\n<meta property=\"og:image\" content=\"https:\/\/www.polisrecreio.com.br\/site\/wp-content\/uploads\/2016\/09\/oninho-e-z\u00e9-maria.jpg\" \/>\n\t<meta property=\"og:image:width\" content=\"800\" \/>\n\t<meta property=\"og:image:height\" content=\"452\" \/>\n<meta name=\"twitter:card\" content=\"summary_large_image\" \/>\n<meta name=\"twitter:creator\" content=\"@PolisRecreio\" \/>\n<meta name=\"twitter:site\" content=\"@PolisRecreio\" \/>\n<meta name=\"twitter:label1\" content=\"Est. reading time\">\n\t<meta name=\"twitter:data1\" content=\"2 minutos\">\n<script type=\"application\/ld+json\" class=\"yoast-schema-graph\">{\"@context\":\"https:\/\/schema.org\",\"@graph\":[{\"@type\":\"WebSite\",\"@id\":\"https:\/\/www.polisrecreio.com.br\/site\/#website\",\"url\":\"https:\/\/www.polisrecreio.com.br\/site\/\",\"name\":\"P\\u00f3lis Recreio\",\"description\":\"\",\"potentialAction\":[{\"@type\":\"SearchAction\",\"target\":\"https:\/\/www.polisrecreio.com.br\/site\/?s={search_term_string}\",\"query-input\":\"required name=search_term_string\"}],\"inLanguage\":\"pt-BR\"},{\"@type\":\"ImageObject\",\"@id\":\"http:\/\/www.polisrecreio.com.br\/site\/2016\/09\/03\/prefeitaveis-criticam-um-ao-outro-por-falta-de-fabrica-em-recreio\/#primaryimage\",\"inLanguage\":\"pt-BR\",\"url\":\"https:\/\/www.polisrecreio.com.br\/site\/wp-content\/uploads\/2016\/09\/oninho-e-z\\u00e9-maria.jpg\",\"width\":800,\"height\":452,\"caption\":\"Z\\u00e9 Maria Barros e Oninho.\"},{\"@type\":\"WebPage\",\"@id\":\"http:\/\/www.polisrecreio.com.br\/site\/2016\/09\/03\/prefeitaveis-criticam-um-ao-outro-por-falta-de-fabrica-em-recreio\/#webpage\",\"url\":\"http:\/\/www.polisrecreio.com.br\/site\/2016\/09\/03\/prefeitaveis-criticam-um-ao-outro-por-falta-de-fabrica-em-recreio\/\",\"name\":\"Prefeit\\u00e1veis criticam um ao outro por falta de f\\u00e1brica em Recreio - P\\u00f3lis Recreio\",\"isPartOf\":{\"@id\":\"https:\/\/www.polisrecreio.com.br\/site\/#website\"},\"primaryImageOfPage\":{\"@id\":\"http:\/\/www.polisrecreio.com.br\/site\/2016\/09\/03\/prefeitaveis-criticam-um-ao-outro-por-falta-de-fabrica-em-recreio\/#primaryimage\"},\"datePublished\":\"2016-09-03T17:38:33+00:00\",\"dateModified\":\"2016-09-03T17:45:50+00:00\",\"author\":{\"@id\":\"https:\/\/www.polisrecreio.com.br\/site\/#\/schema\/person\/3363c1c78e1e28e1329d97adb387638e\"},\"inLanguage\":\"pt-BR\",\"potentialAction\":[{\"@type\":\"ReadAction\",\"target\":[\"http:\/\/www.polisrecreio.com.br\/site\/2016\/09\/03\/prefeitaveis-criticam-um-ao-outro-por-falta-de-fabrica-em-recreio\/\"]}]},{\"@type\":\"Person\",\"@id\":\"https:\/\/www.polisrecreio.com.br\/site\/#\/schema\/person\/3363c1c78e1e28e1329d97adb387638e\",\"name\":\"Leonardo Ribeiro\",\"image\":{\"@type\":\"ImageObject\",\"@id\":\"https:\/\/www.polisrecreio.com.br\/site\/#personlogo\",\"inLanguage\":\"pt-BR\",\"url\":\"https:\/\/secure.gravatar.com\/avatar\/6ba92a37d621e1a83e23710251178a12?s=96&d=mm&r=g\",\"caption\":\"Leonardo Ribeiro\"},\"sameAs\":[\"http:\/\/www.polisrecreio.com.br\"]}]}<\/script>\n<!-- \/ Yoast SEO plugin. -->","_links":{"self":[{"href":"https:\/\/www.polisrecreio.com.br\/site\/wp-json\/wp\/v2\/posts\/2836"}],"collection":[{"href":"https:\/\/www.polisrecreio.com.br\/site\/wp-json\/wp\/v2\/posts"}],"about":[{"href":"https:\/\/www.polisrecreio.com.br\/site\/wp-json\/wp\/v2\/types\/post"}],"author":[{"embeddable":true,"href":"https:\/\/www.polisrecreio.com.br\/site\/wp-json\/wp\/v2\/users\/3"}],"replies":[{"embeddable":true,"href":"https:\/\/www.polisrecreio.com.br\/site\/wp-json\/wp\/v2\/comments?post=2836"}],"version-history":[{"count":2,"href":"https:\/\/www.polisrecreio.com.br\/site\/wp-json\/wp\/v2\/posts\/2836\/revisions"}],"predecessor-version":[{"id":2839,"href":"https:\/\/www.polisrecreio.com.br\/site\/wp-json\/wp\/v2\/posts\/2836\/revisions\/2839"}],"wp:featuredmedia":[{"embeddable":true,"href":"https:\/\/www.polisrecreio.com.br\/site\/wp-json\/wp\/v2\/media\/2837"}],"wp:attachment":[{"href":"https:\/\/www.polisrecreio.com.br\/site\/wp-json\/wp\/v2\/media?parent=2836"}],"wp:term":[{"taxonomy":"category","embeddable":true,"href":"https:\/\/www.polisrecreio.com.br\/site\/wp-json\/wp\/v2\/categories?post=2836"},{"taxonomy":"post_tag","embeddable":true,"href":"https:\/\/www.polisrecreio.com.br\/site\/wp-json\/wp\/v2\/tags?post=2836"}],"curies":[{"name":"wp","href":"https:\/\/api.w.org\/{rel}","templated":true}]}}