{"id":28408,"date":"2026-01-08T08:22:48","date_gmt":"2026-01-08T11:22:48","guid":{"rendered":"http:\/\/www.polisrecreio.com.br\/site\/?p=28408"},"modified":"2026-01-08T08:22:48","modified_gmt":"2026-01-08T11:22:48","slug":"matheus-um-guardiao-da-cultura-das-folias-de-reis-de-recreio-e-regiao","status":"publish","type":"post","link":"https:\/\/www.polisrecreio.com.br\/site\/2026\/01\/08\/matheus-um-guardiao-da-cultura-das-folias-de-reis-de-recreio-e-regiao\/","title":{"rendered":"Matheus: um guardi\u00e3o da cultura das Folias de Reis de Recreio e regi\u00e3o"},"content":{"rendered":"<p style=\"text-align: justify;\">Nesta semana, que comemoramos o Dia de Reis, 6 de janeiro, um recreiense merece destaque por toda dedica\u00e7\u00e3o, empenho e devo\u00e7\u00e3o em manter viva a manifesta\u00e7\u00e3o das Folias de Reis. Seu nome \u00e9 Matheus Ribeiro Dias. Ele \u00e9 um verdadeiro guardi\u00e3o da cultura das Folias de Reis de Recreio e regi\u00e3o.<\/p>\n<p><!--more--><\/p>\n<p><a href=\"http:\/\/www.polisrecreio.com.br\/site\/wp-content\/uploads\/2026\/01\/Acompanhado-2.jpg\"><img loading=\"lazy\" class=\"aligncenter size-full wp-image-28409\" src=\"http:\/\/www.polisrecreio.com.br\/site\/wp-content\/uploads\/2026\/01\/Acompanhado-2.jpg\" alt=\"\" width=\"750\" height=\"500\" srcset=\"https:\/\/www.polisrecreio.com.br\/site\/wp-content\/uploads\/2026\/01\/Acompanhado-2.jpg 750w, https:\/\/www.polisrecreio.com.br\/site\/wp-content\/uploads\/2026\/01\/Acompanhado-2-300x200.jpg 300w\" sizes=\"(max-width: 750px) 100vw, 750px\" \/><\/a><\/p>\n<p style=\"text-align: justify;\">Segundo informa\u00e7\u00f5es da fam\u00edlia, desde pequeno Matheus acompanhava apresenta\u00e7\u00f5es com seu av\u00f4 Vadico. Em 2010, ele ent\u00e3o resolveu ensaiar na Folia do Leno, no bairro do Alto do Asilo. Mas, diante de outros compromissos, n\u00e3o conseguiu continuar.<\/p>\n<p style=\"text-align: justify;\">No ano seguinte, o recreiense come\u00e7ou a ajudar na Festa do Cruzeiro dos Santos Reis, no bairro do Canto da F\u00e1brica, ao lado de Dona Mariinha e Senhor Geraldo Majela. O festejo reunia algumas folias.<\/p>\n<p style=\"text-align: justify;\">Hoje, a festa \u00e9 uma das mais tradicionais da regi\u00e3o, com participa\u00e7\u00e3o de grupos de Recreio, regi\u00e3o e at\u00e9 de outros estados. Matheus est\u00e1 \u00e0 frente da festividade, com apoio de v\u00e1rios moradores da comunidade do Canto da F\u00e1brica, volunt\u00e1rios, apoiadores, administra\u00e7\u00e3o p\u00fablica e outros. Este ano foi a 34.\u00aa edi\u00e7\u00e3o, com a denomina\u00e7\u00e3o de Festa de Santos Reis e Encontro de Folias de Reis.<\/p>\n<p style=\"text-align: justify;\">Matheus, um verdadeiro guardi\u00e3o da cultura das Folias de Reis de Recreio e regi\u00e3o.<\/p>\n<figure id=\"attachment_28410\" aria-describedby=\"caption-attachment-28410\" style=\"width: 750px\" class=\"wp-caption aligncenter\"><a href=\"http:\/\/www.polisrecreio.com.br\/site\/wp-content\/uploads\/2026\/01\/Acompanhado-1-1.jpg\"><img loading=\"lazy\" class=\"wp-image-28410 size-full\" src=\"http:\/\/www.polisrecreio.com.br\/site\/wp-content\/uploads\/2026\/01\/Acompanhado-1-1.jpg\" alt=\"\" width=\"750\" height=\"500\" srcset=\"https:\/\/www.polisrecreio.com.br\/site\/wp-content\/uploads\/2026\/01\/Acompanhado-1-1.jpg 750w, https:\/\/www.polisrecreio.com.br\/site\/wp-content\/uploads\/2026\/01\/Acompanhado-1-1-300x200.jpg 300w\" sizes=\"(max-width: 750px) 100vw, 750px\" \/><\/a><figcaption id=\"caption-attachment-28410\" class=\"wp-caption-text\">Matheus com a bandeira da Folia de Reis Menino Deus, de Leopoldina, no dia 6 de janeiro.<\/figcaption><\/figure>\n","protected":false},"excerpt":{"rendered":"<p>Nesta semana, que comemoramos o Dia de Reis, 6 de janeiro, um recreiense merece destaque por toda dedica\u00e7\u00e3o, empenho e devo\u00e7\u00e3o em manter viva a manifesta\u00e7\u00e3o das Folias de Reis. Seu nome \u00e9 Matheus Ribeiro Dias. Ele \u00e9 um verdadeiro guardi\u00e3o da cultura das Folias de Reis de Recreio e regi\u00e3o.<\/p>\n","protected":false},"author":3,"featured_media":0,"comment_status":"open","ping_status":"open","sticky":false,"template":"","format":"standard","meta":[],"categories":[2],"tags":[],"yoast_head":"<!-- This site is optimized with the Yoast SEO plugin v15.6.2 - https:\/\/yoast.com\/wordpress\/plugins\/seo\/ -->\n<meta name=\"robots\" content=\"index, follow, max-snippet:-1, max-image-preview:large, max-video-preview:-1\" \/>\n<link rel=\"canonical\" href=\"http:\/\/www.polisrecreio.com.br\/site\/2026\/01\/08\/matheus-um-guardiao-da-cultura-das-folias-de-reis-de-recreio-e-regiao\/\" \/>\n<meta property=\"og:locale\" content=\"pt_BR\" \/>\n<meta property=\"og:type\" content=\"article\" \/>\n<meta property=\"og:title\" content=\"Matheus: um guardi\u00e3o da cultura das Folias de Reis de Recreio e regi\u00e3o - P\u00f3lis Recreio\" \/>\n<meta property=\"og:description\" content=\"Nesta semana, que comemoramos o Dia de Reis, 6 de janeiro, um recreiense merece destaque por toda dedica\u00e7\u00e3o, empenho e devo\u00e7\u00e3o em manter viva a manifesta\u00e7\u00e3o das Folias de Reis. Seu nome \u00e9 Matheus Ribeiro Dias. Ele \u00e9 um verdadeiro guardi\u00e3o da cultura das Folias de Reis de Recreio e regi\u00e3o.\" \/>\n<meta property=\"og:url\" content=\"http:\/\/www.polisrecreio.com.br\/site\/2026\/01\/08\/matheus-um-guardiao-da-cultura-das-folias-de-reis-de-recreio-e-regiao\/\" \/>\n<meta property=\"og:site_name\" content=\"P\u00f3lis Recreio\" \/>\n<meta property=\"article:publisher\" content=\"https:\/\/www.facebook.com\/Site-P%c3%b3lis-Recreio-MG-181941708571019\/\" \/>\n<meta property=\"article:published_time\" content=\"2026-01-08T11:22:48+00:00\" \/>\n<meta property=\"og:image\" content=\"http:\/\/www.polisrecreio.com.br\/site\/wp-content\/uploads\/2026\/01\/Acompanhado-2.jpg\" \/>\n<meta name=\"twitter:card\" content=\"summary_large_image\" \/>\n<meta name=\"twitter:creator\" content=\"@PolisRecreio\" \/>\n<meta name=\"twitter:site\" content=\"@PolisRecreio\" \/>\n<meta name=\"twitter:label1\" content=\"Est. reading time\">\n\t<meta name=\"twitter:data1\" content=\"2 minutos\">\n<script type=\"application\/ld+json\" class=\"yoast-schema-graph\">{\"@context\":\"https:\/\/schema.org\",\"@graph\":[{\"@type\":\"WebSite\",\"@id\":\"https:\/\/www.polisrecreio.com.br\/site\/#website\",\"url\":\"https:\/\/www.polisrecreio.com.br\/site\/\",\"name\":\"P\\u00f3lis Recreio\",\"description\":\"\",\"potentialAction\":[{\"@type\":\"SearchAction\",\"target\":\"https:\/\/www.polisrecreio.com.br\/site\/?s={search_term_string}\",\"query-input\":\"required name=search_term_string\"}],\"inLanguage\":\"pt-BR\"},{\"@type\":\"ImageObject\",\"@id\":\"http:\/\/www.polisrecreio.com.br\/site\/2026\/01\/08\/matheus-um-guardiao-da-cultura-das-folias-de-reis-de-recreio-e-regiao\/#primaryimage\",\"inLanguage\":\"pt-BR\",\"url\":\"http:\/\/www.polisrecreio.com.br\/site\/wp-content\/uploads\/2026\/01\/Acompanhado-2.jpg\"},{\"@type\":\"WebPage\",\"@id\":\"http:\/\/www.polisrecreio.com.br\/site\/2026\/01\/08\/matheus-um-guardiao-da-cultura-das-folias-de-reis-de-recreio-e-regiao\/#webpage\",\"url\":\"http:\/\/www.polisrecreio.com.br\/site\/2026\/01\/08\/matheus-um-guardiao-da-cultura-das-folias-de-reis-de-recreio-e-regiao\/\",\"name\":\"Matheus: um guardi\\u00e3o da cultura das Folias de Reis de Recreio e regi\\u00e3o - P\\u00f3lis Recreio\",\"isPartOf\":{\"@id\":\"https:\/\/www.polisrecreio.com.br\/site\/#website\"},\"primaryImageOfPage\":{\"@id\":\"http:\/\/www.polisrecreio.com.br\/site\/2026\/01\/08\/matheus-um-guardiao-da-cultura-das-folias-de-reis-de-recreio-e-regiao\/#primaryimage\"},\"datePublished\":\"2026-01-08T11:22:48+00:00\",\"dateModified\":\"2026-01-08T11:22:48+00:00\",\"author\":{\"@id\":\"https:\/\/www.polisrecreio.com.br\/site\/#\/schema\/person\/3363c1c78e1e28e1329d97adb387638e\"},\"inLanguage\":\"pt-BR\",\"potentialAction\":[{\"@type\":\"ReadAction\",\"target\":[\"http:\/\/www.polisrecreio.com.br\/site\/2026\/01\/08\/matheus-um-guardiao-da-cultura-das-folias-de-reis-de-recreio-e-regiao\/\"]}]},{\"@type\":\"Person\",\"@id\":\"https:\/\/www.polisrecreio.com.br\/site\/#\/schema\/person\/3363c1c78e1e28e1329d97adb387638e\",\"name\":\"Leonardo Ribeiro\",\"image\":{\"@type\":\"ImageObject\",\"@id\":\"https:\/\/www.polisrecreio.com.br\/site\/#personlogo\",\"inLanguage\":\"pt-BR\",\"url\":\"https:\/\/secure.gravatar.com\/avatar\/6ba92a37d621e1a83e23710251178a12?s=96&d=mm&r=g\",\"caption\":\"Leonardo Ribeiro\"},\"sameAs\":[\"http:\/\/www.polisrecreio.com.br\"]}]}<\/script>\n<!-- \/ Yoast SEO plugin. -->","_links":{"self":[{"href":"https:\/\/www.polisrecreio.com.br\/site\/wp-json\/wp\/v2\/posts\/28408"}],"collection":[{"href":"https:\/\/www.polisrecreio.com.br\/site\/wp-json\/wp\/v2\/posts"}],"about":[{"href":"https:\/\/www.polisrecreio.com.br\/site\/wp-json\/wp\/v2\/types\/post"}],"author":[{"embeddable":true,"href":"https:\/\/www.polisrecreio.com.br\/site\/wp-json\/wp\/v2\/users\/3"}],"replies":[{"embeddable":true,"href":"https:\/\/www.polisrecreio.com.br\/site\/wp-json\/wp\/v2\/comments?post=28408"}],"version-history":[{"count":1,"href":"https:\/\/www.polisrecreio.com.br\/site\/wp-json\/wp\/v2\/posts\/28408\/revisions"}],"predecessor-version":[{"id":28411,"href":"https:\/\/www.polisrecreio.com.br\/site\/wp-json\/wp\/v2\/posts\/28408\/revisions\/28411"}],"wp:attachment":[{"href":"https:\/\/www.polisrecreio.com.br\/site\/wp-json\/wp\/v2\/media?parent=28408"}],"wp:term":[{"taxonomy":"category","embeddable":true,"href":"https:\/\/www.polisrecreio.com.br\/site\/wp-json\/wp\/v2\/categories?post=28408"},{"taxonomy":"post_tag","embeddable":true,"href":"https:\/\/www.polisrecreio.com.br\/site\/wp-json\/wp\/v2\/tags?post=28408"}],"curies":[{"name":"wp","href":"https:\/\/api.w.org\/{rel}","templated":true}]}}