{"id":28413,"date":"2026-01-12T14:55:31","date_gmt":"2026-01-12T17:55:31","guid":{"rendered":"http:\/\/www.polisrecreio.com.br\/site\/?p=28413"},"modified":"2026-01-12T14:55:31","modified_gmt":"2026-01-12T17:55:31","slug":"programacao-da-tradicional-festa-de-sao-sebastiao-de-recreio-e-divulgada","status":"publish","type":"post","link":"https:\/\/www.polisrecreio.com.br\/site\/2026\/01\/12\/programacao-da-tradicional-festa-de-sao-sebastiao-de-recreio-e-divulgada\/","title":{"rendered":"Programa\u00e7\u00e3o da tradicional Festa de S\u00e3o Sebasti\u00e3o de Recreio \u00e9 divulgada"},"content":{"rendered":"<p style=\"text-align: justify;\">A programa\u00e7\u00e3o da tradicional Festa de S\u00e3o Sebasti\u00e3o de Recreio de 2026 foi divulgada: santas missas, leil\u00e3o de prendas e de bezerros, prociss\u00e3o com cavalos e carros de bois, almo\u00e7o e shows de forr\u00f3.<\/p>\n<p><!--more--><\/p>\n<figure id=\"attachment_8543\" aria-describedby=\"caption-attachment-8543\" style=\"width: 750px\" class=\"wp-caption aligncenter\"><a href=\"http:\/\/www.polisrecreio.com.br\/site\/wp-content\/uploads\/2018\/01\/54.jpg\"><img loading=\"lazy\" class=\"size-full wp-image-8543\" src=\"http:\/\/www.polisrecreio.com.br\/site\/wp-content\/uploads\/2018\/01\/54.jpg\" alt=\"\" width=\"750\" height=\"563\" srcset=\"https:\/\/www.polisrecreio.com.br\/site\/wp-content\/uploads\/2018\/01\/54.jpg 750w, https:\/\/www.polisrecreio.com.br\/site\/wp-content\/uploads\/2018\/01\/54-300x225.jpg 300w\" sizes=\"(max-width: 750px) 100vw, 750px\" \/><\/a><figcaption id=\"caption-attachment-8543\" class=\"wp-caption-text\">Prociss\u00e3o de S\u00e3o Sebasti\u00e3o em 2017.<\/figcaption><\/figure>\n<p>Confira abaixo:<\/p>\n<p>S\u00e1bado (17)<\/p>\n<ul>\n<li>19h \u2013 Santa Missa (Capela de S\u00e3o Sebasti\u00e3o)<\/li>\n<li>20h \u2013 Leil\u00e3o de prendas<\/li>\n<li>21h \u2013 Show com Alexandre.Com<\/li>\n<\/ul>\n<p>Domingo (18)<\/p>\n<ul>\n<li>17h \u2013 Santa Missa (Capela de S\u00e3o Sebasti\u00e3o)<\/li>\n<\/ul>\n<p>Segunda-feira (19)<\/p>\n<ul>\n<li>19h \u2013 Santa Missa (Capela de S\u00e3o Sebasti\u00e3o)<\/li>\n<\/ul>\n<p style=\"text-align: justify;\">Ter\u00e7a-feira (20)<\/p>\n<ul>\n<li style=\"text-align: justify;\">10h \u2013 Santa Missa (Matriz Jesus Menino Deus)<\/li>\n<li style=\"text-align: justify;\">11h \u2013 Prociss\u00e3o com cavalos e carros de boi<\/li>\n<li style=\"text-align: justify;\">12h \u2013 Almo\u00e7o<\/li>\n<li style=\"text-align: justify;\">13h \u2013 Leil\u00e3o de prendas e de bezerros<\/li>\n<li style=\"text-align: justify;\">16h \u2013 Show com Banda Tch\u00ea Malucos<\/li>\n<\/ul>\n<p style=\"text-align: justify;\">A Festa \u00e9 organizada pela Par\u00f3quia Jesus Menino Deus, com apoio da Pol\u00edcia Militar de Minas Gerais, Prefeitura de Recreio, Secretaria de Cultura e Turismo e Conselho Municipal do Patrim\u00f4nio Cultural.<\/p>\n<p style=\"text-align: justify;\">O dia 20 de janeiro, Dia de S\u00e3o Sebasti\u00e3o, \u00e9 feriado em Recreio.<\/p>\n<p><a href=\"http:\/\/www.polisrecreio.com.br\/site\/wp-content\/uploads\/2026\/01\/615170757_18064280099641455_1665561626059619843_n.jpg\"><img loading=\"lazy\" class=\"aligncenter size-full wp-image-28414\" src=\"http:\/\/www.polisrecreio.com.br\/site\/wp-content\/uploads\/2026\/01\/615170757_18064280099641455_1665561626059619843_n.jpg\" alt=\"\" width=\"1200\" height=\"1200\" srcset=\"https:\/\/www.polisrecreio.com.br\/site\/wp-content\/uploads\/2026\/01\/615170757_18064280099641455_1665561626059619843_n.jpg 1200w, https:\/\/www.polisrecreio.com.br\/site\/wp-content\/uploads\/2026\/01\/615170757_18064280099641455_1665561626059619843_n-300x300.jpg 300w, https:\/\/www.polisrecreio.com.br\/site\/wp-content\/uploads\/2026\/01\/615170757_18064280099641455_1665561626059619843_n-1024x1024.jpg 1024w, https:\/\/www.polisrecreio.com.br\/site\/wp-content\/uploads\/2026\/01\/615170757_18064280099641455_1665561626059619843_n-150x150.jpg 150w, https:\/\/www.polisrecreio.com.br\/site\/wp-content\/uploads\/2026\/01\/615170757_18064280099641455_1665561626059619843_n-768x768.jpg 768w\" sizes=\"(max-width: 1200px) 100vw, 1200px\" \/><\/a><\/p>\n","protected":false},"excerpt":{"rendered":"<p>A programa\u00e7\u00e3o da tradicional Festa de S\u00e3o Sebasti\u00e3o de Recreio de 2026 foi divulgada: santas missas, leil\u00e3o de prendas e de bezerros, prociss\u00e3o com cavalos e carros de bois, almo\u00e7o e shows de forr\u00f3.<\/p>\n","protected":false},"author":3,"featured_media":0,"comment_status":"open","ping_status":"open","sticky":false,"template":"","format":"standard","meta":[],"categories":[2],"tags":[],"yoast_head":"<!-- This site is optimized with the Yoast SEO plugin v15.6.2 - https:\/\/yoast.com\/wordpress\/plugins\/seo\/ -->\n<meta name=\"robots\" content=\"index, follow, max-snippet:-1, max-image-preview:large, max-video-preview:-1\" \/>\n<link rel=\"canonical\" href=\"http:\/\/www.polisrecreio.com.br\/site\/2026\/01\/12\/programacao-da-tradicional-festa-de-sao-sebastiao-de-recreio-e-divulgada\/\" \/>\n<meta property=\"og:locale\" content=\"pt_BR\" \/>\n<meta property=\"og:type\" content=\"article\" \/>\n<meta property=\"og:title\" content=\"Programa\u00e7\u00e3o da tradicional Festa de S\u00e3o Sebasti\u00e3o de Recreio \u00e9 divulgada - P\u00f3lis Recreio\" \/>\n<meta property=\"og:description\" content=\"A programa\u00e7\u00e3o da tradicional Festa de S\u00e3o Sebasti\u00e3o de Recreio de 2026 foi divulgada: santas missas, leil\u00e3o de prendas e de bezerros, prociss\u00e3o com cavalos e carros de bois, almo\u00e7o e shows de forr\u00f3.\" \/>\n<meta property=\"og:url\" content=\"http:\/\/www.polisrecreio.com.br\/site\/2026\/01\/12\/programacao-da-tradicional-festa-de-sao-sebastiao-de-recreio-e-divulgada\/\" \/>\n<meta property=\"og:site_name\" content=\"P\u00f3lis Recreio\" \/>\n<meta property=\"article:publisher\" content=\"https:\/\/www.facebook.com\/Site-P%c3%b3lis-Recreio-MG-181941708571019\/\" \/>\n<meta property=\"article:published_time\" content=\"2026-01-12T17:55:31+00:00\" \/>\n<meta property=\"og:image\" content=\"http:\/\/www.polisrecreio.com.br\/site\/wp-content\/uploads\/2018\/01\/54.jpg\" \/>\n<meta name=\"twitter:card\" content=\"summary_large_image\" \/>\n<meta name=\"twitter:creator\" content=\"@PolisRecreio\" \/>\n<meta name=\"twitter:site\" content=\"@PolisRecreio\" \/>\n<meta name=\"twitter:label1\" content=\"Est. reading time\">\n\t<meta name=\"twitter:data1\" content=\"2 minutos\">\n<script type=\"application\/ld+json\" class=\"yoast-schema-graph\">{\"@context\":\"https:\/\/schema.org\",\"@graph\":[{\"@type\":\"WebSite\",\"@id\":\"https:\/\/www.polisrecreio.com.br\/site\/#website\",\"url\":\"https:\/\/www.polisrecreio.com.br\/site\/\",\"name\":\"P\\u00f3lis Recreio\",\"description\":\"\",\"potentialAction\":[{\"@type\":\"SearchAction\",\"target\":\"https:\/\/www.polisrecreio.com.br\/site\/?s={search_term_string}\",\"query-input\":\"required name=search_term_string\"}],\"inLanguage\":\"pt-BR\"},{\"@type\":\"ImageObject\",\"@id\":\"http:\/\/www.polisrecreio.com.br\/site\/2026\/01\/12\/programacao-da-tradicional-festa-de-sao-sebastiao-de-recreio-e-divulgada\/#primaryimage\",\"inLanguage\":\"pt-BR\",\"url\":\"http:\/\/www.polisrecreio.com.br\/site\/wp-content\/uploads\/2018\/01\/54.jpg\"},{\"@type\":\"WebPage\",\"@id\":\"http:\/\/www.polisrecreio.com.br\/site\/2026\/01\/12\/programacao-da-tradicional-festa-de-sao-sebastiao-de-recreio-e-divulgada\/#webpage\",\"url\":\"http:\/\/www.polisrecreio.com.br\/site\/2026\/01\/12\/programacao-da-tradicional-festa-de-sao-sebastiao-de-recreio-e-divulgada\/\",\"name\":\"Programa\\u00e7\\u00e3o da tradicional Festa de S\\u00e3o Sebasti\\u00e3o de Recreio \\u00e9 divulgada - P\\u00f3lis Recreio\",\"isPartOf\":{\"@id\":\"https:\/\/www.polisrecreio.com.br\/site\/#website\"},\"primaryImageOfPage\":{\"@id\":\"http:\/\/www.polisrecreio.com.br\/site\/2026\/01\/12\/programacao-da-tradicional-festa-de-sao-sebastiao-de-recreio-e-divulgada\/#primaryimage\"},\"datePublished\":\"2026-01-12T17:55:31+00:00\",\"dateModified\":\"2026-01-12T17:55:31+00:00\",\"author\":{\"@id\":\"https:\/\/www.polisrecreio.com.br\/site\/#\/schema\/person\/3363c1c78e1e28e1329d97adb387638e\"},\"inLanguage\":\"pt-BR\",\"potentialAction\":[{\"@type\":\"ReadAction\",\"target\":[\"http:\/\/www.polisrecreio.com.br\/site\/2026\/01\/12\/programacao-da-tradicional-festa-de-sao-sebastiao-de-recreio-e-divulgada\/\"]}]},{\"@type\":\"Person\",\"@id\":\"https:\/\/www.polisrecreio.com.br\/site\/#\/schema\/person\/3363c1c78e1e28e1329d97adb387638e\",\"name\":\"Leonardo Ribeiro\",\"image\":{\"@type\":\"ImageObject\",\"@id\":\"https:\/\/www.polisrecreio.com.br\/site\/#personlogo\",\"inLanguage\":\"pt-BR\",\"url\":\"https:\/\/secure.gravatar.com\/avatar\/6ba92a37d621e1a83e23710251178a12?s=96&d=mm&r=g\",\"caption\":\"Leonardo Ribeiro\"},\"sameAs\":[\"http:\/\/www.polisrecreio.com.br\"]}]}<\/script>\n<!-- \/ Yoast SEO plugin. -->","_links":{"self":[{"href":"https:\/\/www.polisrecreio.com.br\/site\/wp-json\/wp\/v2\/posts\/28413"}],"collection":[{"href":"https:\/\/www.polisrecreio.com.br\/site\/wp-json\/wp\/v2\/posts"}],"about":[{"href":"https:\/\/www.polisrecreio.com.br\/site\/wp-json\/wp\/v2\/types\/post"}],"author":[{"embeddable":true,"href":"https:\/\/www.polisrecreio.com.br\/site\/wp-json\/wp\/v2\/users\/3"}],"replies":[{"embeddable":true,"href":"https:\/\/www.polisrecreio.com.br\/site\/wp-json\/wp\/v2\/comments?post=28413"}],"version-history":[{"count":1,"href":"https:\/\/www.polisrecreio.com.br\/site\/wp-json\/wp\/v2\/posts\/28413\/revisions"}],"predecessor-version":[{"id":28415,"href":"https:\/\/www.polisrecreio.com.br\/site\/wp-json\/wp\/v2\/posts\/28413\/revisions\/28415"}],"wp:attachment":[{"href":"https:\/\/www.polisrecreio.com.br\/site\/wp-json\/wp\/v2\/media?parent=28413"}],"wp:term":[{"taxonomy":"category","embeddable":true,"href":"https:\/\/www.polisrecreio.com.br\/site\/wp-json\/wp\/v2\/categories?post=28413"},{"taxonomy":"post_tag","embeddable":true,"href":"https:\/\/www.polisrecreio.com.br\/site\/wp-json\/wp\/v2\/tags?post=28413"}],"curies":[{"name":"wp","href":"https:\/\/api.w.org\/{rel}","templated":true}]}}