{"id":28416,"date":"2026-01-13T14:10:46","date_gmt":"2026-01-13T17:10:46","guid":{"rendered":"http:\/\/www.polisrecreio.com.br\/site\/?p=28416"},"modified":"2026-01-13T14:10:59","modified_gmt":"2026-01-13T17:10:59","slug":"novo-padre-de-recreio-sera-entrevistado-nesta-quarta-feira-na-radio-mundial","status":"publish","type":"post","link":"https:\/\/www.polisrecreio.com.br\/site\/2026\/01\/13\/novo-padre-de-recreio-sera-entrevistado-nesta-quarta-feira-na-radio-mundial\/","title":{"rendered":"Novo padre de Recreio ser\u00e1 entrevistado nesta quarta-feira na r\u00e1dio Mundial"},"content":{"rendered":"<p style=\"text-align: justify;\">O novo padre de Recreio, M\u00e1rcio da Silva Nunes, ser\u00e1 entrevistado nesta quarta-feira (14), a partir de 8h, na r\u00e1dio Mundial FM 104,9.<\/p>\n<p><!--more--><\/p>\n<p><a href=\"http:\/\/www.polisrecreio.com.br\/site\/wp-content\/uploads\/2026\/01\/IMG_6718.jpg\"><img loading=\"lazy\" class=\"aligncenter size-full wp-image-28417\" src=\"http:\/\/www.polisrecreio.com.br\/site\/wp-content\/uploads\/2026\/01\/IMG_6718.jpg\" alt=\"\" width=\"1500\" height=\"1000\" srcset=\"https:\/\/www.polisrecreio.com.br\/site\/wp-content\/uploads\/2026\/01\/IMG_6718.jpg 1500w, https:\/\/www.polisrecreio.com.br\/site\/wp-content\/uploads\/2026\/01\/IMG_6718-300x200.jpg 300w, https:\/\/www.polisrecreio.com.br\/site\/wp-content\/uploads\/2026\/01\/IMG_6718-1024x683.jpg 1024w, https:\/\/www.polisrecreio.com.br\/site\/wp-content\/uploads\/2026\/01\/IMG_6718-768x512.jpg 768w\" sizes=\"(max-width: 1500px) 100vw, 1500px\" \/><\/a><\/p>\n<p style=\"text-align: justify;\">Pe. M\u00e1rcio chegou dia 7 de janeiro e j\u00e1 celebrou as primeiras missas. A sua ordena\u00e7\u00e3o foi realizada em 5 de agosto de 2023. O sacerdote estava na Par\u00f3quia de S\u00e3o Sebasti\u00e3o, em Bar\u00e3o do Monte Alto.<\/p>\n<p style=\"text-align: justify;\">Ele \u00e9 natural de Cataguases e nasceu no Dia de S\u00e3o Sebasti\u00e3o.<\/p>\n<p><strong>Sobre o novo padre de Recreio<\/strong><\/p>\n<p style=\"text-align: justify;\">O padre M\u00e1rcio da Silva Nunes nasceu no dia 20 de janeiro de 1997, em Cataguases (MG). \u00c9 filho de M\u00e1rcio Nunes e Simone Aparecida da Silva. Foi batizado pelo padre Volnei Ferreira Noro na Igreja Matriz S\u00e3o Jos\u00e9 Oper\u00e1rio, em sua terra natal.<\/p>\n<p style=\"text-align: justify;\">Seu processo de forma\u00e7\u00e3o crist\u00e3 inicial foi realizado na Capela S\u00e3o Sebasti\u00e3o, no Bairro Dico Leite, pertencente \u00e0 Par\u00f3quia S\u00e3o Jos\u00e9 Oper\u00e1rio de Cataguases. Na Igreja Matriz recebeu a primeira eucaristia do p\u00e1roco da \u00e9poca, padre \u00canio Marcos de Oliveira.<\/p>\n<p style=\"text-align: justify;\">Foi Confirmado na f\u00e9 pelo ent\u00e3o bispo diocesano, dom Dario Campos, OFM, em 2009. Durante sua trajet\u00f3ria na par\u00f3quia de origem, participou do grupo de coroinhas, EAC \u2013 Encontro de Adolescentes com Cristo, al\u00e9m de trabalhar como sacrist\u00e3o da par\u00f3quia.<\/p>\n<p style=\"text-align: justify;\">Incentivado pelo p\u00e1roco da \u00e9poca, padre Edson Campos, participou dos encontros vocacionais promovidos pela Diocese de Leopoldina, vindo a ingressar no Semin\u00e1rio Proped\u00eautico de Cataguases em 2015 e, no ano seguinte, no Semin\u00e1rio Maior Nossa Senhora de Guadalupe de Juiz de Fora. Pelo CES \u2013 Centro de Ensino Superior de Juiz de Fora concluiu o curso de filosofia (2019) e teologia (2023).<\/p>\n<p style=\"text-align: justify;\">Fez o seu est\u00e1gio pastoral nas par\u00f3quias Sant\u2019Ana de Pirapetinga (2017); Santo Ant\u00f4nio de Mira\u00ed (2018 a 2019); Par\u00f3quia Nossa Senhora da Encarna\u00e7\u00e3o de Guiricema (2019 a 2020); Par\u00f3quia S\u00e3o Sebasti\u00e3o de S\u00e3o Geraldo (2021) e Santu\u00e1rio Santa Rita de C\u00e1ssia de Cataguases (2022 a 2023).<\/p>\n<p style=\"text-align: justify;\">Foi ordenado di\u00e1cono transit\u00f3rio na festa lit\u00fargica de Nossa Senhora de Guadalupe, padroeira do semin\u00e1rio maior, no dia 12 de dezembro de 2022, na Catedral de S\u00e3o Sebasti\u00e3o, em Leopoldina (MG), por Dom Edson Oriolo. Na ocasi\u00e3o, outros dois di\u00e1conos foram ordenados: Augusto Nilo de Oliveira Vilela e Maycon Zeni Gon\u00e7alves.<\/p>\n<p style=\"text-align: justify;\">Sua ordena\u00e7\u00e3o presbiteral aconteceu no Santu\u00e1rio Santa Rita de C\u00e1ssia de Cataguases, no dia 05 de agosto de 2023, em Solene Celebra\u00e7\u00e3o Eucar\u00edstica presidida por Dom Edson Oriolo.<\/p>\n<p><em>Com informa\u00e7\u00f5es: Diocese de Leopoldina.<\/em><\/p>\n","protected":false},"excerpt":{"rendered":"<p>O novo padre de Recreio, M\u00e1rcio da Silva Nunes, ser\u00e1 entrevistado nesta quarta-feira (14), a partir de 8h, na r\u00e1dio Mundial FM 104,9.<\/p>\n","protected":false},"author":3,"featured_media":0,"comment_status":"open","ping_status":"open","sticky":false,"template":"","format":"standard","meta":[],"categories":[6],"tags":[],"yoast_head":"<!-- This site is optimized with the Yoast SEO plugin v15.6.2 - https:\/\/yoast.com\/wordpress\/plugins\/seo\/ -->\n<meta name=\"robots\" content=\"index, follow, max-snippet:-1, max-image-preview:large, max-video-preview:-1\" \/>\n<link rel=\"canonical\" href=\"http:\/\/www.polisrecreio.com.br\/site\/2026\/01\/13\/novo-padre-de-recreio-sera-entrevistado-nesta-quarta-feira-na-radio-mundial\/\" \/>\n<meta property=\"og:locale\" content=\"pt_BR\" \/>\n<meta property=\"og:type\" content=\"article\" \/>\n<meta property=\"og:title\" content=\"Novo padre de Recreio ser\u00e1 entrevistado nesta quarta-feira na r\u00e1dio Mundial - P\u00f3lis Recreio\" \/>\n<meta property=\"og:description\" content=\"O novo padre de Recreio, M\u00e1rcio da Silva Nunes, ser\u00e1 entrevistado nesta quarta-feira (14), a partir de 8h, na r\u00e1dio Mundial FM 104,9.\" \/>\n<meta property=\"og:url\" content=\"http:\/\/www.polisrecreio.com.br\/site\/2026\/01\/13\/novo-padre-de-recreio-sera-entrevistado-nesta-quarta-feira-na-radio-mundial\/\" \/>\n<meta property=\"og:site_name\" content=\"P\u00f3lis Recreio\" \/>\n<meta property=\"article:publisher\" content=\"https:\/\/www.facebook.com\/Site-P%c3%b3lis-Recreio-MG-181941708571019\/\" \/>\n<meta property=\"article:published_time\" content=\"2026-01-13T17:10:46+00:00\" \/>\n<meta property=\"article:modified_time\" content=\"2026-01-13T17:10:59+00:00\" \/>\n<meta property=\"og:image\" content=\"http:\/\/www.polisrecreio.com.br\/site\/wp-content\/uploads\/2026\/01\/IMG_6718.jpg\" \/>\n<meta name=\"twitter:card\" content=\"summary_large_image\" \/>\n<meta name=\"twitter:creator\" content=\"@PolisRecreio\" \/>\n<meta name=\"twitter:site\" content=\"@PolisRecreio\" \/>\n<meta name=\"twitter:label1\" content=\"Est. reading time\">\n\t<meta name=\"twitter:data1\" content=\"2 minutos\">\n<script type=\"application\/ld+json\" class=\"yoast-schema-graph\">{\"@context\":\"https:\/\/schema.org\",\"@graph\":[{\"@type\":\"WebSite\",\"@id\":\"https:\/\/www.polisrecreio.com.br\/site\/#website\",\"url\":\"https:\/\/www.polisrecreio.com.br\/site\/\",\"name\":\"P\\u00f3lis Recreio\",\"description\":\"\",\"potentialAction\":[{\"@type\":\"SearchAction\",\"target\":\"https:\/\/www.polisrecreio.com.br\/site\/?s={search_term_string}\",\"query-input\":\"required name=search_term_string\"}],\"inLanguage\":\"pt-BR\"},{\"@type\":\"ImageObject\",\"@id\":\"http:\/\/www.polisrecreio.com.br\/site\/2026\/01\/13\/novo-padre-de-recreio-sera-entrevistado-nesta-quarta-feira-na-radio-mundial\/#primaryimage\",\"inLanguage\":\"pt-BR\",\"url\":\"http:\/\/www.polisrecreio.com.br\/site\/wp-content\/uploads\/2026\/01\/IMG_6718.jpg\"},{\"@type\":\"WebPage\",\"@id\":\"http:\/\/www.polisrecreio.com.br\/site\/2026\/01\/13\/novo-padre-de-recreio-sera-entrevistado-nesta-quarta-feira-na-radio-mundial\/#webpage\",\"url\":\"http:\/\/www.polisrecreio.com.br\/site\/2026\/01\/13\/novo-padre-de-recreio-sera-entrevistado-nesta-quarta-feira-na-radio-mundial\/\",\"name\":\"Novo padre de Recreio ser\\u00e1 entrevistado nesta quarta-feira na r\\u00e1dio Mundial - P\\u00f3lis Recreio\",\"isPartOf\":{\"@id\":\"https:\/\/www.polisrecreio.com.br\/site\/#website\"},\"primaryImageOfPage\":{\"@id\":\"http:\/\/www.polisrecreio.com.br\/site\/2026\/01\/13\/novo-padre-de-recreio-sera-entrevistado-nesta-quarta-feira-na-radio-mundial\/#primaryimage\"},\"datePublished\":\"2026-01-13T17:10:46+00:00\",\"dateModified\":\"2026-01-13T17:10:59+00:00\",\"author\":{\"@id\":\"https:\/\/www.polisrecreio.com.br\/site\/#\/schema\/person\/3363c1c78e1e28e1329d97adb387638e\"},\"inLanguage\":\"pt-BR\",\"potentialAction\":[{\"@type\":\"ReadAction\",\"target\":[\"http:\/\/www.polisrecreio.com.br\/site\/2026\/01\/13\/novo-padre-de-recreio-sera-entrevistado-nesta-quarta-feira-na-radio-mundial\/\"]}]},{\"@type\":\"Person\",\"@id\":\"https:\/\/www.polisrecreio.com.br\/site\/#\/schema\/person\/3363c1c78e1e28e1329d97adb387638e\",\"name\":\"Leonardo Ribeiro\",\"image\":{\"@type\":\"ImageObject\",\"@id\":\"https:\/\/www.polisrecreio.com.br\/site\/#personlogo\",\"inLanguage\":\"pt-BR\",\"url\":\"https:\/\/secure.gravatar.com\/avatar\/6ba92a37d621e1a83e23710251178a12?s=96&d=mm&r=g\",\"caption\":\"Leonardo Ribeiro\"},\"sameAs\":[\"http:\/\/www.polisrecreio.com.br\"]}]}<\/script>\n<!-- \/ Yoast SEO plugin. -->","_links":{"self":[{"href":"https:\/\/www.polisrecreio.com.br\/site\/wp-json\/wp\/v2\/posts\/28416"}],"collection":[{"href":"https:\/\/www.polisrecreio.com.br\/site\/wp-json\/wp\/v2\/posts"}],"about":[{"href":"https:\/\/www.polisrecreio.com.br\/site\/wp-json\/wp\/v2\/types\/post"}],"author":[{"embeddable":true,"href":"https:\/\/www.polisrecreio.com.br\/site\/wp-json\/wp\/v2\/users\/3"}],"replies":[{"embeddable":true,"href":"https:\/\/www.polisrecreio.com.br\/site\/wp-json\/wp\/v2\/comments?post=28416"}],"version-history":[{"count":1,"href":"https:\/\/www.polisrecreio.com.br\/site\/wp-json\/wp\/v2\/posts\/28416\/revisions"}],"predecessor-version":[{"id":28418,"href":"https:\/\/www.polisrecreio.com.br\/site\/wp-json\/wp\/v2\/posts\/28416\/revisions\/28418"}],"wp:attachment":[{"href":"https:\/\/www.polisrecreio.com.br\/site\/wp-json\/wp\/v2\/media?parent=28416"}],"wp:term":[{"taxonomy":"category","embeddable":true,"href":"https:\/\/www.polisrecreio.com.br\/site\/wp-json\/wp\/v2\/categories?post=28416"},{"taxonomy":"post_tag","embeddable":true,"href":"https:\/\/www.polisrecreio.com.br\/site\/wp-json\/wp\/v2\/tags?post=28416"}],"curies":[{"name":"wp","href":"https:\/\/api.w.org\/{rel}","templated":true}]}}