{"id":2846,"date":"2016-09-05T12:09:50","date_gmt":"2016-09-05T15:09:50","guid":{"rendered":"http:\/\/www.polisrecreio.com.br\/site\/?p=2846"},"modified":"2016-09-05T12:14:37","modified_gmt":"2016-09-05T15:14:37","slug":"sub-17-do-recreio-e-c-vence-e-esta-a-um-empate-das-semifinais-do-regional-da-lec","status":"publish","type":"post","link":"https:\/\/www.polisrecreio.com.br\/site\/2016\/09\/05\/sub-17-do-recreio-e-c-vence-e-esta-a-um-empate-das-semifinais-do-regional-da-lec\/","title":{"rendered":"Sub-17 do Recreio E.C vence e est\u00e1 a um empate das semifinais do Regional da LEC"},"content":{"rendered":"<p style=\"text-align: justify;\">No \u00faltimo domingo (4), a garotada do sub-17 do Recreio Esporte Clube foi at\u00e9 Santana de Cataguases, venceu o Democrata por 2X0 e agora est\u00e1 a um empate das semifinais do Campeonato Regional da Liga Esportiva de Cataguases.<\/p>\n<p style=\"text-align: justify;\"><!--more--><\/p>\n<figure id=\"attachment_2474\" aria-describedby=\"caption-attachment-2474\" style=\"width: 800px\" class=\"wp-caption aligncenter\"><a href=\"http:\/\/www.polisrecreio.com.br\/site\/wp-content\/uploads\/2016\/07\/100_4221.jpg\"><img loading=\"lazy\" class=\"size-full wp-image-2474\" src=\"http:\/\/www.polisrecreio.com.br\/site\/wp-content\/uploads\/2016\/07\/100_4221.jpg\" alt=\"Recreio Esporte Clube, sub-17.\" width=\"800\" height=\"346\" srcset=\"https:\/\/www.polisrecreio.com.br\/site\/wp-content\/uploads\/2016\/07\/100_4221.jpg 800w, https:\/\/www.polisrecreio.com.br\/site\/wp-content\/uploads\/2016\/07\/100_4221-300x130.jpg 300w\" sizes=\"(max-width: 800px) 100vw, 800px\" \/><\/a><figcaption id=\"caption-attachment-2474\" class=\"wp-caption-text\">Recreio Esporte Clube, sub-17.<\/figcaption><\/figure>\n<p style=\"text-align: justify;\">Os recreienses conquistaram a vit\u00f3ria fora de casa com gols de Rhailander e Luisinho, um em cada etapa da partida. O jogo de volta ser\u00e1 s\u00e1bado (10), \u00e0s 15h, no Est\u00e1dio Euvaldo Lodi. Com um simples empate o Le\u00e3o da Zona da Mata passa para a pr\u00f3xima fase, em caso de vit\u00f3ria do Democrata a decis\u00e3o ser\u00e1 nos p\u00eanaltis.<\/p>\n<p style=\"text-align: justify;\">A dire\u00e7\u00e3o do REC aproveita para convidar todos os torcedores e os amantes do futebol para incentivar o esquadr\u00e3o alvinegro.<\/p>\n","protected":false},"excerpt":{"rendered":"<p>No \u00faltimo domingo (4), a garotada do sub-17 do Recreio Esporte Clube foi at\u00e9 Santana de Cataguases, venceu o Democrata por 2X0 e agora est\u00e1 a um empate das semifinais do Campeonato Regional da Liga Esportiva de Cataguases.<\/p>\n","protected":false},"author":3,"featured_media":2474,"comment_status":"open","ping_status":"open","sticky":false,"template":"","format":"standard","meta":[],"categories":[4],"tags":[],"yoast_head":"<!-- This site is optimized with the Yoast SEO plugin v15.6.2 - https:\/\/yoast.com\/wordpress\/plugins\/seo\/ -->\n<meta name=\"robots\" content=\"index, follow, max-snippet:-1, max-image-preview:large, max-video-preview:-1\" \/>\n<link rel=\"canonical\" href=\"https:\/\/www.polisrecreio.com.br\/site\/2016\/09\/05\/sub-17-do-recreio-e-c-vence-e-esta-a-um-empate-das-semifinais-do-regional-da-lec\/\" \/>\n<meta property=\"og:locale\" content=\"pt_BR\" \/>\n<meta property=\"og:type\" content=\"article\" \/>\n<meta property=\"og:title\" content=\"Sub-17 do Recreio E.C vence e est\u00e1 a um empate das semifinais do Regional da LEC - P\u00f3lis Recreio\" \/>\n<meta property=\"og:description\" content=\"No \u00faltimo domingo (4), a garotada do sub-17 do Recreio Esporte Clube foi at\u00e9 Santana de Cataguases, venceu o Democrata por 2X0 e agora est\u00e1 a um empate das semifinais do Campeonato Regional da Liga Esportiva de Cataguases.\" \/>\n<meta property=\"og:url\" content=\"https:\/\/www.polisrecreio.com.br\/site\/2016\/09\/05\/sub-17-do-recreio-e-c-vence-e-esta-a-um-empate-das-semifinais-do-regional-da-lec\/\" \/>\n<meta property=\"og:site_name\" content=\"P\u00f3lis Recreio\" \/>\n<meta property=\"article:publisher\" content=\"https:\/\/www.facebook.com\/Site-P%c3%b3lis-Recreio-MG-181941708571019\/\" \/>\n<meta property=\"article:published_time\" content=\"2016-09-05T15:09:50+00:00\" \/>\n<meta property=\"article:modified_time\" content=\"2016-09-05T15:14:37+00:00\" \/>\n<meta property=\"og:image\" content=\"https:\/\/www.polisrecreio.com.br\/site\/wp-content\/uploads\/2016\/07\/100_4221.jpg\" \/>\n\t<meta property=\"og:image:width\" content=\"800\" \/>\n\t<meta property=\"og:image:height\" content=\"346\" \/>\n<meta name=\"twitter:card\" content=\"summary_large_image\" \/>\n<meta name=\"twitter:creator\" content=\"@PolisRecreio\" \/>\n<meta name=\"twitter:site\" content=\"@PolisRecreio\" \/>\n<meta name=\"twitter:label1\" content=\"Est. reading time\">\n\t<meta name=\"twitter:data1\" content=\"1 minuto\">\n<script type=\"application\/ld+json\" class=\"yoast-schema-graph\">{\"@context\":\"https:\/\/schema.org\",\"@graph\":[{\"@type\":\"WebSite\",\"@id\":\"https:\/\/www.polisrecreio.com.br\/site\/#website\",\"url\":\"https:\/\/www.polisrecreio.com.br\/site\/\",\"name\":\"P\\u00f3lis Recreio\",\"description\":\"\",\"potentialAction\":[{\"@type\":\"SearchAction\",\"target\":\"https:\/\/www.polisrecreio.com.br\/site\/?s={search_term_string}\",\"query-input\":\"required name=search_term_string\"}],\"inLanguage\":\"pt-BR\"},{\"@type\":\"ImageObject\",\"@id\":\"https:\/\/www.polisrecreio.com.br\/site\/2016\/09\/05\/sub-17-do-recreio-e-c-vence-e-esta-a-um-empate-das-semifinais-do-regional-da-lec\/#primaryimage\",\"inLanguage\":\"pt-BR\",\"url\":\"https:\/\/www.polisrecreio.com.br\/site\/wp-content\/uploads\/2016\/07\/100_4221.jpg\",\"width\":800,\"height\":346,\"caption\":\"Recreio Esporte Clube, sub-17.\"},{\"@type\":\"WebPage\",\"@id\":\"https:\/\/www.polisrecreio.com.br\/site\/2016\/09\/05\/sub-17-do-recreio-e-c-vence-e-esta-a-um-empate-das-semifinais-do-regional-da-lec\/#webpage\",\"url\":\"https:\/\/www.polisrecreio.com.br\/site\/2016\/09\/05\/sub-17-do-recreio-e-c-vence-e-esta-a-um-empate-das-semifinais-do-regional-da-lec\/\",\"name\":\"Sub-17 do Recreio E.C vence e est\\u00e1 a um empate das semifinais do Regional da LEC - P\\u00f3lis Recreio\",\"isPartOf\":{\"@id\":\"https:\/\/www.polisrecreio.com.br\/site\/#website\"},\"primaryImageOfPage\":{\"@id\":\"https:\/\/www.polisrecreio.com.br\/site\/2016\/09\/05\/sub-17-do-recreio-e-c-vence-e-esta-a-um-empate-das-semifinais-do-regional-da-lec\/#primaryimage\"},\"datePublished\":\"2016-09-05T15:09:50+00:00\",\"dateModified\":\"2016-09-05T15:14:37+00:00\",\"author\":{\"@id\":\"https:\/\/www.polisrecreio.com.br\/site\/#\/schema\/person\/3363c1c78e1e28e1329d97adb387638e\"},\"inLanguage\":\"pt-BR\",\"potentialAction\":[{\"@type\":\"ReadAction\",\"target\":[\"https:\/\/www.polisrecreio.com.br\/site\/2016\/09\/05\/sub-17-do-recreio-e-c-vence-e-esta-a-um-empate-das-semifinais-do-regional-da-lec\/\"]}]},{\"@type\":\"Person\",\"@id\":\"https:\/\/www.polisrecreio.com.br\/site\/#\/schema\/person\/3363c1c78e1e28e1329d97adb387638e\",\"name\":\"Leonardo Ribeiro\",\"image\":{\"@type\":\"ImageObject\",\"@id\":\"https:\/\/www.polisrecreio.com.br\/site\/#personlogo\",\"inLanguage\":\"pt-BR\",\"url\":\"https:\/\/secure.gravatar.com\/avatar\/6ba92a37d621e1a83e23710251178a12?s=96&d=mm&r=g\",\"caption\":\"Leonardo Ribeiro\"},\"sameAs\":[\"http:\/\/www.polisrecreio.com.br\"]}]}<\/script>\n<!-- \/ Yoast SEO plugin. -->","_links":{"self":[{"href":"https:\/\/www.polisrecreio.com.br\/site\/wp-json\/wp\/v2\/posts\/2846"}],"collection":[{"href":"https:\/\/www.polisrecreio.com.br\/site\/wp-json\/wp\/v2\/posts"}],"about":[{"href":"https:\/\/www.polisrecreio.com.br\/site\/wp-json\/wp\/v2\/types\/post"}],"author":[{"embeddable":true,"href":"https:\/\/www.polisrecreio.com.br\/site\/wp-json\/wp\/v2\/users\/3"}],"replies":[{"embeddable":true,"href":"https:\/\/www.polisrecreio.com.br\/site\/wp-json\/wp\/v2\/comments?post=2846"}],"version-history":[{"count":4,"href":"https:\/\/www.polisrecreio.com.br\/site\/wp-json\/wp\/v2\/posts\/2846\/revisions"}],"predecessor-version":[{"id":2850,"href":"https:\/\/www.polisrecreio.com.br\/site\/wp-json\/wp\/v2\/posts\/2846\/revisions\/2850"}],"wp:featuredmedia":[{"embeddable":true,"href":"https:\/\/www.polisrecreio.com.br\/site\/wp-json\/wp\/v2\/media\/2474"}],"wp:attachment":[{"href":"https:\/\/www.polisrecreio.com.br\/site\/wp-json\/wp\/v2\/media?parent=2846"}],"wp:term":[{"taxonomy":"category","embeddable":true,"href":"https:\/\/www.polisrecreio.com.br\/site\/wp-json\/wp\/v2\/categories?post=2846"},{"taxonomy":"post_tag","embeddable":true,"href":"https:\/\/www.polisrecreio.com.br\/site\/wp-json\/wp\/v2\/tags?post=2846"}],"curies":[{"name":"wp","href":"https:\/\/api.w.org\/{rel}","templated":true}]}}