{"id":2851,"date":"2016-09-05T22:38:32","date_gmt":"2016-09-06T01:38:32","guid":{"rendered":"http:\/\/www.polisrecreio.com.br\/site\/?p=2851"},"modified":"2016-09-05T22:47:44","modified_gmt":"2016-09-06T01:47:44","slug":"e-e-olavo-promovera-atividades-culturais-no-dia-da-independencia","status":"publish","type":"post","link":"https:\/\/www.polisrecreio.com.br\/site\/2016\/09\/05\/e-e-olavo-promovera-atividades-culturais-no-dia-da-independencia\/","title":{"rendered":"E.E Olavo promover\u00e1 atividades culturais no Dia da Independ\u00eancia"},"content":{"rendered":"<p style=\"text-align: justify;\">Com objetivo de resgatar o esp\u00edrito nacionalista e participativo dos recreienses, a Escola Estadual Olavo Bilac estar\u00e1 promovendo uma manh\u00e3 de atividades culturais aberto \u00e0 comunidade no Dia da Independ\u00eancia do Brasil, o 7 de setembro.<\/p>\n<p style=\"text-align: justify;\"><!--more--><\/p>\n<figure id=\"attachment_1601\" aria-describedby=\"caption-attachment-1601\" style=\"width: 960px\" class=\"wp-caption aligncenter\"><a href=\"http:\/\/www.polisrecreio.com.br\/site\/wp-content\/uploads\/2016\/04\/395921_201402099958313_1753966519_n.jpg\"><img loading=\"lazy\" class=\"wp-image-1601 size-full\" src=\"http:\/\/www.polisrecreio.com.br\/site\/wp-content\/uploads\/2016\/04\/395921_201402099958313_1753966519_n.jpg\" alt=\"395921_201402099958313_1753966519_n\" width=\"960\" height=\"720\" srcset=\"https:\/\/www.polisrecreio.com.br\/site\/wp-content\/uploads\/2016\/04\/395921_201402099958313_1753966519_n.jpg 960w, https:\/\/www.polisrecreio.com.br\/site\/wp-content\/uploads\/2016\/04\/395921_201402099958313_1753966519_n-300x225.jpg 300w\" sizes=\"(max-width: 960px) 100vw, 960px\" \/><\/a><figcaption id=\"caption-attachment-1601\" class=\"wp-caption-text\">Escola Estadual Olavo Bilac.<\/figcaption><\/figure>\n<p style=\"text-align: justify;\">Segundo informa\u00e7\u00f5es do diretor da escola, Ruan Ferreira Brito, \u201cas atividades ser\u00e3o desenvolvidas no p\u00e1tio externo e todos est\u00e3o convidados para participar desta importante data para a hist\u00f3ria brasileira\u201d.<\/p>\n<p style=\"text-align: justify;\">Veja a programa\u00e7\u00e3o, a partir das 8h:<\/p>\n<p style=\"text-align: justify;\">&#8211; Abertura com Banda Marcial;<\/p>\n<p style=\"text-align: justify;\">&#8211; Apresenta\u00e7\u00e3o do Mineiro Pau \u2013 3\u00ba Ano A1;<\/p>\n<p style=\"text-align: justify;\">&#8211; Apresenta\u00e7\u00e3o de Dan\u00e7a \u201cAquarela do Brasil\u201d \u2013 3\u00ba Ano A3;<\/p>\n<p style=\"text-align: justify;\">&#8211; Declama\u00e7\u00e3o de poemas;<\/p>\n<p style=\"text-align: justify;\">&#8211; Jogral \u201cBrasil Terra Amada\u201d \u2013 9\u00ba Ano;<\/p>\n<p style=\"text-align: justify;\">&#8211; Encerramento com a Banda Marcial.<\/p>\n","protected":false},"excerpt":{"rendered":"<p>Com objetivo de resgatar o esp\u00edrito nacionalista e participativo dos recreienses, a Escola Estadual Olavo Bilac estar\u00e1 promovendo uma manh\u00e3 de atividades culturais aberto \u00e0 comunidade no Dia da Independ\u00eancia do Brasil, o 7 de setembro.<\/p>\n","protected":false},"author":3,"featured_media":1601,"comment_status":"open","ping_status":"open","sticky":false,"template":"","format":"standard","meta":[],"categories":[9],"tags":[],"yoast_head":"<!-- This site is optimized with the Yoast SEO plugin v15.6.2 - https:\/\/yoast.com\/wordpress\/plugins\/seo\/ -->\n<meta name=\"robots\" content=\"index, follow, max-snippet:-1, max-image-preview:large, max-video-preview:-1\" \/>\n<link rel=\"canonical\" href=\"https:\/\/www.polisrecreio.com.br\/site\/2016\/09\/05\/e-e-olavo-promovera-atividades-culturais-no-dia-da-independencia\/\" \/>\n<meta property=\"og:locale\" content=\"pt_BR\" \/>\n<meta property=\"og:type\" content=\"article\" \/>\n<meta property=\"og:title\" content=\"E.E Olavo promover\u00e1 atividades culturais no Dia da Independ\u00eancia - P\u00f3lis Recreio\" \/>\n<meta property=\"og:description\" content=\"Com objetivo de resgatar o esp\u00edrito nacionalista e participativo dos recreienses, a Escola Estadual Olavo Bilac estar\u00e1 promovendo uma manh\u00e3 de atividades culturais aberto \u00e0 comunidade no Dia da Independ\u00eancia do Brasil, o 7 de setembro.\" \/>\n<meta property=\"og:url\" content=\"https:\/\/www.polisrecreio.com.br\/site\/2016\/09\/05\/e-e-olavo-promovera-atividades-culturais-no-dia-da-independencia\/\" \/>\n<meta property=\"og:site_name\" content=\"P\u00f3lis Recreio\" \/>\n<meta property=\"article:publisher\" content=\"https:\/\/www.facebook.com\/Site-P%c3%b3lis-Recreio-MG-181941708571019\/\" \/>\n<meta property=\"article:published_time\" content=\"2016-09-06T01:38:32+00:00\" \/>\n<meta property=\"article:modified_time\" content=\"2016-09-06T01:47:44+00:00\" \/>\n<meta property=\"og:image\" content=\"https:\/\/www.polisrecreio.com.br\/site\/wp-content\/uploads\/2016\/04\/395921_201402099958313_1753966519_n.jpg\" \/>\n\t<meta property=\"og:image:width\" content=\"960\" \/>\n\t<meta property=\"og:image:height\" content=\"720\" \/>\n<meta name=\"twitter:card\" content=\"summary_large_image\" \/>\n<meta name=\"twitter:creator\" content=\"@PolisRecreio\" \/>\n<meta name=\"twitter:site\" content=\"@PolisRecreio\" \/>\n<meta name=\"twitter:label1\" content=\"Est. reading time\">\n\t<meta name=\"twitter:data1\" content=\"1 minuto\">\n<script type=\"application\/ld+json\" class=\"yoast-schema-graph\">{\"@context\":\"https:\/\/schema.org\",\"@graph\":[{\"@type\":\"WebSite\",\"@id\":\"https:\/\/www.polisrecreio.com.br\/site\/#website\",\"url\":\"https:\/\/www.polisrecreio.com.br\/site\/\",\"name\":\"P\\u00f3lis Recreio\",\"description\":\"\",\"potentialAction\":[{\"@type\":\"SearchAction\",\"target\":\"https:\/\/www.polisrecreio.com.br\/site\/?s={search_term_string}\",\"query-input\":\"required name=search_term_string\"}],\"inLanguage\":\"pt-BR\"},{\"@type\":\"ImageObject\",\"@id\":\"https:\/\/www.polisrecreio.com.br\/site\/2016\/09\/05\/e-e-olavo-promovera-atividades-culturais-no-dia-da-independencia\/#primaryimage\",\"inLanguage\":\"pt-BR\",\"url\":\"https:\/\/www.polisrecreio.com.br\/site\/wp-content\/uploads\/2016\/04\/395921_201402099958313_1753966519_n.jpg\",\"width\":960,\"height\":720},{\"@type\":\"WebPage\",\"@id\":\"https:\/\/www.polisrecreio.com.br\/site\/2016\/09\/05\/e-e-olavo-promovera-atividades-culturais-no-dia-da-independencia\/#webpage\",\"url\":\"https:\/\/www.polisrecreio.com.br\/site\/2016\/09\/05\/e-e-olavo-promovera-atividades-culturais-no-dia-da-independencia\/\",\"name\":\"E.E Olavo promover\\u00e1 atividades culturais no Dia da Independ\\u00eancia - P\\u00f3lis Recreio\",\"isPartOf\":{\"@id\":\"https:\/\/www.polisrecreio.com.br\/site\/#website\"},\"primaryImageOfPage\":{\"@id\":\"https:\/\/www.polisrecreio.com.br\/site\/2016\/09\/05\/e-e-olavo-promovera-atividades-culturais-no-dia-da-independencia\/#primaryimage\"},\"datePublished\":\"2016-09-06T01:38:32+00:00\",\"dateModified\":\"2016-09-06T01:47:44+00:00\",\"author\":{\"@id\":\"https:\/\/www.polisrecreio.com.br\/site\/#\/schema\/person\/3363c1c78e1e28e1329d97adb387638e\"},\"inLanguage\":\"pt-BR\",\"potentialAction\":[{\"@type\":\"ReadAction\",\"target\":[\"https:\/\/www.polisrecreio.com.br\/site\/2016\/09\/05\/e-e-olavo-promovera-atividades-culturais-no-dia-da-independencia\/\"]}]},{\"@type\":\"Person\",\"@id\":\"https:\/\/www.polisrecreio.com.br\/site\/#\/schema\/person\/3363c1c78e1e28e1329d97adb387638e\",\"name\":\"Leonardo Ribeiro\",\"image\":{\"@type\":\"ImageObject\",\"@id\":\"https:\/\/www.polisrecreio.com.br\/site\/#personlogo\",\"inLanguage\":\"pt-BR\",\"url\":\"https:\/\/secure.gravatar.com\/avatar\/6ba92a37d621e1a83e23710251178a12?s=96&d=mm&r=g\",\"caption\":\"Leonardo Ribeiro\"},\"sameAs\":[\"http:\/\/www.polisrecreio.com.br\"]}]}<\/script>\n<!-- \/ Yoast SEO plugin. -->","_links":{"self":[{"href":"https:\/\/www.polisrecreio.com.br\/site\/wp-json\/wp\/v2\/posts\/2851"}],"collection":[{"href":"https:\/\/www.polisrecreio.com.br\/site\/wp-json\/wp\/v2\/posts"}],"about":[{"href":"https:\/\/www.polisrecreio.com.br\/site\/wp-json\/wp\/v2\/types\/post"}],"author":[{"embeddable":true,"href":"https:\/\/www.polisrecreio.com.br\/site\/wp-json\/wp\/v2\/users\/3"}],"replies":[{"embeddable":true,"href":"https:\/\/www.polisrecreio.com.br\/site\/wp-json\/wp\/v2\/comments?post=2851"}],"version-history":[{"count":2,"href":"https:\/\/www.polisrecreio.com.br\/site\/wp-json\/wp\/v2\/posts\/2851\/revisions"}],"predecessor-version":[{"id":2853,"href":"https:\/\/www.polisrecreio.com.br\/site\/wp-json\/wp\/v2\/posts\/2851\/revisions\/2853"}],"wp:featuredmedia":[{"embeddable":true,"href":"https:\/\/www.polisrecreio.com.br\/site\/wp-json\/wp\/v2\/media\/1601"}],"wp:attachment":[{"href":"https:\/\/www.polisrecreio.com.br\/site\/wp-json\/wp\/v2\/media?parent=2851"}],"wp:term":[{"taxonomy":"category","embeddable":true,"href":"https:\/\/www.polisrecreio.com.br\/site\/wp-json\/wp\/v2\/categories?post=2851"},{"taxonomy":"post_tag","embeddable":true,"href":"https:\/\/www.polisrecreio.com.br\/site\/wp-json\/wp\/v2\/tags?post=2851"}],"curies":[{"name":"wp","href":"https:\/\/api.w.org\/{rel}","templated":true}]}}