{"id":28519,"date":"2026-03-06T07:47:49","date_gmt":"2026-03-06T10:47:49","guid":{"rendered":"http:\/\/www.polisrecreio.com.br\/site\/?p=28519"},"modified":"2026-03-06T07:49:42","modified_gmt":"2026-03-06T10:49:42","slug":"liga-esportiva-de-recreio-inicia-campeonato-regional-de-base-neste-sabado","status":"publish","type":"post","link":"https:\/\/www.polisrecreio.com.br\/site\/2026\/03\/06\/liga-esportiva-de-recreio-inicia-campeonato-regional-de-base-neste-sabado\/","title":{"rendered":"Liga Esportiva de Recreio inicia Campeonato Regional de base neste s\u00e1bado"},"content":{"rendered":"<p style=\"text-align: justify;\">A Liga Esportiva de Recreio (LER) vai iniciar o Campeonato Regional de categorias de base \u2013 sub-9 e sub-11 \u2013 neste s\u00e1bado (7). Oito times da regi\u00e3o est\u00e3o na competi\u00e7\u00e3o.<\/p>\n<p><!--more--><\/p>\n<figure id=\"attachment_13501\" aria-describedby=\"caption-attachment-13501\" style=\"width: 750px\" class=\"wp-caption aligncenter\"><a href=\"http:\/\/www.polisrecreio.com.br\/site\/wp-content\/uploads\/2019\/03\/DSC_0145-1.jpg\"><img loading=\"lazy\" class=\"size-full wp-image-13501\" src=\"http:\/\/www.polisrecreio.com.br\/site\/wp-content\/uploads\/2019\/03\/DSC_0145-1.jpg\" alt=\"\" width=\"750\" height=\"500\" srcset=\"https:\/\/www.polisrecreio.com.br\/site\/wp-content\/uploads\/2019\/03\/DSC_0145-1.jpg 750w, https:\/\/www.polisrecreio.com.br\/site\/wp-content\/uploads\/2019\/03\/DSC_0145-1-300x200.jpg 300w\" sizes=\"(max-width: 750px) 100vw, 750px\" \/><\/a><figcaption id=\"caption-attachment-13501\" class=\"wp-caption-text\">Foto: Arquivo.<\/figcaption><\/figure>\n<ul>\n<li style=\"text-align: justify;\">Grupo A: Ideal, Palmense, Nova Gera\u00e7\u00e3o (Pirapetinga) e Sele\u00e7\u00e3o de Santo Ant\u00f4nio do Aventureiro;<\/li>\n<li style=\"text-align: justify;\">Grupo B: Portuense (Astolfo Dutra), N\u00facleo (Santana de Cataguases), Vila Reis (Cataguases) e 15 de Novembro (Laranjal).<\/li>\n<\/ul>\n<p style=\"text-align: justify;\">Confira abaixo a tabela dos jogos da primeira rodada.<\/p>\n<p><a href=\"http:\/\/www.polisrecreio.com.br\/site\/wp-content\/uploads\/2026\/03\/WhatsApp-Image-2026-03-02-at-12.44.30.jpeg\"><img loading=\"lazy\" class=\"aligncenter size-full wp-image-28521\" src=\"http:\/\/www.polisrecreio.com.br\/site\/wp-content\/uploads\/2026\/03\/WhatsApp-Image-2026-03-02-at-12.44.30.jpeg\" alt=\"\" width=\"1024\" height=\"1280\" srcset=\"https:\/\/www.polisrecreio.com.br\/site\/wp-content\/uploads\/2026\/03\/WhatsApp-Image-2026-03-02-at-12.44.30.jpeg 1024w, https:\/\/www.polisrecreio.com.br\/site\/wp-content\/uploads\/2026\/03\/WhatsApp-Image-2026-03-02-at-12.44.30-240x300.jpeg 240w, https:\/\/www.polisrecreio.com.br\/site\/wp-content\/uploads\/2026\/03\/WhatsApp-Image-2026-03-02-at-12.44.30-819x1024.jpeg 819w, https:\/\/www.polisrecreio.com.br\/site\/wp-content\/uploads\/2026\/03\/WhatsApp-Image-2026-03-02-at-12.44.30-768x960.jpeg 768w\" sizes=\"(max-width: 1024px) 100vw, 1024px\" \/><\/a><\/p>\n<p><a href=\"http:\/\/www.polisrecreio.com.br\/site\/wp-content\/uploads\/2026\/03\/WhatsApp-Image-2026-03-02-at-12.44.39.jpeg\"><img loading=\"lazy\" class=\"aligncenter size-full wp-image-28522\" src=\"http:\/\/www.polisrecreio.com.br\/site\/wp-content\/uploads\/2026\/03\/WhatsApp-Image-2026-03-02-at-12.44.39.jpeg\" alt=\"\" width=\"1024\" height=\"1280\" srcset=\"https:\/\/www.polisrecreio.com.br\/site\/wp-content\/uploads\/2026\/03\/WhatsApp-Image-2026-03-02-at-12.44.39.jpeg 1024w, https:\/\/www.polisrecreio.com.br\/site\/wp-content\/uploads\/2026\/03\/WhatsApp-Image-2026-03-02-at-12.44.39-240x300.jpeg 240w, https:\/\/www.polisrecreio.com.br\/site\/wp-content\/uploads\/2026\/03\/WhatsApp-Image-2026-03-02-at-12.44.39-819x1024.jpeg 819w, https:\/\/www.polisrecreio.com.br\/site\/wp-content\/uploads\/2026\/03\/WhatsApp-Image-2026-03-02-at-12.44.39-768x960.jpeg 768w\" sizes=\"(max-width: 1024px) 100vw, 1024px\" \/><\/a><\/p>\n","protected":false},"excerpt":{"rendered":"<p>A Liga Esportiva de Recreio (LER) vai iniciar o Campeonato Regional de categorias de base \u2013 sub-9 e sub-11 \u2013 neste s\u00e1bado (7). Oito times da regi\u00e3o est\u00e3o na competi\u00e7\u00e3o.<\/p>\n","protected":false},"author":3,"featured_media":0,"comment_status":"open","ping_status":"open","sticky":false,"template":"","format":"standard","meta":[],"categories":[4],"tags":[],"yoast_head":"<!-- This site is optimized with the Yoast SEO plugin v15.6.2 - https:\/\/yoast.com\/wordpress\/plugins\/seo\/ -->\n<meta name=\"robots\" content=\"index, follow, max-snippet:-1, max-image-preview:large, max-video-preview:-1\" \/>\n<link rel=\"canonical\" href=\"http:\/\/www.polisrecreio.com.br\/site\/2026\/03\/06\/liga-esportiva-de-recreio-inicia-campeonato-regional-de-base-neste-sabado\/\" \/>\n<meta property=\"og:locale\" content=\"pt_BR\" \/>\n<meta property=\"og:type\" content=\"article\" \/>\n<meta property=\"og:title\" content=\"Liga Esportiva de Recreio inicia Campeonato Regional de base neste s\u00e1bado - P\u00f3lis Recreio\" \/>\n<meta property=\"og:description\" content=\"A Liga Esportiva de Recreio (LER) vai iniciar o Campeonato Regional de categorias de base \u2013 sub-9 e sub-11 \u2013 neste s\u00e1bado (7). Oito times da regi\u00e3o est\u00e3o na competi\u00e7\u00e3o.\" \/>\n<meta property=\"og:url\" content=\"http:\/\/www.polisrecreio.com.br\/site\/2026\/03\/06\/liga-esportiva-de-recreio-inicia-campeonato-regional-de-base-neste-sabado\/\" \/>\n<meta property=\"og:site_name\" content=\"P\u00f3lis Recreio\" \/>\n<meta property=\"article:publisher\" content=\"https:\/\/www.facebook.com\/Site-P%c3%b3lis-Recreio-MG-181941708571019\/\" \/>\n<meta property=\"article:published_time\" content=\"2026-03-06T10:47:49+00:00\" \/>\n<meta property=\"article:modified_time\" content=\"2026-03-06T10:49:42+00:00\" \/>\n<meta property=\"og:image\" content=\"http:\/\/www.polisrecreio.com.br\/site\/wp-content\/uploads\/2019\/03\/DSC_0145-1.jpg\" \/>\n<meta name=\"twitter:card\" content=\"summary_large_image\" \/>\n<meta name=\"twitter:creator\" content=\"@PolisRecreio\" \/>\n<meta name=\"twitter:site\" content=\"@PolisRecreio\" \/>\n<meta name=\"twitter:label1\" content=\"Est. reading time\">\n\t<meta name=\"twitter:data1\" content=\"1 minuto\">\n<script type=\"application\/ld+json\" class=\"yoast-schema-graph\">{\"@context\":\"https:\/\/schema.org\",\"@graph\":[{\"@type\":\"WebSite\",\"@id\":\"https:\/\/www.polisrecreio.com.br\/site\/#website\",\"url\":\"https:\/\/www.polisrecreio.com.br\/site\/\",\"name\":\"P\\u00f3lis Recreio\",\"description\":\"\",\"potentialAction\":[{\"@type\":\"SearchAction\",\"target\":\"https:\/\/www.polisrecreio.com.br\/site\/?s={search_term_string}\",\"query-input\":\"required name=search_term_string\"}],\"inLanguage\":\"pt-BR\"},{\"@type\":\"ImageObject\",\"@id\":\"http:\/\/www.polisrecreio.com.br\/site\/2026\/03\/06\/liga-esportiva-de-recreio-inicia-campeonato-regional-de-base-neste-sabado\/#primaryimage\",\"inLanguage\":\"pt-BR\",\"url\":\"http:\/\/www.polisrecreio.com.br\/site\/wp-content\/uploads\/2019\/03\/DSC_0145-1.jpg\"},{\"@type\":\"WebPage\",\"@id\":\"http:\/\/www.polisrecreio.com.br\/site\/2026\/03\/06\/liga-esportiva-de-recreio-inicia-campeonato-regional-de-base-neste-sabado\/#webpage\",\"url\":\"http:\/\/www.polisrecreio.com.br\/site\/2026\/03\/06\/liga-esportiva-de-recreio-inicia-campeonato-regional-de-base-neste-sabado\/\",\"name\":\"Liga Esportiva de Recreio inicia Campeonato Regional de base neste s\\u00e1bado - P\\u00f3lis Recreio\",\"isPartOf\":{\"@id\":\"https:\/\/www.polisrecreio.com.br\/site\/#website\"},\"primaryImageOfPage\":{\"@id\":\"http:\/\/www.polisrecreio.com.br\/site\/2026\/03\/06\/liga-esportiva-de-recreio-inicia-campeonato-regional-de-base-neste-sabado\/#primaryimage\"},\"datePublished\":\"2026-03-06T10:47:49+00:00\",\"dateModified\":\"2026-03-06T10:49:42+00:00\",\"author\":{\"@id\":\"https:\/\/www.polisrecreio.com.br\/site\/#\/schema\/person\/3363c1c78e1e28e1329d97adb387638e\"},\"inLanguage\":\"pt-BR\",\"potentialAction\":[{\"@type\":\"ReadAction\",\"target\":[\"http:\/\/www.polisrecreio.com.br\/site\/2026\/03\/06\/liga-esportiva-de-recreio-inicia-campeonato-regional-de-base-neste-sabado\/\"]}]},{\"@type\":\"Person\",\"@id\":\"https:\/\/www.polisrecreio.com.br\/site\/#\/schema\/person\/3363c1c78e1e28e1329d97adb387638e\",\"name\":\"Leonardo Ribeiro\",\"image\":{\"@type\":\"ImageObject\",\"@id\":\"https:\/\/www.polisrecreio.com.br\/site\/#personlogo\",\"inLanguage\":\"pt-BR\",\"url\":\"https:\/\/secure.gravatar.com\/avatar\/6ba92a37d621e1a83e23710251178a12?s=96&d=mm&r=g\",\"caption\":\"Leonardo Ribeiro\"},\"sameAs\":[\"http:\/\/www.polisrecreio.com.br\"]}]}<\/script>\n<!-- \/ Yoast SEO plugin. -->","_links":{"self":[{"href":"https:\/\/www.polisrecreio.com.br\/site\/wp-json\/wp\/v2\/posts\/28519"}],"collection":[{"href":"https:\/\/www.polisrecreio.com.br\/site\/wp-json\/wp\/v2\/posts"}],"about":[{"href":"https:\/\/www.polisrecreio.com.br\/site\/wp-json\/wp\/v2\/types\/post"}],"author":[{"embeddable":true,"href":"https:\/\/www.polisrecreio.com.br\/site\/wp-json\/wp\/v2\/users\/3"}],"replies":[{"embeddable":true,"href":"https:\/\/www.polisrecreio.com.br\/site\/wp-json\/wp\/v2\/comments?post=28519"}],"version-history":[{"count":3,"href":"https:\/\/www.polisrecreio.com.br\/site\/wp-json\/wp\/v2\/posts\/28519\/revisions"}],"predecessor-version":[{"id":28524,"href":"https:\/\/www.polisrecreio.com.br\/site\/wp-json\/wp\/v2\/posts\/28519\/revisions\/28524"}],"wp:attachment":[{"href":"https:\/\/www.polisrecreio.com.br\/site\/wp-json\/wp\/v2\/media?parent=28519"}],"wp:term":[{"taxonomy":"category","embeddable":true,"href":"https:\/\/www.polisrecreio.com.br\/site\/wp-json\/wp\/v2\/categories?post=28519"},{"taxonomy":"post_tag","embeddable":true,"href":"https:\/\/www.polisrecreio.com.br\/site\/wp-json\/wp\/v2\/tags?post=28519"}],"curies":[{"name":"wp","href":"https:\/\/api.w.org\/{rel}","templated":true}]}}