{"id":28528,"date":"2026-03-12T08:31:12","date_gmt":"2026-03-12T11:31:12","guid":{"rendered":"http:\/\/www.polisrecreio.com.br\/site\/?p=28528"},"modified":"2026-03-12T08:31:12","modified_gmt":"2026-03-12T11:31:12","slug":"dois-jooes-serao-os-guardioes-da-memoria-de-recreio-de-2026","status":"publish","type":"post","link":"https:\/\/www.polisrecreio.com.br\/site\/2026\/03\/12\/dois-jooes-serao-os-guardioes-da-memoria-de-recreio-de-2026\/","title":{"rendered":"Dois Jo\u00f5es ser\u00e3o os Guardi\u00f5es da Mem\u00f3ria de Recreio de 2026"},"content":{"rendered":"<p style=\"text-align: justify;\">Na edi\u00e7\u00e3o de 2026 do t\u00edtulo Guardi\u00e3o da Mem\u00f3ria de Recreio, institu\u00eddo pela\u00a0<a href=\"https:\/\/www.recreio.mg.gov.br\/images\/Leis\/2021\/lei1734.pdf\" target=\"_blank\" rel=\"noopener noreferrer\">Lei 1734\/2021<\/a>, uma novidade: dois Jo\u00f5es ser\u00e3o homenageados, Jo\u00e3ozinho Barbeiro e Jo\u00e3o D\u00f3lar.<\/p>\n<p><!--more--><\/p>\n<p><a href=\"http:\/\/www.polisrecreio.com.br\/site\/wp-content\/uploads\/2026\/03\/Acompanhado-1-2.jpg\"><img loading=\"lazy\" class=\"aligncenter size-full wp-image-28529\" src=\"http:\/\/www.polisrecreio.com.br\/site\/wp-content\/uploads\/2026\/03\/Acompanhado-1-2.jpg\" alt=\"\" width=\"750\" height=\"500\" srcset=\"https:\/\/www.polisrecreio.com.br\/site\/wp-content\/uploads\/2026\/03\/Acompanhado-1-2.jpg 750w, https:\/\/www.polisrecreio.com.br\/site\/wp-content\/uploads\/2026\/03\/Acompanhado-1-2-300x200.jpg 300w\" sizes=\"(max-width: 750px) 100vw, 750px\" \/><\/a><\/p>\n<p style=\"text-align: justify;\">Jo\u00e3o Luiz Pereira, o popular Jo\u00e3ozinho Barbeiro, \u00e9 um dos mais longevos barbeiros de Recreio. Jo\u00e3o Carlos Guilherme Ferreira (Jo\u00e3o D\u00f3lar) foi empres\u00e1rio, prefeito entre 1993 e 1996 e vice-prefeito do Munic\u00edpio em tr\u00eas ocasi\u00f5es.<\/p>\n<p style=\"text-align: justify;\">A solenidade de entrega do t\u00edtulo, organizada pela Prefeitura Municipal de Recreio, atrav\u00e9s da Secretaria de Cultura e Turismo, e pelo Conselho Municipal do Patrim\u00f4nio Cultural, acontecer\u00e1 dia 5 de maio, no Centro Cultural Aristides Dorigo.<\/p>\n<p><strong>Confira todos os Guardi\u00f5es<\/strong><\/p>\n<ul>\n<li>2021 \u2013 Jos\u00e9 Pessam\u00edlio \u201cI\u00e9\u201d\u00a0<em>(i.m)<\/em>\u00a0(produtor rural)<\/li>\n<li>2022 \u2013 Joaquim Donato (ceramista)<\/li>\n<li>2023 \u2013 Maria Ant\u00f4nia Pimenta \u201cToninha\u201d (zeladora da Igreja Nossa Senhora Imaculada Concei\u00e7\u00e3o)<\/li>\n<li>2024 \u2013 Alcides Finamore de Melo (produtor rural)<\/li>\n<li>2025 \u2013 Natanael Siqueira Corr\u00eaa (Didi) (produtor rural)<\/li>\n<\/ul>\n<p style=\"text-align: justify;\">\n","protected":false},"excerpt":{"rendered":"<p>Na edi\u00e7\u00e3o de 2026 do t\u00edtulo Guardi\u00e3o da Mem\u00f3ria de Recreio, institu\u00eddo pela\u00a0Lei 1734\/2021, uma novidade: dois Jo\u00f5es ser\u00e3o homenageados, Jo\u00e3ozinho Barbeiro e Jo\u00e3o D\u00f3lar.<\/p>\n","protected":false},"author":3,"featured_media":0,"comment_status":"open","ping_status":"open","sticky":false,"template":"","format":"standard","meta":[],"categories":[2],"tags":[],"yoast_head":"<!-- This site is optimized with the Yoast SEO plugin v15.6.2 - https:\/\/yoast.com\/wordpress\/plugins\/seo\/ -->\n<meta name=\"robots\" content=\"index, follow, max-snippet:-1, max-image-preview:large, max-video-preview:-1\" \/>\n<link rel=\"canonical\" href=\"http:\/\/www.polisrecreio.com.br\/site\/2026\/03\/12\/dois-jooes-serao-os-guardioes-da-memoria-de-recreio-de-2026\/\" \/>\n<meta property=\"og:locale\" content=\"pt_BR\" \/>\n<meta property=\"og:type\" content=\"article\" \/>\n<meta property=\"og:title\" content=\"Dois Jo\u00f5es ser\u00e3o os Guardi\u00f5es da Mem\u00f3ria de Recreio de 2026 - P\u00f3lis Recreio\" \/>\n<meta property=\"og:description\" content=\"Na edi\u00e7\u00e3o de 2026 do t\u00edtulo Guardi\u00e3o da Mem\u00f3ria de Recreio, institu\u00eddo pela\u00a0Lei 1734\/2021, uma novidade: dois Jo\u00f5es ser\u00e3o homenageados, Jo\u00e3ozinho Barbeiro e Jo\u00e3o D\u00f3lar.\" \/>\n<meta property=\"og:url\" content=\"http:\/\/www.polisrecreio.com.br\/site\/2026\/03\/12\/dois-jooes-serao-os-guardioes-da-memoria-de-recreio-de-2026\/\" \/>\n<meta property=\"og:site_name\" content=\"P\u00f3lis Recreio\" \/>\n<meta property=\"article:publisher\" content=\"https:\/\/www.facebook.com\/Site-P%c3%b3lis-Recreio-MG-181941708571019\/\" \/>\n<meta property=\"article:published_time\" content=\"2026-03-12T11:31:12+00:00\" \/>\n<meta property=\"og:image\" content=\"http:\/\/www.polisrecreio.com.br\/site\/wp-content\/uploads\/2026\/03\/Acompanhado-1-2.jpg\" \/>\n<meta name=\"twitter:card\" content=\"summary_large_image\" \/>\n<meta name=\"twitter:creator\" content=\"@PolisRecreio\" \/>\n<meta name=\"twitter:site\" content=\"@PolisRecreio\" \/>\n<meta name=\"twitter:label1\" content=\"Est. reading time\">\n\t<meta name=\"twitter:data1\" content=\"1 minuto\">\n<script type=\"application\/ld+json\" class=\"yoast-schema-graph\">{\"@context\":\"https:\/\/schema.org\",\"@graph\":[{\"@type\":\"WebSite\",\"@id\":\"https:\/\/www.polisrecreio.com.br\/site\/#website\",\"url\":\"https:\/\/www.polisrecreio.com.br\/site\/\",\"name\":\"P\\u00f3lis Recreio\",\"description\":\"\",\"potentialAction\":[{\"@type\":\"SearchAction\",\"target\":\"https:\/\/www.polisrecreio.com.br\/site\/?s={search_term_string}\",\"query-input\":\"required name=search_term_string\"}],\"inLanguage\":\"pt-BR\"},{\"@type\":\"ImageObject\",\"@id\":\"http:\/\/www.polisrecreio.com.br\/site\/2026\/03\/12\/dois-jooes-serao-os-guardioes-da-memoria-de-recreio-de-2026\/#primaryimage\",\"inLanguage\":\"pt-BR\",\"url\":\"http:\/\/www.polisrecreio.com.br\/site\/wp-content\/uploads\/2026\/03\/Acompanhado-1-2.jpg\"},{\"@type\":\"WebPage\",\"@id\":\"http:\/\/www.polisrecreio.com.br\/site\/2026\/03\/12\/dois-jooes-serao-os-guardioes-da-memoria-de-recreio-de-2026\/#webpage\",\"url\":\"http:\/\/www.polisrecreio.com.br\/site\/2026\/03\/12\/dois-jooes-serao-os-guardioes-da-memoria-de-recreio-de-2026\/\",\"name\":\"Dois Jo\\u00f5es ser\\u00e3o os Guardi\\u00f5es da Mem\\u00f3ria de Recreio de 2026 - P\\u00f3lis Recreio\",\"isPartOf\":{\"@id\":\"https:\/\/www.polisrecreio.com.br\/site\/#website\"},\"primaryImageOfPage\":{\"@id\":\"http:\/\/www.polisrecreio.com.br\/site\/2026\/03\/12\/dois-jooes-serao-os-guardioes-da-memoria-de-recreio-de-2026\/#primaryimage\"},\"datePublished\":\"2026-03-12T11:31:12+00:00\",\"dateModified\":\"2026-03-12T11:31:12+00:00\",\"author\":{\"@id\":\"https:\/\/www.polisrecreio.com.br\/site\/#\/schema\/person\/3363c1c78e1e28e1329d97adb387638e\"},\"inLanguage\":\"pt-BR\",\"potentialAction\":[{\"@type\":\"ReadAction\",\"target\":[\"http:\/\/www.polisrecreio.com.br\/site\/2026\/03\/12\/dois-jooes-serao-os-guardioes-da-memoria-de-recreio-de-2026\/\"]}]},{\"@type\":\"Person\",\"@id\":\"https:\/\/www.polisrecreio.com.br\/site\/#\/schema\/person\/3363c1c78e1e28e1329d97adb387638e\",\"name\":\"Leonardo Ribeiro\",\"image\":{\"@type\":\"ImageObject\",\"@id\":\"https:\/\/www.polisrecreio.com.br\/site\/#personlogo\",\"inLanguage\":\"pt-BR\",\"url\":\"https:\/\/secure.gravatar.com\/avatar\/6ba92a37d621e1a83e23710251178a12?s=96&d=mm&r=g\",\"caption\":\"Leonardo Ribeiro\"},\"sameAs\":[\"http:\/\/www.polisrecreio.com.br\"]}]}<\/script>\n<!-- \/ Yoast SEO plugin. -->","_links":{"self":[{"href":"https:\/\/www.polisrecreio.com.br\/site\/wp-json\/wp\/v2\/posts\/28528"}],"collection":[{"href":"https:\/\/www.polisrecreio.com.br\/site\/wp-json\/wp\/v2\/posts"}],"about":[{"href":"https:\/\/www.polisrecreio.com.br\/site\/wp-json\/wp\/v2\/types\/post"}],"author":[{"embeddable":true,"href":"https:\/\/www.polisrecreio.com.br\/site\/wp-json\/wp\/v2\/users\/3"}],"replies":[{"embeddable":true,"href":"https:\/\/www.polisrecreio.com.br\/site\/wp-json\/wp\/v2\/comments?post=28528"}],"version-history":[{"count":1,"href":"https:\/\/www.polisrecreio.com.br\/site\/wp-json\/wp\/v2\/posts\/28528\/revisions"}],"predecessor-version":[{"id":28530,"href":"https:\/\/www.polisrecreio.com.br\/site\/wp-json\/wp\/v2\/posts\/28528\/revisions\/28530"}],"wp:attachment":[{"href":"https:\/\/www.polisrecreio.com.br\/site\/wp-json\/wp\/v2\/media?parent=28528"}],"wp:term":[{"taxonomy":"category","embeddable":true,"href":"https:\/\/www.polisrecreio.com.br\/site\/wp-json\/wp\/v2\/categories?post=28528"},{"taxonomy":"post_tag","embeddable":true,"href":"https:\/\/www.polisrecreio.com.br\/site\/wp-json\/wp\/v2\/tags?post=28528"}],"curies":[{"name":"wp","href":"https:\/\/api.w.org\/{rel}","templated":true}]}}