{"id":2856,"date":"2016-09-08T08:55:13","date_gmt":"2016-09-08T11:55:13","guid":{"rendered":"http:\/\/www.polisrecreio.com.br\/site\/?p=2856"},"modified":"2016-09-08T16:16:57","modified_gmt":"2016-09-08T19:16:57","slug":"e-e-olavo-bilac-resgata-7-de-setembro-com-muita-cultura","status":"publish","type":"post","link":"https:\/\/www.polisrecreio.com.br\/site\/2016\/09\/08\/e-e-olavo-bilac-resgata-7-de-setembro-com-muita-cultura\/","title":{"rendered":"E.E Olavo Bilac resgata 7 de setembro com muita cultura"},"content":{"rendered":"<p style=\"text-align: justify;\">H\u00e1 anos que a cidade de Recreio carecia de solenidade do Dia da Independ\u00eancia aberta ao p\u00fablico, e em 2016 a Escola Estadual Olavo Bilac conseguiu resgatar o sentimento nacionalista e participativo do recreiense com muita cultura.<\/p>\n<p style=\"text-align: justify;\"><!--more--><\/p>\n<figure id=\"attachment_2857\" aria-describedby=\"caption-attachment-2857\" style=\"width: 800px\" class=\"wp-caption aligncenter\"><a href=\"http:\/\/www.polisrecreio.com.br\/site\/wp-content\/uploads\/2016\/09\/6.jpg\"><img loading=\"lazy\" class=\"size-full wp-image-2857\" src=\"http:\/\/www.polisrecreio.com.br\/site\/wp-content\/uploads\/2016\/09\/6.jpg\" alt=\"Apresenta\u00e7\u00e3o do Mineiro-Pau.\" width=\"800\" height=\"600\" srcset=\"https:\/\/www.polisrecreio.com.br\/site\/wp-content\/uploads\/2016\/09\/6.jpg 800w, https:\/\/www.polisrecreio.com.br\/site\/wp-content\/uploads\/2016\/09\/6-300x225.jpg 300w\" sizes=\"(max-width: 800px) 100vw, 800px\" \/><\/a><figcaption id=\"caption-attachment-2857\" class=\"wp-caption-text\">Apresenta\u00e7\u00e3o do Mineiro-Pau.<\/figcaption><\/figure>\n<p style=\"text-align: justify;\">A manh\u00e3 do dia 7 de setembro come\u00e7ou com rever\u00eancia ao Hino da Independ\u00eancia e ao Hino Nacional Brasileiro. Em seguida come\u00e7aram as apresenta\u00e7\u00f5es culturais. Primeiro, os alunos do 9\u00ba ano desenvolveram um jogral; depois, a Prof\u00aa. Marlene declamou um texto de Ruy Barbosa; e na sequ\u00eancia, o 3\u00ba ano A3 dan\u00e7ou a \u201cAquarela do Brasil\u201d. A \u00faltima apresenta\u00e7\u00e3o ficou por conta do 3\u00ba ano A1, os alunos deram um verdadeiro show com o Mineiro-Pau, arrancando aplausos de todos. Na conclus\u00e3o do evento todos desfilaram ao som do Mineiro-Pau pelas ruas da cidade.<\/p>\n<p style=\"text-align: justify;\">\u201cQuer\u00edamos agradecer a presen\u00e7a de todos neste importante dia para a hist\u00f3ria brasileira\u201d, disse o diretor da E.E Olavo Bilac, Ruan Ferreira Brito.<\/p>\n<figure id=\"attachment_2858\" aria-describedby=\"caption-attachment-2858\" style=\"width: 800px\" class=\"wp-caption aligncenter\"><a href=\"http:\/\/www.polisrecreio.com.br\/site\/wp-content\/uploads\/2016\/09\/1.jpg\"><img loading=\"lazy\" class=\"size-full wp-image-2858\" src=\"http:\/\/www.polisrecreio.com.br\/site\/wp-content\/uploads\/2016\/09\/1.jpg\" alt=\"7 de setembro da E.E Olavo Bilac.\" width=\"800\" height=\"600\" srcset=\"https:\/\/www.polisrecreio.com.br\/site\/wp-content\/uploads\/2016\/09\/1.jpg 800w, https:\/\/www.polisrecreio.com.br\/site\/wp-content\/uploads\/2016\/09\/1-300x225.jpg 300w\" sizes=\"(max-width: 800px) 100vw, 800px\" \/><\/a><figcaption id=\"caption-attachment-2858\" class=\"wp-caption-text\">7 de setembro da E.E Olavo Bilac.<\/figcaption><\/figure>\n<figure id=\"attachment_2859\" aria-describedby=\"caption-attachment-2859\" style=\"width: 800px\" class=\"wp-caption aligncenter\"><a href=\"http:\/\/www.polisrecreio.com.br\/site\/wp-content\/uploads\/2016\/09\/2.jpg\"><img loading=\"lazy\" class=\"wp-image-2859 size-full\" src=\"http:\/\/www.polisrecreio.com.br\/site\/wp-content\/uploads\/2016\/09\/2.jpg\" alt=\"2\" width=\"800\" height=\"600\" srcset=\"https:\/\/www.polisrecreio.com.br\/site\/wp-content\/uploads\/2016\/09\/2.jpg 800w, https:\/\/www.polisrecreio.com.br\/site\/wp-content\/uploads\/2016\/09\/2-300x225.jpg 300w\" sizes=\"(max-width: 800px) 100vw, 800px\" \/><\/a><figcaption id=\"caption-attachment-2859\" class=\"wp-caption-text\">7 de setembro da E.E Olavo Bilac.<\/figcaption><\/figure>\n<figure id=\"attachment_2860\" aria-describedby=\"caption-attachment-2860\" style=\"width: 800px\" class=\"wp-caption aligncenter\"><a href=\"http:\/\/www.polisrecreio.com.br\/site\/wp-content\/uploads\/2016\/09\/3.jpg\"><img loading=\"lazy\" class=\"wp-image-2860 size-full\" src=\"http:\/\/www.polisrecreio.com.br\/site\/wp-content\/uploads\/2016\/09\/3.jpg\" alt=\"3\" width=\"800\" height=\"600\" srcset=\"https:\/\/www.polisrecreio.com.br\/site\/wp-content\/uploads\/2016\/09\/3.jpg 800w, https:\/\/www.polisrecreio.com.br\/site\/wp-content\/uploads\/2016\/09\/3-300x225.jpg 300w\" sizes=\"(max-width: 800px) 100vw, 800px\" \/><\/a><figcaption id=\"caption-attachment-2860\" class=\"wp-caption-text\">7 de setembro da E.E Olavo Bilac.<\/figcaption><\/figure>\n<figure id=\"attachment_2861\" aria-describedby=\"caption-attachment-2861\" style=\"width: 800px\" class=\"wp-caption aligncenter\"><a href=\"http:\/\/www.polisrecreio.com.br\/site\/wp-content\/uploads\/2016\/09\/4.jpg\"><img loading=\"lazy\" class=\"wp-image-2861 size-full\" src=\"http:\/\/www.polisrecreio.com.br\/site\/wp-content\/uploads\/2016\/09\/4.jpg\" alt=\"4\" width=\"800\" height=\"600\" srcset=\"https:\/\/www.polisrecreio.com.br\/site\/wp-content\/uploads\/2016\/09\/4.jpg 800w, https:\/\/www.polisrecreio.com.br\/site\/wp-content\/uploads\/2016\/09\/4-300x225.jpg 300w\" sizes=\"(max-width: 800px) 100vw, 800px\" \/><\/a><figcaption id=\"caption-attachment-2861\" class=\"wp-caption-text\">7 de setembro da E.E Olavo Bilac.<\/figcaption><\/figure>\n<figure id=\"attachment_2862\" aria-describedby=\"caption-attachment-2862\" style=\"width: 800px\" class=\"wp-caption aligncenter\"><a href=\"http:\/\/www.polisrecreio.com.br\/site\/wp-content\/uploads\/2016\/09\/5.jpg\"><img loading=\"lazy\" class=\"wp-image-2862 size-full\" src=\"http:\/\/www.polisrecreio.com.br\/site\/wp-content\/uploads\/2016\/09\/5.jpg\" alt=\"5\" width=\"800\" height=\"600\" srcset=\"https:\/\/www.polisrecreio.com.br\/site\/wp-content\/uploads\/2016\/09\/5.jpg 800w, https:\/\/www.polisrecreio.com.br\/site\/wp-content\/uploads\/2016\/09\/5-300x225.jpg 300w\" sizes=\"(max-width: 800px) 100vw, 800px\" \/><\/a><figcaption id=\"caption-attachment-2862\" class=\"wp-caption-text\">7 de setembro da E.E Olavo Bilac.<\/figcaption><\/figure>\n<figure id=\"attachment_2863\" aria-describedby=\"caption-attachment-2863\" style=\"width: 800px\" class=\"wp-caption aligncenter\"><a href=\"http:\/\/www.polisrecreio.com.br\/site\/wp-content\/uploads\/2016\/09\/7.jpg\"><img loading=\"lazy\" class=\"size-full wp-image-2863\" src=\"http:\/\/www.polisrecreio.com.br\/site\/wp-content\/uploads\/2016\/09\/7.jpg\" alt=\"7 de setembro da E.E Olavo Bilac.\" width=\"800\" height=\"600\" srcset=\"https:\/\/www.polisrecreio.com.br\/site\/wp-content\/uploads\/2016\/09\/7.jpg 800w, https:\/\/www.polisrecreio.com.br\/site\/wp-content\/uploads\/2016\/09\/7-300x225.jpg 300w\" sizes=\"(max-width: 800px) 100vw, 800px\" \/><\/a><figcaption id=\"caption-attachment-2863\" class=\"wp-caption-text\">7 de setembro da E.E Olavo Bilac.<\/figcaption><\/figure>\n<figure id=\"attachment_2864\" aria-describedby=\"caption-attachment-2864\" style=\"width: 800px\" class=\"wp-caption aligncenter\"><a href=\"http:\/\/www.polisrecreio.com.br\/site\/wp-content\/uploads\/2016\/09\/8.jpg\"><img loading=\"lazy\" class=\"size-full wp-image-2864\" src=\"http:\/\/www.polisrecreio.com.br\/site\/wp-content\/uploads\/2016\/09\/8.jpg\" alt=\"7 de setembro da E.E Olavo Bilac.\" width=\"800\" height=\"600\" srcset=\"https:\/\/www.polisrecreio.com.br\/site\/wp-content\/uploads\/2016\/09\/8.jpg 800w, https:\/\/www.polisrecreio.com.br\/site\/wp-content\/uploads\/2016\/09\/8-300x225.jpg 300w\" sizes=\"(max-width: 800px) 100vw, 800px\" \/><\/a><figcaption id=\"caption-attachment-2864\" class=\"wp-caption-text\">7 de setembro da E.E Olavo Bilac.<\/figcaption><\/figure>\n<figure id=\"attachment_2865\" aria-describedby=\"caption-attachment-2865\" style=\"width: 800px\" class=\"wp-caption aligncenter\"><a href=\"http:\/\/www.polisrecreio.com.br\/site\/wp-content\/uploads\/2016\/09\/9.jpg\"><img loading=\"lazy\" class=\"size-full wp-image-2865\" src=\"http:\/\/www.polisrecreio.com.br\/site\/wp-content\/uploads\/2016\/09\/9.jpg\" alt=\"7 de setembro da E.E Olavo Bilac.\" width=\"800\" height=\"600\" srcset=\"https:\/\/www.polisrecreio.com.br\/site\/wp-content\/uploads\/2016\/09\/9.jpg 800w, https:\/\/www.polisrecreio.com.br\/site\/wp-content\/uploads\/2016\/09\/9-300x225.jpg 300w\" sizes=\"(max-width: 800px) 100vw, 800px\" \/><\/a><figcaption id=\"caption-attachment-2865\" class=\"wp-caption-text\">7 de setembro da E.E Olavo Bilac.<\/figcaption><\/figure>\n<figure id=\"attachment_2866\" aria-describedby=\"caption-attachment-2866\" style=\"width: 800px\" class=\"wp-caption aligncenter\"><a href=\"http:\/\/www.polisrecreio.com.br\/site\/wp-content\/uploads\/2016\/09\/10.jpg\"><img loading=\"lazy\" class=\"size-full wp-image-2866\" src=\"http:\/\/www.polisrecreio.com.br\/site\/wp-content\/uploads\/2016\/09\/10.jpg\" alt=\"7 de setembro da E.E Olavo Bilac.\" width=\"800\" height=\"600\" srcset=\"https:\/\/www.polisrecreio.com.br\/site\/wp-content\/uploads\/2016\/09\/10.jpg 800w, https:\/\/www.polisrecreio.com.br\/site\/wp-content\/uploads\/2016\/09\/10-300x225.jpg 300w\" sizes=\"(max-width: 800px) 100vw, 800px\" \/><\/a><figcaption id=\"caption-attachment-2866\" class=\"wp-caption-text\">7 de setembro da E.E Olavo Bilac.<\/figcaption><\/figure>\n<figure id=\"attachment_2867\" aria-describedby=\"caption-attachment-2867\" style=\"width: 800px\" class=\"wp-caption aligncenter\"><a href=\"http:\/\/www.polisrecreio.com.br\/site\/wp-content\/uploads\/2016\/09\/11.jpg\"><img loading=\"lazy\" class=\"size-full wp-image-2867\" src=\"http:\/\/www.polisrecreio.com.br\/site\/wp-content\/uploads\/2016\/09\/11.jpg\" alt=\"7 de setembro da E.E Olavo Bilac.\" width=\"800\" height=\"600\" srcset=\"https:\/\/www.polisrecreio.com.br\/site\/wp-content\/uploads\/2016\/09\/11.jpg 800w, https:\/\/www.polisrecreio.com.br\/site\/wp-content\/uploads\/2016\/09\/11-300x225.jpg 300w\" sizes=\"(max-width: 800px) 100vw, 800px\" \/><\/a><figcaption id=\"caption-attachment-2867\" class=\"wp-caption-text\">7 de setembro da E.E Olavo Bilac.<\/figcaption><\/figure>\n<figure id=\"attachment_2868\" aria-describedby=\"caption-attachment-2868\" style=\"width: 800px\" class=\"wp-caption aligncenter\"><a href=\"http:\/\/www.polisrecreio.com.br\/site\/wp-content\/uploads\/2016\/09\/12.jpg\"><img loading=\"lazy\" class=\"size-full wp-image-2868\" src=\"http:\/\/www.polisrecreio.com.br\/site\/wp-content\/uploads\/2016\/09\/12.jpg\" alt=\"7 de setembro da E.E Olavo Bilac.\" width=\"800\" height=\"600\" srcset=\"https:\/\/www.polisrecreio.com.br\/site\/wp-content\/uploads\/2016\/09\/12.jpg 800w, https:\/\/www.polisrecreio.com.br\/site\/wp-content\/uploads\/2016\/09\/12-300x225.jpg 300w\" sizes=\"(max-width: 800px) 100vw, 800px\" \/><\/a><figcaption id=\"caption-attachment-2868\" class=\"wp-caption-text\">7 de setembro da E.E Olavo Bilac.<\/figcaption><\/figure>\n<figure id=\"attachment_2869\" aria-describedby=\"caption-attachment-2869\" style=\"width: 800px\" class=\"wp-caption aligncenter\"><a href=\"http:\/\/www.polisrecreio.com.br\/site\/wp-content\/uploads\/2016\/09\/13.jpg\"><img loading=\"lazy\" class=\"size-full wp-image-2869\" src=\"http:\/\/www.polisrecreio.com.br\/site\/wp-content\/uploads\/2016\/09\/13.jpg\" alt=\"7 de setembro da E.E Olavo Bilac.\" width=\"800\" height=\"600\" srcset=\"https:\/\/www.polisrecreio.com.br\/site\/wp-content\/uploads\/2016\/09\/13.jpg 800w, https:\/\/www.polisrecreio.com.br\/site\/wp-content\/uploads\/2016\/09\/13-300x225.jpg 300w\" sizes=\"(max-width: 800px) 100vw, 800px\" \/><\/a><figcaption id=\"caption-attachment-2869\" class=\"wp-caption-text\">7 de setembro da E.E Olavo Bilac.<\/figcaption><\/figure>\n","protected":false},"excerpt":{"rendered":"<p>H\u00e1 anos que a cidade de Recreio carecia de solenidade do Dia da Independ\u00eancia aberta ao p\u00fablico, e em 2016 a Escola Estadual Olavo Bilac conseguiu resgatar o sentimento nacionalista e participativo do recreiense com muita cultura.<\/p>\n","protected":false},"author":3,"featured_media":2865,"comment_status":"open","ping_status":"open","sticky":false,"template":"","format":"standard","meta":[],"categories":[9],"tags":[],"yoast_head":"<!-- This site is optimized with the Yoast SEO plugin v15.6.2 - https:\/\/yoast.com\/wordpress\/plugins\/seo\/ -->\n<meta name=\"robots\" content=\"index, follow, max-snippet:-1, max-image-preview:large, max-video-preview:-1\" \/>\n<link rel=\"canonical\" href=\"https:\/\/www.polisrecreio.com.br\/site\/2016\/09\/08\/e-e-olavo-bilac-resgata-7-de-setembro-com-muita-cultura\/\" \/>\n<meta property=\"og:locale\" content=\"pt_BR\" \/>\n<meta property=\"og:type\" content=\"article\" \/>\n<meta property=\"og:title\" content=\"E.E Olavo Bilac resgata 7 de setembro com muita cultura - P\u00f3lis Recreio\" \/>\n<meta property=\"og:description\" content=\"H\u00e1 anos que a cidade de Recreio carecia de solenidade do Dia da Independ\u00eancia aberta ao p\u00fablico, e em 2016 a Escola Estadual Olavo Bilac conseguiu resgatar o sentimento nacionalista e participativo do recreiense com muita cultura.\" \/>\n<meta property=\"og:url\" content=\"https:\/\/www.polisrecreio.com.br\/site\/2016\/09\/08\/e-e-olavo-bilac-resgata-7-de-setembro-com-muita-cultura\/\" \/>\n<meta property=\"og:site_name\" content=\"P\u00f3lis Recreio\" \/>\n<meta property=\"article:publisher\" content=\"https:\/\/www.facebook.com\/Site-P%c3%b3lis-Recreio-MG-181941708571019\/\" \/>\n<meta property=\"article:published_time\" content=\"2016-09-08T11:55:13+00:00\" \/>\n<meta property=\"article:modified_time\" content=\"2016-09-08T19:16:57+00:00\" \/>\n<meta property=\"og:image\" content=\"https:\/\/www.polisrecreio.com.br\/site\/wp-content\/uploads\/2016\/09\/9.jpg\" \/>\n\t<meta property=\"og:image:width\" content=\"800\" \/>\n\t<meta property=\"og:image:height\" content=\"600\" \/>\n<meta name=\"twitter:card\" content=\"summary_large_image\" \/>\n<meta name=\"twitter:creator\" content=\"@PolisRecreio\" \/>\n<meta name=\"twitter:site\" content=\"@PolisRecreio\" \/>\n<meta name=\"twitter:label1\" content=\"Est. reading time\">\n\t<meta name=\"twitter:data1\" content=\"2 minutos\">\n<script type=\"application\/ld+json\" class=\"yoast-schema-graph\">{\"@context\":\"https:\/\/schema.org\",\"@graph\":[{\"@type\":\"WebSite\",\"@id\":\"https:\/\/www.polisrecreio.com.br\/site\/#website\",\"url\":\"https:\/\/www.polisrecreio.com.br\/site\/\",\"name\":\"P\\u00f3lis Recreio\",\"description\":\"\",\"potentialAction\":[{\"@type\":\"SearchAction\",\"target\":\"https:\/\/www.polisrecreio.com.br\/site\/?s={search_term_string}\",\"query-input\":\"required name=search_term_string\"}],\"inLanguage\":\"pt-BR\"},{\"@type\":\"ImageObject\",\"@id\":\"https:\/\/www.polisrecreio.com.br\/site\/2016\/09\/08\/e-e-olavo-bilac-resgata-7-de-setembro-com-muita-cultura\/#primaryimage\",\"inLanguage\":\"pt-BR\",\"url\":\"https:\/\/www.polisrecreio.com.br\/site\/wp-content\/uploads\/2016\/09\/9.jpg\",\"width\":800,\"height\":600,\"caption\":\"7 de setembro da E.E Olavo Bilac.\"},{\"@type\":\"WebPage\",\"@id\":\"https:\/\/www.polisrecreio.com.br\/site\/2016\/09\/08\/e-e-olavo-bilac-resgata-7-de-setembro-com-muita-cultura\/#webpage\",\"url\":\"https:\/\/www.polisrecreio.com.br\/site\/2016\/09\/08\/e-e-olavo-bilac-resgata-7-de-setembro-com-muita-cultura\/\",\"name\":\"E.E Olavo Bilac resgata 7 de setembro com muita cultura - P\\u00f3lis Recreio\",\"isPartOf\":{\"@id\":\"https:\/\/www.polisrecreio.com.br\/site\/#website\"},\"primaryImageOfPage\":{\"@id\":\"https:\/\/www.polisrecreio.com.br\/site\/2016\/09\/08\/e-e-olavo-bilac-resgata-7-de-setembro-com-muita-cultura\/#primaryimage\"},\"datePublished\":\"2016-09-08T11:55:13+00:00\",\"dateModified\":\"2016-09-08T19:16:57+00:00\",\"author\":{\"@id\":\"https:\/\/www.polisrecreio.com.br\/site\/#\/schema\/person\/3363c1c78e1e28e1329d97adb387638e\"},\"inLanguage\":\"pt-BR\",\"potentialAction\":[{\"@type\":\"ReadAction\",\"target\":[\"https:\/\/www.polisrecreio.com.br\/site\/2016\/09\/08\/e-e-olavo-bilac-resgata-7-de-setembro-com-muita-cultura\/\"]}]},{\"@type\":\"Person\",\"@id\":\"https:\/\/www.polisrecreio.com.br\/site\/#\/schema\/person\/3363c1c78e1e28e1329d97adb387638e\",\"name\":\"Leonardo Ribeiro\",\"image\":{\"@type\":\"ImageObject\",\"@id\":\"https:\/\/www.polisrecreio.com.br\/site\/#personlogo\",\"inLanguage\":\"pt-BR\",\"url\":\"https:\/\/secure.gravatar.com\/avatar\/6ba92a37d621e1a83e23710251178a12?s=96&d=mm&r=g\",\"caption\":\"Leonardo Ribeiro\"},\"sameAs\":[\"http:\/\/www.polisrecreio.com.br\"]}]}<\/script>\n<!-- \/ Yoast SEO plugin. -->","_links":{"self":[{"href":"https:\/\/www.polisrecreio.com.br\/site\/wp-json\/wp\/v2\/posts\/2856"}],"collection":[{"href":"https:\/\/www.polisrecreio.com.br\/site\/wp-json\/wp\/v2\/posts"}],"about":[{"href":"https:\/\/www.polisrecreio.com.br\/site\/wp-json\/wp\/v2\/types\/post"}],"author":[{"embeddable":true,"href":"https:\/\/www.polisrecreio.com.br\/site\/wp-json\/wp\/v2\/users\/3"}],"replies":[{"embeddable":true,"href":"https:\/\/www.polisrecreio.com.br\/site\/wp-json\/wp\/v2\/comments?post=2856"}],"version-history":[{"count":3,"href":"https:\/\/www.polisrecreio.com.br\/site\/wp-json\/wp\/v2\/posts\/2856\/revisions"}],"predecessor-version":[{"id":2876,"href":"https:\/\/www.polisrecreio.com.br\/site\/wp-json\/wp\/v2\/posts\/2856\/revisions\/2876"}],"wp:featuredmedia":[{"embeddable":true,"href":"https:\/\/www.polisrecreio.com.br\/site\/wp-json\/wp\/v2\/media\/2865"}],"wp:attachment":[{"href":"https:\/\/www.polisrecreio.com.br\/site\/wp-json\/wp\/v2\/media?parent=2856"}],"wp:term":[{"taxonomy":"category","embeddable":true,"href":"https:\/\/www.polisrecreio.com.br\/site\/wp-json\/wp\/v2\/categories?post=2856"},{"taxonomy":"post_tag","embeddable":true,"href":"https:\/\/www.polisrecreio.com.br\/site\/wp-json\/wp\/v2\/tags?post=2856"}],"curies":[{"name":"wp","href":"https:\/\/api.w.org\/{rel}","templated":true}]}}