{"id":28621,"date":"2026-04-29T20:45:45","date_gmt":"2026-04-29T23:45:45","guid":{"rendered":"http:\/\/www.polisrecreio.com.br\/site\/?p=28621"},"modified":"2026-04-29T20:45:45","modified_gmt":"2026-04-29T23:45:45","slug":"39a-corrida-de-santo-higino-de-recreio-sera-dia-6-de-junho","status":"publish","type":"post","link":"https:\/\/www.polisrecreio.com.br\/site\/2026\/04\/29\/39a-corrida-de-santo-higino-de-recreio-sera-dia-6-de-junho\/","title":{"rendered":"39\u00aa Corrida de Santo Higino de Recreio ser\u00e1 dia 6 de junho"},"content":{"rendered":"<p style=\"text-align: justify;\">A 39\u00aa Corrida de Santo Higino de Recreio ser\u00e1 dia 6 de junho (s\u00e1bado). O evento esportivo \u00e9 um dos mais tradicionais da regi\u00e3o com percurso r\u00fastico entre Concei\u00e7\u00e3o da Boa Vista e Recreio, a partir das 15h.<\/p>\n<p><!--more--><\/p>\n<figure id=\"attachment_28623\" aria-describedby=\"caption-attachment-28623\" style=\"width: 2048px\" class=\"wp-caption aligncenter\"><a href=\"http:\/\/www.polisrecreio.com.br\/site\/wp-content\/uploads\/2026\/04\/474732608_931621339075573_5106767190651190504_n.jpg\"><img loading=\"lazy\" class=\"wp-image-28623 size-full\" src=\"http:\/\/www.polisrecreio.com.br\/site\/wp-content\/uploads\/2026\/04\/474732608_931621339075573_5106767190651190504_n.jpg\" alt=\"\" width=\"2048\" height=\"1201\" srcset=\"https:\/\/www.polisrecreio.com.br\/site\/wp-content\/uploads\/2026\/04\/474732608_931621339075573_5106767190651190504_n.jpg 2048w, https:\/\/www.polisrecreio.com.br\/site\/wp-content\/uploads\/2026\/04\/474732608_931621339075573_5106767190651190504_n-300x176.jpg 300w, https:\/\/www.polisrecreio.com.br\/site\/wp-content\/uploads\/2026\/04\/474732608_931621339075573_5106767190651190504_n-1024x601.jpg 1024w, https:\/\/www.polisrecreio.com.br\/site\/wp-content\/uploads\/2026\/04\/474732608_931621339075573_5106767190651190504_n-768x450.jpg 768w, https:\/\/www.polisrecreio.com.br\/site\/wp-content\/uploads\/2026\/04\/474732608_931621339075573_5106767190651190504_n-1536x901.jpg 1536w\" sizes=\"(max-width: 2048px) 100vw, 2048px\" \/><\/a><figcaption id=\"caption-attachment-28623\" class=\"wp-caption-text\">Corrida. Foto: Facebook PMR.<\/figcaption><\/figure>\n<p style=\"text-align: justify;\">As principais premia\u00e7\u00f5es s\u00e3o:<\/p>\n<p style=\"text-align: justify;\">Premia\u00e7\u00e3o geral (masculino e feminino)<\/p>\n<ul>\n<li>1\u00ba &#8211; R$ 1.200<\/li>\n<li style=\"text-align: justify;\">2\u00ba &#8211; R$ 900<\/li>\n<li style=\"text-align: justify;\">3\u00ba &#8211; R$ 600<\/li>\n<\/ul>\n<p style=\"text-align: justify;\">Atletas de Recreio (masculino e feminino)<\/p>\n<ul>\n<li style=\"text-align: justify;\">1\u00ba &#8211; R$ 1.200<\/li>\n<li style=\"text-align: justify;\">2\u00ba &#8211; R$ 900<\/li>\n<li style=\"text-align: justify;\">3\u00ba &#8211; R$ 600<\/li>\n<\/ul>\n<p style=\"text-align: justify;\">Durante o dia haver\u00e1 tamb\u00e9m Corrida Kids, com trajetos dentro da cidade.<\/p>\n<p style=\"text-align: justify;\">Mais informa\u00e7\u00f5es poder\u00e3o ser obtidas com o secret\u00e1rio de Esportes, Merica: (32) 9.9922-6012.<\/p>\n<p style=\"text-align: justify;\">A Corrida \u00e9 organizada pela Secretaria Municipal de Esportes de Recreio.<\/p>\n<p><a href=\"http:\/\/www.polisrecreio.com.br\/site\/wp-content\/uploads\/2026\/04\/WhatsApp-Image-2026-04-29-at-15.41.09.jpeg\"><img loading=\"lazy\" class=\"aligncenter size-full wp-image-28622\" src=\"http:\/\/www.polisrecreio.com.br\/site\/wp-content\/uploads\/2026\/04\/WhatsApp-Image-2026-04-29-at-15.41.09.jpeg\" alt=\"\" width=\"1024\" height=\"1280\" srcset=\"https:\/\/www.polisrecreio.com.br\/site\/wp-content\/uploads\/2026\/04\/WhatsApp-Image-2026-04-29-at-15.41.09.jpeg 1024w, https:\/\/www.polisrecreio.com.br\/site\/wp-content\/uploads\/2026\/04\/WhatsApp-Image-2026-04-29-at-15.41.09-240x300.jpeg 240w, https:\/\/www.polisrecreio.com.br\/site\/wp-content\/uploads\/2026\/04\/WhatsApp-Image-2026-04-29-at-15.41.09-819x1024.jpeg 819w, https:\/\/www.polisrecreio.com.br\/site\/wp-content\/uploads\/2026\/04\/WhatsApp-Image-2026-04-29-at-15.41.09-768x960.jpeg 768w\" sizes=\"(max-width: 1024px) 100vw, 1024px\" \/><\/a><\/p>\n","protected":false},"excerpt":{"rendered":"<p>A 39\u00aa Corrida de Santo Higino de Recreio ser\u00e1 dia 6 de junho (s\u00e1bado). O evento esportivo \u00e9 um dos mais tradicionais da regi\u00e3o com percurso r\u00fastico entre Concei\u00e7\u00e3o da Boa Vista e Recreio, a partir das 15h.<\/p>\n","protected":false},"author":3,"featured_media":0,"comment_status":"open","ping_status":"open","sticky":false,"template":"","format":"standard","meta":[],"categories":[4],"tags":[],"yoast_head":"<!-- This site is optimized with the Yoast SEO plugin v15.6.2 - https:\/\/yoast.com\/wordpress\/plugins\/seo\/ -->\n<meta name=\"robots\" content=\"index, follow, max-snippet:-1, max-image-preview:large, max-video-preview:-1\" \/>\n<link rel=\"canonical\" href=\"http:\/\/www.polisrecreio.com.br\/site\/2026\/04\/29\/39a-corrida-de-santo-higino-de-recreio-sera-dia-6-de-junho\/\" \/>\n<meta property=\"og:locale\" content=\"pt_BR\" \/>\n<meta property=\"og:type\" content=\"article\" \/>\n<meta property=\"og:title\" content=\"39\u00aa Corrida de Santo Higino de Recreio ser\u00e1 dia 6 de junho - P\u00f3lis Recreio\" \/>\n<meta property=\"og:description\" content=\"A 39\u00aa Corrida de Santo Higino de Recreio ser\u00e1 dia 6 de junho (s\u00e1bado). O evento esportivo \u00e9 um dos mais tradicionais da regi\u00e3o com percurso r\u00fastico entre Concei\u00e7\u00e3o da Boa Vista e Recreio, a partir das 15h.\" \/>\n<meta property=\"og:url\" content=\"http:\/\/www.polisrecreio.com.br\/site\/2026\/04\/29\/39a-corrida-de-santo-higino-de-recreio-sera-dia-6-de-junho\/\" \/>\n<meta property=\"og:site_name\" content=\"P\u00f3lis Recreio\" \/>\n<meta property=\"article:publisher\" content=\"https:\/\/www.facebook.com\/Site-P%c3%b3lis-Recreio-MG-181941708571019\/\" \/>\n<meta property=\"article:published_time\" content=\"2026-04-29T23:45:45+00:00\" \/>\n<meta property=\"og:image\" content=\"http:\/\/www.polisrecreio.com.br\/site\/wp-content\/uploads\/2026\/04\/474732608_931621339075573_5106767190651190504_n.jpg\" \/>\n<meta name=\"twitter:card\" content=\"summary_large_image\" \/>\n<meta name=\"twitter:creator\" content=\"@PolisRecreio\" \/>\n<meta name=\"twitter:site\" content=\"@PolisRecreio\" \/>\n<meta name=\"twitter:label1\" content=\"Est. reading time\">\n\t<meta name=\"twitter:data1\" content=\"1 minuto\">\n<script type=\"application\/ld+json\" class=\"yoast-schema-graph\">{\"@context\":\"https:\/\/schema.org\",\"@graph\":[{\"@type\":\"WebSite\",\"@id\":\"https:\/\/www.polisrecreio.com.br\/site\/#website\",\"url\":\"https:\/\/www.polisrecreio.com.br\/site\/\",\"name\":\"P\\u00f3lis Recreio\",\"description\":\"\",\"potentialAction\":[{\"@type\":\"SearchAction\",\"target\":\"https:\/\/www.polisrecreio.com.br\/site\/?s={search_term_string}\",\"query-input\":\"required name=search_term_string\"}],\"inLanguage\":\"pt-BR\"},{\"@type\":\"ImageObject\",\"@id\":\"http:\/\/www.polisrecreio.com.br\/site\/2026\/04\/29\/39a-corrida-de-santo-higino-de-recreio-sera-dia-6-de-junho\/#primaryimage\",\"inLanguage\":\"pt-BR\",\"url\":\"http:\/\/www.polisrecreio.com.br\/site\/wp-content\/uploads\/2026\/04\/474732608_931621339075573_5106767190651190504_n.jpg\"},{\"@type\":\"WebPage\",\"@id\":\"http:\/\/www.polisrecreio.com.br\/site\/2026\/04\/29\/39a-corrida-de-santo-higino-de-recreio-sera-dia-6-de-junho\/#webpage\",\"url\":\"http:\/\/www.polisrecreio.com.br\/site\/2026\/04\/29\/39a-corrida-de-santo-higino-de-recreio-sera-dia-6-de-junho\/\",\"name\":\"39\\u00aa Corrida de Santo Higino de Recreio ser\\u00e1 dia 6 de junho - P\\u00f3lis Recreio\",\"isPartOf\":{\"@id\":\"https:\/\/www.polisrecreio.com.br\/site\/#website\"},\"primaryImageOfPage\":{\"@id\":\"http:\/\/www.polisrecreio.com.br\/site\/2026\/04\/29\/39a-corrida-de-santo-higino-de-recreio-sera-dia-6-de-junho\/#primaryimage\"},\"datePublished\":\"2026-04-29T23:45:45+00:00\",\"dateModified\":\"2026-04-29T23:45:45+00:00\",\"author\":{\"@id\":\"https:\/\/www.polisrecreio.com.br\/site\/#\/schema\/person\/3363c1c78e1e28e1329d97adb387638e\"},\"inLanguage\":\"pt-BR\",\"potentialAction\":[{\"@type\":\"ReadAction\",\"target\":[\"http:\/\/www.polisrecreio.com.br\/site\/2026\/04\/29\/39a-corrida-de-santo-higino-de-recreio-sera-dia-6-de-junho\/\"]}]},{\"@type\":\"Person\",\"@id\":\"https:\/\/www.polisrecreio.com.br\/site\/#\/schema\/person\/3363c1c78e1e28e1329d97adb387638e\",\"name\":\"Leonardo Ribeiro\",\"image\":{\"@type\":\"ImageObject\",\"@id\":\"https:\/\/www.polisrecreio.com.br\/site\/#personlogo\",\"inLanguage\":\"pt-BR\",\"url\":\"https:\/\/secure.gravatar.com\/avatar\/6ba92a37d621e1a83e23710251178a12?s=96&d=mm&r=g\",\"caption\":\"Leonardo Ribeiro\"},\"sameAs\":[\"http:\/\/www.polisrecreio.com.br\"]}]}<\/script>\n<!-- \/ Yoast SEO plugin. -->","_links":{"self":[{"href":"https:\/\/www.polisrecreio.com.br\/site\/wp-json\/wp\/v2\/posts\/28621"}],"collection":[{"href":"https:\/\/www.polisrecreio.com.br\/site\/wp-json\/wp\/v2\/posts"}],"about":[{"href":"https:\/\/www.polisrecreio.com.br\/site\/wp-json\/wp\/v2\/types\/post"}],"author":[{"embeddable":true,"href":"https:\/\/www.polisrecreio.com.br\/site\/wp-json\/wp\/v2\/users\/3"}],"replies":[{"embeddable":true,"href":"https:\/\/www.polisrecreio.com.br\/site\/wp-json\/wp\/v2\/comments?post=28621"}],"version-history":[{"count":1,"href":"https:\/\/www.polisrecreio.com.br\/site\/wp-json\/wp\/v2\/posts\/28621\/revisions"}],"predecessor-version":[{"id":28624,"href":"https:\/\/www.polisrecreio.com.br\/site\/wp-json\/wp\/v2\/posts\/28621\/revisions\/28624"}],"wp:attachment":[{"href":"https:\/\/www.polisrecreio.com.br\/site\/wp-json\/wp\/v2\/media?parent=28621"}],"wp:term":[{"taxonomy":"category","embeddable":true,"href":"https:\/\/www.polisrecreio.com.br\/site\/wp-json\/wp\/v2\/categories?post=28621"},{"taxonomy":"post_tag","embeddable":true,"href":"https:\/\/www.polisrecreio.com.br\/site\/wp-json\/wp\/v2\/tags?post=28621"}],"curies":[{"name":"wp","href":"https:\/\/api.w.org\/{rel}","templated":true}]}}